{"id":6424,"date":"2018-01-08T19:11:39","date_gmt":"2018-01-08T18:11:39","guid":{"rendered":"https:\/\/www.weiterbildungsmarkt.net\/news\/?p=6424"},"modified":"2018-01-08T19:11:39","modified_gmt":"2018-01-08T18:11:39","slug":"wann-und-warum-dehnt-sich-die-zeit-rast-vorbei-oder-steht-still","status":"publish","type":"post","link":"https:\/\/www.weiterbildungsmarkt.net\/news\/wann-und-warum-dehnt-sich-die-zeit-rast-vorbei-oder-steht-still-6424\/","title":{"rendered":"Wann und warum dehnt sich die Zeit, rast vorbei oder steht still?"},"content":{"rendered":"<p>ZEITGEF\u00dcHL: Wann und warum dehnt sich die Zeit, rast vorbei oder steht still? \u00dcber das R\u00e4tsel des subjektiven Zeitempfindens und die Uneindeutigkeit der Zeit.<\/p>\n<p>Gast: Franz J. Schweifer &#8211; Zeitforscher, FH-Lektor, Managementtrainer und Coach, stellvertretender Vorsitzender des Vereins zur Verz\u00f6gerung der Zeit. Moderation: Kristin Gruber.<\/p>\n<p>ORF-Radio \u00d61 &#8211; Punkt eins &#8211; 27.12.2017 &#8211; 13:00 Details unter. <a href=\"http:\/\/oe1.orf.at\/programm\/20171227\/500508\" rel=\"noopener nofollow\" target=\"_blank\" class=\"external external_icon\">http:\/\/oe1.orf.at\/programm\/20171227\/500508<\/a><\/p>\n<p>Die Zeit kann sich dehnen, still stehen, rasen. Bei einem Unfall kann es sein, dass wir alles wie in Zeitlupe wahrnehmen, im Zustand des Flows h\u00f6rt die Zeit scheinbar auf zu existieren und im Laufe des Lebens bekommen Menschen das Gef\u00fchl, die Jahre w\u00fcrden immer schneller vergehen. Was hat es mit dem subjektiven Zeitempfinden auf sich? Worin liegt es begr\u00fcndet? Weder Hirnforscher noch Philosophen, auch nicht Chronomediziner oder Biopsychologen konnten diesem Ph\u00e4nomen bis heute auf die Spur kommen.<\/p>\n<p>Franz J. Schweifer &#8211; wie er sich selbst bezeichnet &#8211; &#8222;Temposoph&#8220;, au\u00dferdem stellvertretender Vorsitzender des Vereins zur Verz\u00f6gerung der Zeit und Coach f\u00fcr Zeitmanagement, ist seit jeher fasziniert von der Uneindeutigkeit der Zeit. Sein letztes Buch &#8222;Tempo all&#8217;arrabiata&#8220; beschreibt er als Zeit-Anthologie f\u00fcr Querdenker, &#8222;Zeit &#8211; Macht &#8211; Ohnmacht&#8220; &#8211; ein anderes seiner B\u00fccher &#8211; ist das Ergebnis einer empirischen Forschungsarbeit, in der Schweifer Top-Manager und -Managerinnen interviewte und ihren Umgang mit und ihr Gef\u00fchl f\u00fcr Zeit untersuchte.<\/p>\n<p>Mit Kristin Gruber und den H\u00f6rer\/innen von Punkt eins spricht er \u00fcber das Ph\u00e4nomen des Zeitgef\u00fchls, wie es sich ver\u00e4ndert, ob es sich kontrollieren l\u00e4sst und wann es aus den Fugen ger\u00e4t.<\/p>\n<p>In welchen Situationen hat sich Ihr Zeitgef\u00fchl am Intensivsten ver\u00e4ndert? Die Redaktion freut sich \u00fcber Fragen und Gedanken zum Thema: Sie erreichen uns per Mail an punkteins(at)orf.at oder live w\u00e4hrend der Sendung unter der Telefonnummer 0800 22 69 79 &#8211; kostenlos aus ganz \u00d6sterreich.<\/p>\n<p>Buchhinweise:<\/p>\n<p>Franz J. Schweifer: Tempo all&#8217;arrabiata. Fachverlag Dr.Kovac, Hamburg 2016<\/p>\n<p>Franz J. Schweifer: Ach du liebe Zeit. Rastlos zwischen Lust und Last. Fachverlag Dr.Kovac, Hamburg 2014<\/p>\n<p>Franz J. Schweifer: Zeit &#8211; Macht &#8211; Ohnmacht, Top-ManagerInnen im rasenden Zeit-Dilemma. Fachverlag Dr.Kovac, Hamburg 2012<\/p>\n<p>[Text aus ORF-Programmvorschau: <a href=\"http:\/\/oe1.orf.at\/programm\/20171227\/500508\" rel=\"noopener nofollow\" target=\"_blank\" class=\"external external_icon\">http:\/\/oe1.orf.at\/programm\/20171227\/500508<\/a>]<\/p>\n<div class=\"shariff shariff-align-left shariff-widget-align-left\"><ul class=\"shariff-buttons theme-round orientation-horizontal buttonsize-medium\"><li class=\"shariff-button facebook shariff-nocustomcolor\" style=\"background-color:#4273c8\"><a href=\"https:\/\/www.facebook.com\/sharer\/sharer.php?u=https%3A%2F%2Fwww.weiterbildungsmarkt.net%2Fnews%2Fwann-und-warum-dehnt-sich-die-zeit-rast-vorbei-oder-steht-still-6424%2F\" title=\"Bei Facebook teilen\" aria-label=\"Bei Facebook teilen\" role=\"button\" rel=\"nofollow\" class=\"shariff-link external external_icon\" style=\"; background-color:#3b5998; color:#fff\" target=\"_blank\"><span class=\"shariff-icon\" style=\"\"><svg width=\"32px\" height=\"20px\" xmlns=\"http:\/\/www.w3.org\/2000\/svg\" viewBox=\"0 0 18 32\"><path fill=\"#3b5998\" d=\"M17.1 0.2v4.7h-2.8q-1.5 0-2.1 0.6t-0.5 1.9v3.4h5.2l-0.7 5.3h-4.5v13.6h-5.5v-13.6h-4.5v-5.3h4.5v-3.9q0-3.3 1.9-5.2t5-1.8q2.6 0 4.1 0.2z\"\/><\/svg><\/span><\/a><\/li><li class=\"shariff-button twitter shariff-nocustomcolor\" style=\"background-color:#595959\"><a href=\"https:\/\/twitter.com\/share?url=https%3A%2F%2Fwww.weiterbildungsmarkt.net%2Fnews%2Fwann-und-warum-dehnt-sich-die-zeit-rast-vorbei-oder-steht-still-6424%2F&text=Wann%20und%20warum%20dehnt%20sich%20die%20Zeit%2C%20rast%20vorbei%20oder%20steht%20still%3F\" title=\"Bei X teilen\" aria-label=\"Bei X teilen\" role=\"button\" rel=\"noopener nofollow\" class=\"shariff-link\" style=\"; background-color:#000; color:#fff\" target=\"_blank\"><span class=\"shariff-icon\" style=\"\"><svg width=\"32px\" height=\"20px\" xmlns=\"http:\/\/www.w3.org\/2000\/svg\" viewBox=\"0 0 24 24\"><path fill=\"#000\" d=\"M14.258 10.152L23.176 0h-2.113l-7.747 8.813L7.133 0H0l9.352 13.328L0 23.973h2.113l8.176-9.309 6.531 9.309h7.133zm-2.895 3.293l-.949-1.328L2.875 1.56h3.246l6.086 8.523.945 1.328 7.91 11.078h-3.246zm0 0\"\/><\/svg><\/span><\/a><\/li><li class=\"shariff-button xing shariff-nocustomcolor\" style=\"background-color:#29888a\"><a href=\"https:\/\/www.xing.com\/spi\/shares\/new?url=https%3A%2F%2Fwww.weiterbildungsmarkt.net%2Fnews%2Fwann-und-warum-dehnt-sich-die-zeit-rast-vorbei-oder-steht-still-6424%2F\" title=\"Bei XING teilen\" aria-label=\"Bei XING teilen\" role=\"button\" rel=\"noopener nofollow\" class=\"shariff-link external external_icon\" style=\"; background-color:#126567; color:#fff\" target=\"_blank\"><span class=\"shariff-icon\" style=\"\"><svg width=\"32px\" height=\"20px\" xmlns=\"http:\/\/www.w3.org\/2000\/svg\" viewBox=\"0 0 25 32\"><path fill=\"#126567\" d=\"M10.7 11.9q-0.2 0.3-4.6 8.2-0.5 0.8-1.2 0.8h-4.3q-0.4 0-0.5-0.3t0-0.6l4.5-8q0 0 0 0l-2.9-5q-0.2-0.4 0-0.7 0.2-0.3 0.5-0.3h4.3q0.7 0 1.2 0.8zM25.1 0.4q0.2 0.3 0 0.7l-9.4 16.7 6 11q0.2 0.4 0 0.6-0.2 0.3-0.6 0.3h-4.3q-0.7 0-1.2-0.8l-6-11.1q0.3-0.6 9.5-16.8 0.4-0.8 1.2-0.8h4.3q0.4 0 0.5 0.3z\"\/><\/svg><\/span><\/a><\/li><li class=\"shariff-button linkedin shariff-nocustomcolor\" style=\"background-color:#1488bf\"><a href=\"https:\/\/www.linkedin.com\/sharing\/share-offsite\/?url=https%3A%2F%2Fwww.weiterbildungsmarkt.net%2Fnews%2Fwann-und-warum-dehnt-sich-die-zeit-rast-vorbei-oder-steht-still-6424%2F\" title=\"Bei LinkedIn teilen\" aria-label=\"Bei LinkedIn teilen\" role=\"button\" rel=\"noopener nofollow\" class=\"shariff-link external external_icon\" style=\"; background-color:#0077b5; color:#fff\" target=\"_blank\"><span class=\"shariff-icon\" style=\"\"><svg width=\"32px\" height=\"20px\" xmlns=\"http:\/\/www.w3.org\/2000\/svg\" viewBox=\"0 0 27 32\"><path fill=\"#0077b5\" d=\"M6.2 11.2v17.7h-5.9v-17.7h5.9zM6.6 5.7q0 1.3-0.9 2.2t-2.4 0.9h0q-1.5 0-2.4-0.9t-0.9-2.2 0.9-2.2 2.4-0.9 2.4 0.9 0.9 2.2zM27.4 18.7v10.1h-5.9v-9.5q0-1.9-0.7-2.9t-2.3-1.1q-1.1 0-1.9 0.6t-1.2 1.5q-0.2 0.5-0.2 1.4v9.9h-5.9q0-7.1 0-11.6t0-5.3l0-0.9h5.9v2.6h0q0.4-0.6 0.7-1t1-0.9 1.6-0.8 2-0.3q3 0 4.9 2t1.9 6z\"\/><\/svg><\/span><\/a><\/li><li class=\"shariff-button whatsapp shariff-nocustomcolor\" style=\"background-color:#5cbe4a\"><a href=\"https:\/\/api.whatsapp.com\/send?text=https%3A%2F%2Fwww.weiterbildungsmarkt.net%2Fnews%2Fwann-und-warum-dehnt-sich-die-zeit-rast-vorbei-oder-steht-still-6424%2F%20Wann%20und%20warum%20dehnt%20sich%20die%20Zeit%2C%20rast%20vorbei%20oder%20steht%20still%3F\" title=\"Bei Whatsapp teilen\" aria-label=\"Bei Whatsapp teilen\" role=\"button\" rel=\"noopener nofollow\" class=\"shariff-link external external_icon\" style=\"; background-color:#34af23; color:#fff\" target=\"_blank\"><span class=\"shariff-icon\" style=\"\"><svg width=\"32px\" height=\"20px\" xmlns=\"http:\/\/www.w3.org\/2000\/svg\" viewBox=\"0 0 32 32\"><path fill=\"#34af23\" d=\"M17.6 17.4q0.2 0 1.7 0.8t1.6 0.9q0 0.1 0 0.3 0 0.6-0.3 1.4-0.3 0.7-1.3 1.2t-1.8 0.5q-1 0-3.4-1.1-1.7-0.8-3-2.1t-2.6-3.3q-1.3-1.9-1.3-3.5v-0.1q0.1-1.6 1.3-2.8 0.4-0.4 0.9-0.4 0.1 0 0.3 0t0.3 0q0.3 0 0.5 0.1t0.3 0.5q0.1 0.4 0.6 1.6t0.4 1.3q0 0.4-0.6 1t-0.6 0.8q0 0.1 0.1 0.3 0.6 1.3 1.8 2.4 1 0.9 2.7 1.8 0.2 0.1 0.4 0.1 0.3 0 1-0.9t0.9-0.9zM14 26.9q2.3 0 4.3-0.9t3.6-2.4 2.4-3.6 0.9-4.3-0.9-4.3-2.4-3.6-3.6-2.4-4.3-0.9-4.3 0.9-3.6 2.4-2.4 3.6-0.9 4.3q0 3.6 2.1 6.6l-1.4 4.2 4.3-1.4q2.8 1.9 6.2 1.9zM14 2.2q2.7 0 5.2 1.1t4.3 2.9 2.9 4.3 1.1 5.2-1.1 5.2-2.9 4.3-4.3 2.9-5.2 1.1q-3.5 0-6.5-1.7l-7.4 2.4 2.4-7.2q-1.9-3.2-1.9-6.9 0-2.7 1.1-5.2t2.9-4.3 4.3-2.9 5.2-1.1z\"\/><\/svg><\/span><\/a><\/li><li class=\"shariff-button pinterest shariff-nocustomcolor\" style=\"background-color:#e70f18\"><a href=\"https:\/\/www.pinterest.com\/pin\/create\/link\/?url=https%3A%2F%2Fwww.weiterbildungsmarkt.net%2Fnews%2Fwann-und-warum-dehnt-sich-die-zeit-rast-vorbei-oder-steht-still-6424%2F&media=https%3A%2F%2Fwww.weiterbildungsmarkt.net%2Fnews%2Fwp-content%2Fuploads%2F2015%2F02%2FPresseFoto_-FJSchweifer.jpg&description=Wann%20und%20warum%20dehnt%20sich%20die%20Zeit%2C%20rast%20vorbei%20oder%20steht%20still%3F\" title=\"Bei Pinterest pinnen\" aria-label=\"Bei Pinterest pinnen\" role=\"button\" rel=\"noopener nofollow\" class=\"shariff-link\" style=\"; background-color:#cb2027; color:#fff\" target=\"_blank\"><span class=\"shariff-icon\" style=\"\"><svg width=\"32px\" height=\"20px\" xmlns=\"http:\/\/www.w3.org\/2000\/svg\" viewBox=\"0 0 27 32\"><path fill=\"#cb2027\" d=\"M27.4 16q0 3.7-1.8 6.9t-5 5-6.9 1.9q-2 0-3.9-0.6 1.1-1.7 1.4-2.9 0.2-0.6 1-3.8 0.4 0.7 1.3 1.2t2 0.5q2.1 0 3.8-1.2t2.7-3.4 0.9-4.8q0-2-1.1-3.8t-3.1-2.9-4.5-1.2q-1.9 0-3.5 0.5t-2.8 1.4-2 2-1.2 2.3-0.4 2.4q0 1.9 0.7 3.3t2.1 2q0.5 0.2 0.7-0.4 0-0.1 0.1-0.5t0.2-0.5q0.1-0.4-0.2-0.8-0.9-1.1-0.9-2.7 0-2.7 1.9-4.6t4.9-2q2.7 0 4.2 1.5t1.5 3.8q0 3-1.2 5.2t-3.1 2.1q-1.1 0-1.7-0.8t-0.4-1.9q0.1-0.6 0.5-1.7t0.5-1.8 0.2-1.4q0-0.9-0.5-1.5t-1.4-0.6q-1.1 0-1.9 1t-0.8 2.6q0 1.3 0.4 2.2l-1.8 7.5q-0.3 1.2-0.2 3.2-3.7-1.6-6-5t-2.3-7.6q0-3.7 1.9-6.9t5-5 6.9-1.9 6.9 1.9 5 5 1.8 6.9z\"\/><\/svg><\/span><\/a><\/li><\/ul><\/div>","protected":false},"excerpt":{"rendered":"<p>ZEITGEF\u00dcHL: Wann und warum dehnt sich die Zeit, rast vorbei oder steht still? \u00dcber das R\u00e4tsel des subjektiven Zeitempfindens und die Uneindeutigkeit der Zeit. Gast: Franz J. Schweifer &#8211; Zeitforscher, FH-Lektor, Managementtrainer und Coach, stellvertretender Vorsitzender des Vereins zur Verz\u00f6gerung der Zeit. Moderation: Kristin Gruber. ORF-Radio \u00d61 &#8211; Punkt eins &#8211; 27.12.2017 &#8211; 13:00 Details [&hellip;]<\/p>\n","protected":false},"author":121,"featured_media":2207,"comment_status":"closed","ping_status":"closed","sticky":false,"template":"","format":"standard","meta":{"_acf_changed":false,"footnotes":""},"categories":[399,426,112,110],"tags":[455],"class_list":["post-6424","post","type-post","status-publish","format-standard","has-post-thumbnail","hentry","category-featured","category-forschung","category-neuigkeiten","category-studien","tag-zeitgefuehl"],"acf":[],"_links":{"self":[{"href":"https:\/\/www.weiterbildungsmarkt.net\/news\/wp-json\/wp\/v2\/posts\/6424","targetHints":{"allow":["GET"]}}],"collection":[{"href":"https:\/\/www.weiterbildungsmarkt.net\/news\/wp-json\/wp\/v2\/posts"}],"about":[{"href":"https:\/\/www.weiterbildungsmarkt.net\/news\/wp-json\/wp\/v2\/types\/post"}],"author":[{"embeddable":true,"href":"https:\/\/www.weiterbildungsmarkt.net\/news\/wp-json\/wp\/v2\/users\/121"}],"replies":[{"embeddable":true,"href":"https:\/\/www.weiterbildungsmarkt.net\/news\/wp-json\/wp\/v2\/comments?post=6424"}],"version-history":[{"count":1,"href":"https:\/\/www.weiterbildungsmarkt.net\/news\/wp-json\/wp\/v2\/posts\/6424\/revisions"}],"predecessor-version":[{"id":6425,"href":"https:\/\/www.weiterbildungsmarkt.net\/news\/wp-json\/wp\/v2\/posts\/6424\/revisions\/6425"}],"wp:featuredmedia":[{"embeddable":true,"href":"https:\/\/www.weiterbildungsmarkt.net\/news\/wp-json\/wp\/v2\/media\/2207"}],"wp:attachment":[{"href":"https:\/\/www.weiterbildungsmarkt.net\/news\/wp-json\/wp\/v2\/media?parent=6424"}],"wp:term":[{"taxonomy":"category","embeddable":true,"href":"https:\/\/www.weiterbildungsmarkt.net\/news\/wp-json\/wp\/v2\/categories?post=6424"},{"taxonomy":"post_tag","embeddable":true,"href":"https:\/\/www.weiterbildungsmarkt.net\/news\/wp-json\/wp\/v2\/tags?post=6424"}],"curies":[{"name":"wp","href":"https:\/\/api.w.org\/{rel}","templated":true}]}}