{"id":6756,"date":"2018-05-16T11:22:31","date_gmt":"2018-05-16T09:22:31","guid":{"rendered":"https:\/\/www.weiterbildungsmarkt.net\/news\/?p=6756"},"modified":"2025-10-30T17:00:03","modified_gmt":"2025-10-30T16:00:03","slug":"vitalitaetsrad-nominierung-beim-constantinus-award","status":"publish","type":"post","link":"https:\/\/www.weiterbildungsmarkt.net\/news\/vitalitaetsrad-nominierung-beim-constantinus-award-6756\/","title":{"rendered":"VitalitaetsRad\u00ae: Nominierung beim Constantinus Award!"},"content":{"rendered":"<h2><strong>VitalitaetsRad<\/strong>\u00ae <strong>z\u00e4hlt heuer zu den Nominierten des \u00d6sterreichischen Beratungs- und IT-Preises<\/strong><\/h2>\n<p>&nbsp;<\/p>\n<p><strong><\/strong><\/p>\n<p>&nbsp;<\/p>\n<p><strong>Die EZ-Akademie hat ihr Projekt &#8222;VitalitaetsRad<\/strong>\u00ae <strong>&#8211; noch Gesund &#8211; oder schon Vital?&#8220; in der Kategorie &#8222;Proethik und Soziale Verantwortung&#8220; eingereicht.<\/strong><\/p>\n<p>Dr. Rosa Maria Eglseer und Mag. Peter Zellermayer, Gesch\u00e4ftsf\u00fchrer der EZ-Akademie, freuen sich, am 14. Juni gemeinsam mit einem ihrer Kunden, der Gemeinde Zwentendorf a.d. Donau, in Salzburg-Bergheim auf der B\u00fchne zu stehen.<\/p>\n<p><strong>Hintergrund<\/strong><\/p>\n<p><strong>Das VitalitaetsRad\u00ae (http:\/\/www.vitalitaetsrad.at) <\/strong>ist ein Projekt der <strong>EZ-Akademie f\u00fcr Vitale Menschen. Unternehmen. Gemeinden<\/strong>. Mit diesem wissenschaftlichen Instrument werden erstmals k\u00f6rperliche, mentale, emotionale und soziale Faktoren ber\u00fccksichtigt, die Aufschluss \u00fcber den individuellen Gesundheitsstatus von Menschen, Unternehmen und Gemeinden geben.<\/p>\n<p>Ausgehend von diesem Analysetool setzt die EZ-Akademie mit ihren <strong>Vitalit\u00e4ts-Coachings<\/strong> an: f\u00fcr mehr Lebensenergie und mehr Lebensfreude im Alltag, f\u00fcr mehr Produktivit\u00e4t in Unternehmen, f\u00fcr mehr Miteinander in Gemeinden. F\u00fcr mehr VITALIT\u00c4T auf allen Ebenen!<\/p>\n<p>&nbsp;<\/p>\n<p>&nbsp;<\/p>\n<p>&nbsp;<\/p>\n<p><strong>Mehr Vitalit\u00e4t &#8211; auf pers\u00f6nlicher Ebene<\/strong><\/p>\n<p>Auf <strong>www.vitalitaetsrad.at <\/strong>kann man seinen pers\u00f6nlichen Vitalit\u00e4tsIndex\u00a9 anhand eines wissenschaftlichen Online-Tests ermitteln. Selbstverst\u00e4ndlich anonym. Und mit umfangreicher, individueller Auswertung. Man erh\u00e4lt daraufhin w\u00f6chentlich einen Vitalit\u00e4tsImpuls &#8211; wertvolle, kurze Anregungen f\u00fcr mehr Lebensenergie im Alltag &#8211; beruflich wie privat. Und das gratis!<\/p>\n<p>Wer sich mit diesen Anregungen, \u00dcbungen und Impulsen immer wieder besch\u00e4ftigt, wird bald sp\u00fcrbare Ver\u00e4nderungen feststellen. Zus\u00e4tzliche Erfolgskontrolle bietet die Wiederholung des Online-Tests: durchschnittlich lassen sich nach 3 Monaten im pers\u00f6nlichen Vitalit\u00e4tsIndex\u00a9 erkennbare Verbesserungen nachweisen.<\/p>\n<p><strong>Mehr Vitalit\u00e4t &#8211; in Unternehmen und Gemeinden<\/strong><\/p>\n<p>Die EZ-Akademie kommt in Unternehmen und Gemeinden: sei es f\u00fcr einen Vortrag, f\u00fcr ein Seminar oder einen Vitalit\u00e4ts-Tag. Vor allem aber auch f\u00fcr projektorientierte <strong>Vitalit\u00e4ts-Coachings<\/strong>.<\/p>\n<p>Kundenspezifische Bed\u00fcrfnisse und Zielvorstellungen stehen im Mittelpunkt wenn es darum geht, gemeinsam das richtige Programm zu finden. Evaluierung inbegriffen. Betriebswirtschaftliche Aspekte werden dabei genauso ber\u00fccksichtigt wie soziodemographische, in Betrieben spielen zus\u00e4tzlich Betriebsklima und Unternehmenskommunikation eine entscheidende Rolle.<\/p>\n<p>Im Beratungs- und Bildungsansatz der EZ-Akademie bedeutet das: Potentialentfaltung, Empowerment und Salutogenese f\u00fcr Menschen, Unternehmen und Gemeinden.<\/p>\n<p><strong>Vitalit\u00e4t ist mehr als nur Gesundheit<\/strong><\/p>\n<p>Ein vitales Unternehmen verzeichnet weniger Ausfallskosten, weniger Stress, mehr Produktivit\u00e4t und mehr Leistung. Eine vitale Gemeinde ist sich ihrer Potentiale im generationen\u00fcbergreifenden Miteinander bewusst: aktive B\u00fcrgerbeteiligung wird komplexe Herausforderungen, wie z.B. die demografische Entwicklung, auf eine kompetentere Weise l\u00f6sen. Weil Vitalit\u00e4t eben mehr ist als &#8222;nur&#8220; Gesundheit!<\/p>\n Mag. Peter Zellermayer unnd Dr. Rosa Maria Eglseer, Gesch\u00e4ftsf\u00fchrer der EZ-Akademie<br \/>\n<p>&nbsp;<\/p>\n<p>&nbsp;<\/p>\n<p>&nbsp;<\/p>\n<p>&nbsp;<\/p>\n<p><a href=\"mailto:is@ez-akademie.at\" target=\"_blank\" rel=\"noopener\">R\u00fcckfragen, Kontakt<\/a><\/p>\n<div class=\"shariff shariff-align-flex-start shariff-widget-align-flex-start\"><ul class=\"shariff-buttons theme-round orientation-horizontal buttonsize-medium\"><li class=\"shariff-button facebook shariff-nocustomcolor\" style=\"background-color:#4273c8\"><a href=\"https:\/\/www.facebook.com\/sharer\/sharer.php?u=https%3A%2F%2Fwww.weiterbildungsmarkt.net%2Fnews%2Fvitalitaetsrad-nominierung-beim-constantinus-award-6756%2F\" title=\"Bei Facebook teilen\" aria-label=\"Bei Facebook teilen\" role=\"button\" rel=\"nofollow\" class=\"shariff-link external external_icon\" style=\"; background-color:#3b5998; color:#fff\" target=\"_blank\"><span class=\"shariff-icon\" style=\"\"><svg width=\"32px\" height=\"20px\" xmlns=\"http:\/\/www.w3.org\/2000\/svg\" viewBox=\"0 0 18 32\"><path fill=\"#3b5998\" d=\"M17.1 0.2v4.7h-2.8q-1.5 0-2.1 0.6t-0.5 1.9v3.4h5.2l-0.7 5.3h-4.5v13.6h-5.5v-13.6h-4.5v-5.3h4.5v-3.9q0-3.3 1.9-5.2t5-1.8q2.6 0 4.1 0.2z\"\/><\/svg><\/span><\/a><\/li><li class=\"shariff-button twitter shariff-nocustomcolor\" style=\"background-color:#595959\"><a href=\"https:\/\/twitter.com\/share?url=https%3A%2F%2Fwww.weiterbildungsmarkt.net%2Fnews%2Fvitalitaetsrad-nominierung-beim-constantinus-award-6756%2F&text=VitalitaetsRad%C2%AE%3A%20Nominierung%20beim%20Constantinus%20Award%21\" title=\"Bei X teilen\" aria-label=\"Bei X teilen\" role=\"button\" rel=\"noopener nofollow\" class=\"shariff-link\" style=\"; background-color:#000; color:#fff\" target=\"_blank\"><span class=\"shariff-icon\" style=\"\"><svg width=\"32px\" height=\"20px\" xmlns=\"http:\/\/www.w3.org\/2000\/svg\" viewBox=\"0 0 24 24\"><path fill=\"#000\" d=\"M14.258 10.152L23.176 0h-2.113l-7.747 8.813L7.133 0H0l9.352 13.328L0 23.973h2.113l8.176-9.309 6.531 9.309h7.133zm-2.895 3.293l-.949-1.328L2.875 1.56h3.246l6.086 8.523.945 1.328 7.91 11.078h-3.246zm0 0\"\/><\/svg><\/span><\/a><\/li><li class=\"shariff-button xing shariff-nocustomcolor\" style=\"background-color:#29888a\"><a href=\"https:\/\/www.xing.com\/spi\/shares\/new?url=https%3A%2F%2Fwww.weiterbildungsmarkt.net%2Fnews%2Fvitalitaetsrad-nominierung-beim-constantinus-award-6756%2F\" title=\"Bei XING teilen\" aria-label=\"Bei XING teilen\" role=\"button\" rel=\"noopener nofollow\" class=\"shariff-link external external_icon\" style=\"; background-color:#126567; color:#fff\" target=\"_blank\"><span class=\"shariff-icon\" style=\"\"><svg width=\"32px\" height=\"20px\" xmlns=\"http:\/\/www.w3.org\/2000\/svg\" viewBox=\"0 0 25 32\"><path fill=\"#126567\" d=\"M10.7 11.9q-0.2 0.3-4.6 8.2-0.5 0.8-1.2 0.8h-4.3q-0.4 0-0.5-0.3t0-0.6l4.5-8q0 0 0 0l-2.9-5q-0.2-0.4 0-0.7 0.2-0.3 0.5-0.3h4.3q0.7 0 1.2 0.8zM25.1 0.4q0.2 0.3 0 0.7l-9.4 16.7 6 11q0.2 0.4 0 0.6-0.2 0.3-0.6 0.3h-4.3q-0.7 0-1.2-0.8l-6-11.1q0.3-0.6 9.5-16.8 0.4-0.8 1.2-0.8h4.3q0.4 0 0.5 0.3z\"\/><\/svg><\/span><\/a><\/li><li class=\"shariff-button linkedin shariff-nocustomcolor\" style=\"background-color:#1488bf\"><a href=\"https:\/\/www.linkedin.com\/sharing\/share-offsite\/?url=https%3A%2F%2Fwww.weiterbildungsmarkt.net%2Fnews%2Fvitalitaetsrad-nominierung-beim-constantinus-award-6756%2F\" title=\"Bei LinkedIn teilen\" aria-label=\"Bei LinkedIn teilen\" role=\"button\" rel=\"noopener nofollow\" class=\"shariff-link external external_icon\" style=\"; background-color:#0077b5; color:#fff\" target=\"_blank\"><span class=\"shariff-icon\" style=\"\"><svg width=\"32px\" height=\"20px\" xmlns=\"http:\/\/www.w3.org\/2000\/svg\" viewBox=\"0 0 27 32\"><path fill=\"#0077b5\" d=\"M6.2 11.2v17.7h-5.9v-17.7h5.9zM6.6 5.7q0 1.3-0.9 2.2t-2.4 0.9h0q-1.5 0-2.4-0.9t-0.9-2.2 0.9-2.2 2.4-0.9 2.4 0.9 0.9 2.2zM27.4 18.7v10.1h-5.9v-9.5q0-1.9-0.7-2.9t-2.3-1.1q-1.1 0-1.9 0.6t-1.2 1.5q-0.2 0.5-0.2 1.4v9.9h-5.9q0-7.1 0-11.6t0-5.3l0-0.9h5.9v2.6h0q0.4-0.6 0.7-1t1-0.9 1.6-0.8 2-0.3q3 0 4.9 2t1.9 6z\"\/><\/svg><\/span><\/a><\/li><li class=\"shariff-button whatsapp shariff-nocustomcolor\" style=\"background-color:#5cbe4a\"><a href=\"https:\/\/api.whatsapp.com\/send?text=https%3A%2F%2Fwww.weiterbildungsmarkt.net%2Fnews%2Fvitalitaetsrad-nominierung-beim-constantinus-award-6756%2F%20VitalitaetsRad%C2%AE%3A%20Nominierung%20beim%20Constantinus%20Award%21\" title=\"Bei Whatsapp teilen\" aria-label=\"Bei Whatsapp teilen\" role=\"button\" rel=\"noopener nofollow\" class=\"shariff-link external external_icon\" style=\"; background-color:#34af23; color:#fff\" target=\"_blank\"><span class=\"shariff-icon\" style=\"\"><svg width=\"32px\" height=\"20px\" xmlns=\"http:\/\/www.w3.org\/2000\/svg\" viewBox=\"0 0 32 32\"><path fill=\"#34af23\" d=\"M17.6 17.4q0.2 0 1.7 0.8t1.6 0.9q0 0.1 0 0.3 0 0.6-0.3 1.4-0.3 0.7-1.3 1.2t-1.8 0.5q-1 0-3.4-1.1-1.7-0.8-3-2.1t-2.6-3.3q-1.3-1.9-1.3-3.5v-0.1q0.1-1.6 1.3-2.8 0.4-0.4 0.9-0.4 0.1 0 0.3 0t0.3 0q0.3 0 0.5 0.1t0.3 0.5q0.1 0.4 0.6 1.6t0.4 1.3q0 0.4-0.6 1t-0.6 0.8q0 0.1 0.1 0.3 0.6 1.3 1.8 2.4 1 0.9 2.7 1.8 0.2 0.1 0.4 0.1 0.3 0 1-0.9t0.9-0.9zM14 26.9q2.3 0 4.3-0.9t3.6-2.4 2.4-3.6 0.9-4.3-0.9-4.3-2.4-3.6-3.6-2.4-4.3-0.9-4.3 0.9-3.6 2.4-2.4 3.6-0.9 4.3q0 3.6 2.1 6.6l-1.4 4.2 4.3-1.4q2.8 1.9 6.2 1.9zM14 2.2q2.7 0 5.2 1.1t4.3 2.9 2.9 4.3 1.1 5.2-1.1 5.2-2.9 4.3-4.3 2.9-5.2 1.1q-3.5 0-6.5-1.7l-7.4 2.4 2.4-7.2q-1.9-3.2-1.9-6.9 0-2.7 1.1-5.2t2.9-4.3 4.3-2.9 5.2-1.1z\"\/><\/svg><\/span><\/a><\/li><li class=\"shariff-button pinterest shariff-nocustomcolor\" style=\"background-color:#e70f18\"><a href=\"https:\/\/www.pinterest.com\/pin\/create\/link\/?url=https%3A%2F%2Fwww.weiterbildungsmarkt.net%2Fnews%2Fvitalitaetsrad-nominierung-beim-constantinus-award-6756%2F&media=https%3A%2F%2Fwww.weiterbildungsmarkt.net%2Fnews%2Fwp-content%2Fuploads%2F2019%2F11%2FPeter-Zellermayer-1.jpg&description=VitalitaetsRad%C2%AE%3A%20Nominierung%20beim%20Constantinus%20Award%21\" title=\"Bei Pinterest pinnen\" aria-label=\"Bei Pinterest pinnen\" role=\"button\" rel=\"noopener nofollow\" class=\"shariff-link\" style=\"; background-color:#cb2027; color:#fff\" target=\"_blank\"><span class=\"shariff-icon\" style=\"\"><svg width=\"32px\" height=\"20px\" xmlns=\"http:\/\/www.w3.org\/2000\/svg\" viewBox=\"0 0 27 32\"><path fill=\"#cb2027\" d=\"M27.4 16q0 3.7-1.8 6.9t-5 5-6.9 1.9q-2 0-3.9-0.6 1.1-1.7 1.4-2.9 0.2-0.6 1-3.8 0.4 0.7 1.3 1.2t2 0.5q2.1 0 3.8-1.2t2.7-3.4 0.9-4.8q0-2-1.1-3.8t-3.1-2.9-4.5-1.2q-1.9 0-3.5 0.5t-2.8 1.4-2 2-1.2 2.3-0.4 2.4q0 1.9 0.7 3.3t2.1 2q0.5 0.2 0.7-0.4 0-0.1 0.1-0.5t0.2-0.5q0.1-0.4-0.2-0.8-0.9-1.1-0.9-2.7 0-2.7 1.9-4.6t4.9-2q2.7 0 4.2 1.5t1.5 3.8q0 3-1.2 5.2t-3.1 2.1q-1.1 0-1.7-0.8t-0.4-1.9q0.1-0.6 0.5-1.7t0.5-1.8 0.2-1.4q0-0.9-0.5-1.5t-1.4-0.6q-1.1 0-1.9 1t-0.8 2.6q0 1.3 0.4 2.2l-1.8 7.5q-0.3 1.2-0.2 3.2-3.7-1.6-6-5t-2.3-7.6q0-3.7 1.9-6.9t5-5 6.9-1.9 6.9 1.9 5 5 1.8 6.9z\"\/><\/svg><\/span><\/a><\/li><\/ul><\/div>","protected":false},"excerpt":{"rendered":"<p>VitalitaetsRad\u00ae z\u00e4hlt heuer zu den Nominierten des \u00d6sterreichischen Beratungs- und IT-Preises &nbsp; &nbsp; Die EZ-Akademie hat ihr Projekt &#8222;VitalitaetsRad\u00ae &#8211; noch Gesund &#8211; oder schon Vital?&#8220; in der Kategorie &#8222;Proethik und Soziale Verantwortung&#8220; eingereicht. Dr. Rosa Maria Eglseer und Mag. Peter Zellermayer, Gesch\u00e4ftsf\u00fchrer der EZ-Akademie, freuen sich, am 14. Juni gemeinsam mit einem ihrer Kunden, [&hellip;]<\/p>\n","protected":false},"author":156,"featured_media":7698,"comment_status":"closed","ping_status":"closed","sticky":false,"template":"","format":"standard","meta":{"_acf_changed":false,"footnotes":""},"categories":[1,112],"tags":[54,472,473,474,471,470,469],"class_list":["post-6756","post","type-post","status-publish","format-standard","has-post-thumbnail","hentry","category-weiterbildung","category-neuigkeiten","tag-betriebliches-gesundheitsmanagement","tag-empowerment","tag-potentialentfaltung","tag-salutogenese","tag-vitale-gemeinden","tag-vitale-unternehmen","tag-vitalitaets-coaching"],"acf":[],"_links":{"self":[{"href":"https:\/\/www.weiterbildungsmarkt.net\/news\/wp-json\/wp\/v2\/posts\/6756","targetHints":{"allow":["GET"]}}],"collection":[{"href":"https:\/\/www.weiterbildungsmarkt.net\/news\/wp-json\/wp\/v2\/posts"}],"about":[{"href":"https:\/\/www.weiterbildungsmarkt.net\/news\/wp-json\/wp\/v2\/types\/post"}],"author":[{"embeddable":true,"href":"https:\/\/www.weiterbildungsmarkt.net\/news\/wp-json\/wp\/v2\/users\/156"}],"replies":[{"embeddable":true,"href":"https:\/\/www.weiterbildungsmarkt.net\/news\/wp-json\/wp\/v2\/comments?post=6756"}],"version-history":[{"count":15,"href":"https:\/\/www.weiterbildungsmarkt.net\/news\/wp-json\/wp\/v2\/posts\/6756\/revisions"}],"predecessor-version":[{"id":9547,"href":"https:\/\/www.weiterbildungsmarkt.net\/news\/wp-json\/wp\/v2\/posts\/6756\/revisions\/9547"}],"wp:featuredmedia":[{"embeddable":true,"href":"https:\/\/www.weiterbildungsmarkt.net\/news\/wp-json\/wp\/v2\/media\/7698"}],"wp:attachment":[{"href":"https:\/\/www.weiterbildungsmarkt.net\/news\/wp-json\/wp\/v2\/media?parent=6756"}],"wp:term":[{"taxonomy":"category","embeddable":true,"href":"https:\/\/www.weiterbildungsmarkt.net\/news\/wp-json\/wp\/v2\/categories?post=6756"},{"taxonomy":"post_tag","embeddable":true,"href":"https:\/\/www.weiterbildungsmarkt.net\/news\/wp-json\/wp\/v2\/tags?post=6756"}],"curies":[{"name":"wp","href":"https:\/\/api.w.org\/{rel}","templated":true}]}}