{"id":6822,"date":"2018-06-15T14:53:07","date_gmt":"2018-06-15T12:53:07","guid":{"rendered":"https:\/\/www.weiterbildungsmarkt.net\/news\/?p=6822"},"modified":"2025-10-30T17:00:02","modified_gmt":"2025-10-30T16:00:02","slug":"constantinus-award-2018-die-ez-akademie-darf-sich-zu-den-siegern-zaehlen","status":"publish","type":"post","link":"https:\/\/www.weiterbildungsmarkt.net\/news\/constantinus-award-2018-die-ez-akademie-darf-sich-zu-den-siegern-zaehlen-6822\/","title":{"rendered":"Constantinus Award 2018: die EZ-Akademie darf sich zu den Siegern z\u00e4hlen!"},"content":{"rendered":"<p><strong>Die EZ-Akademie hat in der Kategorie &#8222;Pro Ethik und Soziale Verantwortung&#8220; den 2. Platz erreicht.<\/strong><\/p>\n<p><strong>Wer aktuell davon am meisten profitiert, ist die Marktgemeinde Zwentendorf an der Donau. Mit der EZ-Akademie wird die Gemeinde Zwentendorf zur &#8222;Vitalen Gemeinde Zwentendorf&#8220;. Eine vitale Gemeinschaft, mit mehr Miteinander, generationen\u00fcbergreifend. Mit individuell und gemeinschaftlich gelebter Lebensenergie und Lebensfreude. Denn das Potential daf\u00fcr tragen alle Menschen in sich. Nur: wie leicht ist es, dieses Potential ohne professionelle Anleitung auch umzusetzen? Die EZ-Akademie wei\u00df das. <\/strong><\/p>\n<p>Dahinter steckt profunde wissenschaftliche Arbeit kombiniert mit Feingef\u00fchl und vor allem die \u00dcberzeugung, was Menschen \/ Gemeinschaften \/ Generationen aktuell und zukunftsweisend brauchen, um ein gutes Leben zu haben. In Zwentendorf ist dieser Ansatz angekommen. Und sogar beim <strong>Constantinus-Award, DEM \u00f6sterreichischen Beratungs- und IT-Preis, wo dieses Pilotprojekt in der Kategorie &#8222;Pro Ethik und Soziale Verantwortung&#8220; eingereicht wurde. <\/strong><\/p>\n<p><strong>Dr.in Rosa Maria Eglseer und Mag. Peter Zellermayer <\/strong>&#8211; die Anfangsbuchstaben ihrer Nachnamen stehen f\u00fcr die gemeinsam gegr\u00fcndete <strong>EZ-Akademie f\u00fcr vitale Menschen . Unternehmen . Gemeinden <\/strong>&#8211; f\u00fchlen sich mit dieser besonderen Auszeichnung in ihrem Ansatz mehr als best\u00e4tigt.<\/p>\n<p>Die EZ-Akademie ist eine zertifizierte Bildungseinrichtung, die sich f\u00fcr ein kraftvolles Leben einsetzt. Abseits vom Mainstream der Weiterbildung steht nicht das kognitive Lernen im Vordergrund, sondern Lernen hei\u00dft hier: Begleitung beim Freilegen des ureigenen Potentials &#8211; und das lustvoll!<\/p>\n<p><strong>Vitalit\u00e4t<\/strong> beschreibt den Level der Lebendigkeit &#8211; das ist bedeutend mehr als &#8222;nur&#8220; <strong>Gesundheit<\/strong> . Die EZ-Akademie schafft mit dem wissenschaftlichen Test des <strong>VitalitaetsRades\u00ae http:\/\/www.vitalitaetsrad.at\/ <\/strong>und den daraus abzuleitenden Ergebnissen inklusive Coaching-L\u00f6sungen messbare Steigerung der Lebendigkeit auf k\u00f6rperlicher, mentaler, emotionaler oder sozialer Ebene. Sie begleitet ihre Zielgruppen somit punktgenau. Ihr zukunftsweisender Ansatz ist f\u00fcr Einzelpersonen ebenso erfolgversprechend wie f\u00fcr Unternehmen (im Betrieblichen Gesundheitsmanagement) und Gemeinden.<\/p>\n<p>Die EZ-Akademie ermutigt, Ver\u00e4nderung zu wagen, zu experimentieren. Sie weckt Neugier und Interesse auf ein erf\u00fclltes Leben. Sie nimmt an die Hand und begleitet bis zum Zieleinlauf. Um gemeinsam das Leben zu feiern!<\/p>\n<p>Dieser Ansatz und die entsprechenden Umsetzungsstrategien sind &#8211; wenngleich derzeit noch innovativ und ungew\u00f6hnlich &#8211; angekommen! Der Constantinus-Award, DER \u00f6sterreichische Beratungs &#8211; und IT-Preis, hat das bei der gro\u00dfen Gala am 14.6.2018 in Salzburg\/Bergheim anerkannt.<\/p>\n<p><a href=\"http:\/\/www.pressetext.com\/news\/20180615016\" target=\"_blank\" rel=\"noopener nofollow\" class=\"external external_icon\">Lesen Sie dazu den Pressetext!<\/a><\/p>\n<div class=\"shariff shariff-align-flex-start shariff-widget-align-flex-start\"><ul class=\"shariff-buttons theme-round orientation-horizontal buttonsize-medium\"><li class=\"shariff-button facebook shariff-nocustomcolor\" style=\"background-color:#4273c8\"><a href=\"https:\/\/www.facebook.com\/sharer\/sharer.php?u=https%3A%2F%2Fwww.weiterbildungsmarkt.net%2Fnews%2Fconstantinus-award-2018-die-ez-akademie-darf-sich-zu-den-siegern-zaehlen-6822%2F\" title=\"Bei Facebook teilen\" aria-label=\"Bei Facebook teilen\" role=\"button\" rel=\"nofollow\" class=\"shariff-link external external_icon\" style=\"; background-color:#3b5998; color:#fff\" target=\"_blank\"><span class=\"shariff-icon\" style=\"\"><svg width=\"32px\" height=\"20px\" xmlns=\"http:\/\/www.w3.org\/2000\/svg\" viewBox=\"0 0 18 32\"><path fill=\"#3b5998\" d=\"M17.1 0.2v4.7h-2.8q-1.5 0-2.1 0.6t-0.5 1.9v3.4h5.2l-0.7 5.3h-4.5v13.6h-5.5v-13.6h-4.5v-5.3h4.5v-3.9q0-3.3 1.9-5.2t5-1.8q2.6 0 4.1 0.2z\"\/><\/svg><\/span><\/a><\/li><li class=\"shariff-button twitter shariff-nocustomcolor\" style=\"background-color:#595959\"><a href=\"https:\/\/twitter.com\/share?url=https%3A%2F%2Fwww.weiterbildungsmarkt.net%2Fnews%2Fconstantinus-award-2018-die-ez-akademie-darf-sich-zu-den-siegern-zaehlen-6822%2F&text=Constantinus%20Award%202018%3A%20die%20EZ-Akademie%20darf%20sich%20zu%20den%20Siegern%20z%C3%A4hlen%21\" title=\"Bei X teilen\" aria-label=\"Bei X teilen\" role=\"button\" rel=\"noopener nofollow\" class=\"shariff-link\" style=\"; background-color:#000; color:#fff\" target=\"_blank\"><span class=\"shariff-icon\" style=\"\"><svg width=\"32px\" height=\"20px\" xmlns=\"http:\/\/www.w3.org\/2000\/svg\" viewBox=\"0 0 24 24\"><path fill=\"#000\" d=\"M14.258 10.152L23.176 0h-2.113l-7.747 8.813L7.133 0H0l9.352 13.328L0 23.973h2.113l8.176-9.309 6.531 9.309h7.133zm-2.895 3.293l-.949-1.328L2.875 1.56h3.246l6.086 8.523.945 1.328 7.91 11.078h-3.246zm0 0\"\/><\/svg><\/span><\/a><\/li><li class=\"shariff-button xing shariff-nocustomcolor\" style=\"background-color:#29888a\"><a href=\"https:\/\/www.xing.com\/spi\/shares\/new?url=https%3A%2F%2Fwww.weiterbildungsmarkt.net%2Fnews%2Fconstantinus-award-2018-die-ez-akademie-darf-sich-zu-den-siegern-zaehlen-6822%2F\" title=\"Bei XING teilen\" aria-label=\"Bei XING teilen\" role=\"button\" rel=\"noopener nofollow\" class=\"shariff-link external external_icon\" style=\"; background-color:#126567; color:#fff\" target=\"_blank\"><span class=\"shariff-icon\" style=\"\"><svg width=\"32px\" height=\"20px\" xmlns=\"http:\/\/www.w3.org\/2000\/svg\" viewBox=\"0 0 25 32\"><path fill=\"#126567\" d=\"M10.7 11.9q-0.2 0.3-4.6 8.2-0.5 0.8-1.2 0.8h-4.3q-0.4 0-0.5-0.3t0-0.6l4.5-8q0 0 0 0l-2.9-5q-0.2-0.4 0-0.7 0.2-0.3 0.5-0.3h4.3q0.7 0 1.2 0.8zM25.1 0.4q0.2 0.3 0 0.7l-9.4 16.7 6 11q0.2 0.4 0 0.6-0.2 0.3-0.6 0.3h-4.3q-0.7 0-1.2-0.8l-6-11.1q0.3-0.6 9.5-16.8 0.4-0.8 1.2-0.8h4.3q0.4 0 0.5 0.3z\"\/><\/svg><\/span><\/a><\/li><li class=\"shariff-button linkedin shariff-nocustomcolor\" style=\"background-color:#1488bf\"><a href=\"https:\/\/www.linkedin.com\/sharing\/share-offsite\/?url=https%3A%2F%2Fwww.weiterbildungsmarkt.net%2Fnews%2Fconstantinus-award-2018-die-ez-akademie-darf-sich-zu-den-siegern-zaehlen-6822%2F\" title=\"Bei LinkedIn teilen\" aria-label=\"Bei LinkedIn teilen\" role=\"button\" rel=\"noopener nofollow\" class=\"shariff-link external external_icon\" style=\"; background-color:#0077b5; color:#fff\" target=\"_blank\"><span class=\"shariff-icon\" style=\"\"><svg width=\"32px\" height=\"20px\" xmlns=\"http:\/\/www.w3.org\/2000\/svg\" viewBox=\"0 0 27 32\"><path fill=\"#0077b5\" d=\"M6.2 11.2v17.7h-5.9v-17.7h5.9zM6.6 5.7q0 1.3-0.9 2.2t-2.4 0.9h0q-1.5 0-2.4-0.9t-0.9-2.2 0.9-2.2 2.4-0.9 2.4 0.9 0.9 2.2zM27.4 18.7v10.1h-5.9v-9.5q0-1.9-0.7-2.9t-2.3-1.1q-1.1 0-1.9 0.6t-1.2 1.5q-0.2 0.5-0.2 1.4v9.9h-5.9q0-7.1 0-11.6t0-5.3l0-0.9h5.9v2.6h0q0.4-0.6 0.7-1t1-0.9 1.6-0.8 2-0.3q3 0 4.9 2t1.9 6z\"\/><\/svg><\/span><\/a><\/li><li class=\"shariff-button whatsapp shariff-nocustomcolor\" style=\"background-color:#5cbe4a\"><a href=\"https:\/\/api.whatsapp.com\/send?text=https%3A%2F%2Fwww.weiterbildungsmarkt.net%2Fnews%2Fconstantinus-award-2018-die-ez-akademie-darf-sich-zu-den-siegern-zaehlen-6822%2F%20Constantinus%20Award%202018%3A%20die%20EZ-Akademie%20darf%20sich%20zu%20den%20Siegern%20z%C3%A4hlen%21\" title=\"Bei Whatsapp teilen\" aria-label=\"Bei Whatsapp teilen\" role=\"button\" rel=\"noopener nofollow\" class=\"shariff-link external external_icon\" style=\"; background-color:#34af23; color:#fff\" target=\"_blank\"><span class=\"shariff-icon\" style=\"\"><svg width=\"32px\" height=\"20px\" xmlns=\"http:\/\/www.w3.org\/2000\/svg\" viewBox=\"0 0 32 32\"><path fill=\"#34af23\" d=\"M17.6 17.4q0.2 0 1.7 0.8t1.6 0.9q0 0.1 0 0.3 0 0.6-0.3 1.4-0.3 0.7-1.3 1.2t-1.8 0.5q-1 0-3.4-1.1-1.7-0.8-3-2.1t-2.6-3.3q-1.3-1.9-1.3-3.5v-0.1q0.1-1.6 1.3-2.8 0.4-0.4 0.9-0.4 0.1 0 0.3 0t0.3 0q0.3 0 0.5 0.1t0.3 0.5q0.1 0.4 0.6 1.6t0.4 1.3q0 0.4-0.6 1t-0.6 0.8q0 0.1 0.1 0.3 0.6 1.3 1.8 2.4 1 0.9 2.7 1.8 0.2 0.1 0.4 0.1 0.3 0 1-0.9t0.9-0.9zM14 26.9q2.3 0 4.3-0.9t3.6-2.4 2.4-3.6 0.9-4.3-0.9-4.3-2.4-3.6-3.6-2.4-4.3-0.9-4.3 0.9-3.6 2.4-2.4 3.6-0.9 4.3q0 3.6 2.1 6.6l-1.4 4.2 4.3-1.4q2.8 1.9 6.2 1.9zM14 2.2q2.7 0 5.2 1.1t4.3 2.9 2.9 4.3 1.1 5.2-1.1 5.2-2.9 4.3-4.3 2.9-5.2 1.1q-3.5 0-6.5-1.7l-7.4 2.4 2.4-7.2q-1.9-3.2-1.9-6.9 0-2.7 1.1-5.2t2.9-4.3 4.3-2.9 5.2-1.1z\"\/><\/svg><\/span><\/a><\/li><li class=\"shariff-button pinterest shariff-nocustomcolor\" style=\"background-color:#e70f18\"><a href=\"https:\/\/www.pinterest.com\/pin\/create\/link\/?url=https%3A%2F%2Fwww.weiterbildungsmarkt.net%2Fnews%2Fconstantinus-award-2018-die-ez-akademie-darf-sich-zu-den-siegern-zaehlen-6822%2F&media=https%3A%2F%2Fwww.weiterbildungsmarkt.net%2Fnews%2Fwp-content%2Fuploads%2F2019%2F11%2FPeter-Zellermayer-1.jpg&description=Constantinus%20Award%202018%3A%20die%20EZ-Akademie%20darf%20sich%20zu%20den%20Siegern%20z%C3%A4hlen%21\" title=\"Bei Pinterest pinnen\" aria-label=\"Bei Pinterest pinnen\" role=\"button\" rel=\"noopener nofollow\" class=\"shariff-link\" style=\"; background-color:#cb2027; color:#fff\" target=\"_blank\"><span class=\"shariff-icon\" style=\"\"><svg width=\"32px\" height=\"20px\" xmlns=\"http:\/\/www.w3.org\/2000\/svg\" viewBox=\"0 0 27 32\"><path fill=\"#cb2027\" d=\"M27.4 16q0 3.7-1.8 6.9t-5 5-6.9 1.9q-2 0-3.9-0.6 1.1-1.7 1.4-2.9 0.2-0.6 1-3.8 0.4 0.7 1.3 1.2t2 0.5q2.1 0 3.8-1.2t2.7-3.4 0.9-4.8q0-2-1.1-3.8t-3.1-2.9-4.5-1.2q-1.9 0-3.5 0.5t-2.8 1.4-2 2-1.2 2.3-0.4 2.4q0 1.9 0.7 3.3t2.1 2q0.5 0.2 0.7-0.4 0-0.1 0.1-0.5t0.2-0.5q0.1-0.4-0.2-0.8-0.9-1.1-0.9-2.7 0-2.7 1.9-4.6t4.9-2q2.7 0 4.2 1.5t1.5 3.8q0 3-1.2 5.2t-3.1 2.1q-1.1 0-1.7-0.8t-0.4-1.9q0.1-0.6 0.5-1.7t0.5-1.8 0.2-1.4q0-0.9-0.5-1.5t-1.4-0.6q-1.1 0-1.9 1t-0.8 2.6q0 1.3 0.4 2.2l-1.8 7.5q-0.3 1.2-0.2 3.2-3.7-1.6-6-5t-2.3-7.6q0-3.7 1.9-6.9t5-5 6.9-1.9 6.9 1.9 5 5 1.8 6.9z\"\/><\/svg><\/span><\/a><\/li><\/ul><\/div>","protected":false},"excerpt":{"rendered":"<p>Die EZ-Akademie hat in der Kategorie &#8222;Pro Ethik und Soziale Verantwortung&#8220; den 2. Platz erreicht. Wer aktuell davon am meisten profitiert, ist die Marktgemeinde Zwentendorf an der Donau. Mit der EZ-Akademie wird die Gemeinde Zwentendorf zur &#8222;Vitalen Gemeinde Zwentendorf&#8220;. Eine vitale Gemeinschaft, mit mehr Miteinander, generationen\u00fcbergreifend. Mit individuell und gemeinschaftlich gelebter Lebensenergie und Lebensfreude. Denn [&hellip;]<\/p>\n","protected":false},"author":156,"featured_media":7698,"comment_status":"closed","ping_status":"closed","sticky":false,"template":"","format":"standard","meta":{"_acf_changed":false,"footnotes":""},"categories":[1],"tags":[],"class_list":["post-6822","post","type-post","status-publish","format-standard","has-post-thumbnail","hentry","category-weiterbildung"],"acf":[],"_links":{"self":[{"href":"https:\/\/www.weiterbildungsmarkt.net\/news\/wp-json\/wp\/v2\/posts\/6822","targetHints":{"allow":["GET"]}}],"collection":[{"href":"https:\/\/www.weiterbildungsmarkt.net\/news\/wp-json\/wp\/v2\/posts"}],"about":[{"href":"https:\/\/www.weiterbildungsmarkt.net\/news\/wp-json\/wp\/v2\/types\/post"}],"author":[{"embeddable":true,"href":"https:\/\/www.weiterbildungsmarkt.net\/news\/wp-json\/wp\/v2\/users\/156"}],"replies":[{"embeddable":true,"href":"https:\/\/www.weiterbildungsmarkt.net\/news\/wp-json\/wp\/v2\/comments?post=6822"}],"version-history":[{"count":7,"href":"https:\/\/www.weiterbildungsmarkt.net\/news\/wp-json\/wp\/v2\/posts\/6822\/revisions"}],"predecessor-version":[{"id":9544,"href":"https:\/\/www.weiterbildungsmarkt.net\/news\/wp-json\/wp\/v2\/posts\/6822\/revisions\/9544"}],"wp:featuredmedia":[{"embeddable":true,"href":"https:\/\/www.weiterbildungsmarkt.net\/news\/wp-json\/wp\/v2\/media\/7698"}],"wp:attachment":[{"href":"https:\/\/www.weiterbildungsmarkt.net\/news\/wp-json\/wp\/v2\/media?parent=6822"}],"wp:term":[{"taxonomy":"category","embeddable":true,"href":"https:\/\/www.weiterbildungsmarkt.net\/news\/wp-json\/wp\/v2\/categories?post=6822"},{"taxonomy":"post_tag","embeddable":true,"href":"https:\/\/www.weiterbildungsmarkt.net\/news\/wp-json\/wp\/v2\/tags?post=6822"}],"curies":[{"name":"wp","href":"https:\/\/api.w.org\/{rel}","templated":true}]}}