{"id":6860,"date":"2018-08-29T09:05:03","date_gmt":"2018-08-29T07:05:03","guid":{"rendered":"https:\/\/www.weiterbildungsmarkt.net\/news\/?p=6860"},"modified":"2026-01-08T10:46:11","modified_gmt":"2026-01-08T09:46:11","slug":"leistungen-der-kreativbranche-werden-nicht-ausreichend-honoriert","status":"publish","type":"post","link":"https:\/\/www.weiterbildungsmarkt.net\/news\/leistungen-der-kreativbranche-werden-nicht-ausreichend-honoriert-6860\/","title":{"rendered":"Leistungen der Kreativbranche werden nicht ausreichend honoriert"},"content":{"rendered":"<p style=\"text-align: justify;\"><strong>Aktuelle Studie belegt: Prek\u00e4re Zust\u00e4nde bei Designschaffenden in \u00d6sterreich \u2014 Honorarniveau in den letzten 10 Jahren gesunken \u2014 Abw\u00e4rtstrend bei Honoraren muss gebrochen werden, um Qualit\u00e4t und Attraktivit\u00e4t des Berufs zu erhalten<\/strong><\/p>\n<p style=\"text-align: justify;\">Sie sind immer besser ausgebildet, leisten hochqualitative Arbeit, die selbst international gesch\u00e4tzt wird, und dennoch sinkt ihr Einkommen. Die Rede ist von \u00f6sterreichischen Designschaffenden, deren Honorare seit zehn Jahren nicht nur stagnieren, sondern teilweise sogar deutlich gesunken sind \u2014 inflationsbereinigt in einzelnen Bereichen bis zu 40 Prozent gegen\u00fcber 2007. Zum Beispiel wurden f\u00fcr die Gestaltung einer A4-Seite eines Folders 2007 noch rund 90 Euro pro Stunde verrechnet. 2017 brachte die gleiche Leistung nur mehr 65 Euro pro Stunde und somit um rund 40 Prozent weniger ein.<\/p>\n<p>Zu dem Ergebnis kamen Umfragen unter 1.231 Designschaffenden in \u00d6sterreich, die im Laufe des Jahres 2017 im Auftrag von designaustria durchgef\u00fchrt wurden. 822 Grafik- und KommunikationsdesignerInnen, 242 Produkt- und IndustriedesignerInnen und 167 IllustratorInnen wurden dabei nach ihren konkret erzielten Honorarwerten und ihrer Arbeitssituation befragt. Die Ergebnisse sind in die Erstellung des neuen Handbuchs \u201eDesign: Kalkulation &amp; Honorar\u201c eingeflossen, das designaustria in Kooperation mit der Fachgruppe Werbung und Marktkommunikation der Wirtschaftskammer Wien herausgibt.<\/p>\n<p style=\"text-align: justify;\"><strong>Jung, zufrieden, aber schlecht bezahlt<\/strong><\/p>\n<p style=\"text-align: justify;\">Mit 70,3 Prozent ist der \u00fcberwiegende Teil der DesignerInnen in \u00d6sterreich selbstst\u00e4ndig, wobei viele davon als sogenannte Ein-Personen-Unternehmen (EPU) keine MitarbeiterInnen besch\u00e4ftigen. Es sind vorwiegend junge Personen, nur 4,8 Prozent sind \u00fcber 50 Jahre alt. Fast zwei Drittel (63,5 Prozent) der selbstst\u00e4ndigen Designschaffenden zeigten sich zufrieden mit ihrer T\u00e4tigkeit. Allerdings gaben auch 41,8 Prozent der befragten Design-EPU an, nur \u00fcber ein Einkommen von bis zu 30.000 Euro brutto im Jahr zu verf\u00fcgen, 29,5 Prozent verdienen gar weniger als 20.000 Euro.<\/p>\n<p>\u201eDesignerInnen machen ihren Job sehr gerne und gehen richtig darin auf. Aber es kann nicht sein, dass ein Drittel unserer Kolleginnen und Kollegen gerade so \u00fcber die Runden kommt\u201c, warnt Severin Filek, Gesch\u00e4ftsf\u00fchrer von designaustria, des Wissenszentrums und der Interessenvertretung f\u00fcr Design in \u00d6sterreich. Die sinkenden Honorare und Eink\u00fcnfte seien teilweise aber auch hausgemacht: \u201eManche Honorare grenzen schon fast an Selbstausbeutung. Wir m\u00fcssen uns auch an der eigenen Nase nehmen und die Preisspirale nach unten stoppen\u201c, fordert Filek.<\/p>\n<p>Gelingen kann dies durch eine betriebswirtschaftlich fundierte Honorarberechnung, wie sie im Handbuch \u201eDesign: Kalkulation &amp; Honorar\u201c ausf\u00fchrlich dargelegt wird. Aber auch ein selbstbewusstes Verhandeln mit AuftraggeberInnen legt er seinen Sch\u00fctzlingen nahe: \u201eDas w\u00fcrde der gesamten Branche enorm helfen. Ebenso wie endlich die Forderung nach einem betriebswirtschaftlich orientierten Teil innerhalb der Ausbildung umsetzen. Das ist Verantwortung der Politik!\u201c<\/p>\n<p style=\"text-align: justify;\"><strong>Mindesthonorare gefordert<\/strong><\/p>\n<p style=\"text-align: justify;\">\u00d6sterreichische Design-Ausbildungsst\u00e4tten bringen j\u00e4hrlich mehr als 1.000 AbsolventInnen hervor. Allein in Wien w\u00e4chst die Branche jedes Jahr um rund 400 KollegInnen. \u201eMehr Angebot erzeugt nat\u00fcrlich einen Druck auf die Honorare. Gerade Berufseinsteigerinnen und Berufseinsteiger versuchen \u00fcber das Pricing Auftr\u00e4ge zu gewinnen. Hier m\u00fcssen alle verstehen, dass einmal gesunkenen Preise nur noch schwer zu heben sind\u201c, beschreibt Marcus Arige, Ausschussmitglied der Fachgruppe Werbung Wien, die problematische Situation. Arige, der auch Berufsgruppensprecher Graphic Design im Fachverband der Wirtschaftskammer \u00d6sterreich ist, fordert: \u201eWir brauchen eine gl\u00e4serne Decke nach unten. Damit wir Mindesthonorare einf\u00fchren k\u00f6nnen m\u00fcssen wir aber das Kartellrecht auf europ\u00e4ischer Ebene ver\u00e4ndern.\u201c Qualifizierte Arbeit von Expertinnen und Experten m\u00fcsse einen Mindestpreis haben, ist Arige \u00fcberzeugt.<\/p>\n<p style=\"text-align: justify;\"><strong>Kreativstandort st\u00e4rken<\/strong><\/p>\n<p style=\"text-align: justify;\">\u201eDesignerInnen sind stolz auf ihre f\u00fcr Kunden erbrachten Leistungen. Die starke Nachfrage aus dem Ausland und die internationalen Auszeichnungen zeigen, dass \u00f6sterreichisches Design von hoher Qualit\u00e4t ist\u201c, so Filek. Design made in Austria wurde in den letzten Jahren mit vielen internationalen Preisen ausgezeichnet: cannes lions, ADC Grand Prix, D&amp;AD Awards, red dot award, iF, Top Innovation Award;<\/p>\n<p style=\"text-align: justify;\">Sollte die Entwicklung bei den Honoraren so weitergehen, k\u00f6nnte das auch negative Auswirkungen vor allem f\u00fcr den Kreativstandort Wien haben. \u201eEs ist wohl nur eine Frage der Zeit, bis sich einige von uns die Frage stellen: Warum lasse ich mich mit so einem niedrigen Verdienst abspeisen? In einer anderen Branche oder im Ausland k\u00f6nnte ich viel mehr verdienen. Gehen kluge und kreative K\u00f6pfe verloren, besteht auf Dauer die Gefahr, dass die hohe Qualit\u00e4t in der heimischen Kreativwirtschaft verloren geht\u201c, ist sich Arige sicher. Mit der Kampagne \u201eGute Werbung ist mehr wert\u201c m\u00f6chte die Fachgruppe Werbung Wien an die AuftraggeberInnen appellieren, die lokalen und regionalen Kreativschaffenden zu unterst\u00fctzen \u2014 zum Wohle des Kreativstandorts und um Prekariat in der Branche zu verhindern.<\/p>\n<p><strong>\u00dcber \u201eDesign: Kalkulation &amp; Honorar\u201c:<\/strong><br \/><br \/>\nUm bei jedem Gestaltungsauftrag eine kompetente Vorgangsweise zu erm\u00f6glichen, hat designaustria in Kooperation mit der Fachgruppe Werbung und Marktkommunikation der Wirtschaftskammer Wien mit \u201eDesign: Kalkulation &amp; Honorar\u201c ein berufswirtschaftliches Handbuch herausgegeben. Entstanden unter Mitwirkung von GestalterInnen und JuristInnen, bietet die Publikation in komprimierter Form Unterst\u00fctzung f\u00fcr Berufsaus\u00fcbende und deren AuftraggeberInnen an, um Transparenz und Nachvollziehbarkeit bei der Auftragsabwicklung, im Arbeitsprozess und bei der Kalkulation zu gew\u00e4hrleisten. Konkret erf\u00e4hrt man, wie Stundens\u00e4tze kalkuliert werden, was es mit der Berechnung von Nutzungsrechten auf sich hat und wie es um das allgemeine Honorarniveau in \u00d6sterreich bestellt ist.<br \/><br \/>\nWeitere Orientierungshilfe leistet die Dokumentation von Ergebnissen extern beauftragter Unternehmen zur Marktsituation und wirtschaftlichen Lage der Berufsaus\u00fcbenden in \u00d6sterreich in den einzelnen Teilbereichen Grafik- und Kommunikationsdesign, Produkt- und Industriedesign und Illustration. Erhobene Wirtschaftsdaten geben Einblick in Status und Entwicklung der Branche und erlauben zudem R\u00fcckschl\u00fcsse und Prognosen. \u201eDesign: Kalkulation &amp; Honorar\u201c zieht dar\u00fcber hinaus einen L\u00e4ndervergleich mit Deutschland: Verglichen werden Auftragsquellen, Einkommen und Berufszufriedenheit.<\/p>\n<p style=\"text-align: justify;\"><strong>\u00dcber designaustria<\/strong><br \/><br \/>\ndesignaustria ist \u00d6sterreichs erste Adresse f\u00fcr Design. Als Interessengemeinschaft und Kompetenzzentrum f\u00fcr Design fungiert der Verband seit 1927 als Bindeglied zwischen Kreativen, Wirtschaft und Gesellschaft. designaustria b\u00fcndelt die Interessen von rund 1.300 Mitgliedern und vertritt diese auf nationaler und internationaler Ebene. Der Verband ist Mitglied des International Council of Design (ico-D), der World Design Organisation (WDO) und des Bureau of European Design Associations (BEDA).<br \/><br \/>\nUm die Qualit\u00e4t des \u00f6sterreichischen Designschaffens zu f\u00f6rdern, verleiht designaustria nicht nur heimischen DesignerInnen eine starke Stimme, sondern auch der Disziplin als solcher. Mit Wissenstransfer, \u00d6ffentlichkeitsarbeit und Veranstaltungen im In- und Ausland verdeutlicht der Verband den Nutzen von Design in der Gesellschaft und Wirtschaft.<\/p>\n<p style=\"text-align: justify;\">\u00dcber die Fachgruppe Werbung und Marktkommunikation \u2013 Wirtschaftskammer Wien<br \/><br \/>\nDie Fachgruppe Werbung und Marktkommunikation der Wirtschaftskammer Wien ist mit rund 9.000 Mitgliedern, die in 14 Berufsgruppen t\u00e4tig sind, eine der gr\u00f6\u00dften Interessenvertretungen \u00d6sterreichs. Sie setzt sich f\u00fcr Wiener Unternehmen der Werbe, PR- und Kreativbranche gegen\u00fcber der Politik ein, f\u00f6rdert JungunternehmerInnen bei den ersten Schritten in der Selbst\u00e4ndigkeit und unterst\u00fctzt ihre Mitgliedsunternehmen mit zahlreichen Service- und Beratungsangeboten.<\/p>\n<p style=\"text-align: justify;\">Quelle: APA Ots<\/p>\n<div class=\"shariff shariff-align-left shariff-widget-align-left\"><ul class=\"shariff-buttons theme-round orientation-horizontal buttonsize-medium\"><li class=\"shariff-button facebook shariff-nocustomcolor\" style=\"background-color:#4273c8\"><a href=\"https:\/\/www.facebook.com\/sharer\/sharer.php?u=https%3A%2F%2Fwww.weiterbildungsmarkt.net%2Fnews%2Fleistungen-der-kreativbranche-werden-nicht-ausreichend-honoriert-6860%2F\" title=\"Bei Facebook teilen\" aria-label=\"Bei Facebook teilen\" role=\"button\" rel=\"nofollow\" class=\"shariff-link external external_icon\" style=\"; background-color:#3b5998; color:#fff\" target=\"_blank\"><span class=\"shariff-icon\" style=\"\"><svg width=\"32px\" height=\"20px\" xmlns=\"http:\/\/www.w3.org\/2000\/svg\" viewBox=\"0 0 18 32\"><path fill=\"#3b5998\" d=\"M17.1 0.2v4.7h-2.8q-1.5 0-2.1 0.6t-0.5 1.9v3.4h5.2l-0.7 5.3h-4.5v13.6h-5.5v-13.6h-4.5v-5.3h4.5v-3.9q0-3.3 1.9-5.2t5-1.8q2.6 0 4.1 0.2z\"\/><\/svg><\/span><\/a><\/li><li class=\"shariff-button twitter shariff-nocustomcolor\" style=\"background-color:#595959\"><a href=\"https:\/\/twitter.com\/share?url=https%3A%2F%2Fwww.weiterbildungsmarkt.net%2Fnews%2Fleistungen-der-kreativbranche-werden-nicht-ausreichend-honoriert-6860%2F&text=Leistungen%20der%20Kreativbranche%20werden%20nicht%20ausreichend%20honoriert\" title=\"Bei X teilen\" aria-label=\"Bei X teilen\" role=\"button\" rel=\"noopener nofollow\" class=\"shariff-link\" style=\"; background-color:#000; color:#fff\" target=\"_blank\"><span class=\"shariff-icon\" style=\"\"><svg width=\"32px\" height=\"20px\" xmlns=\"http:\/\/www.w3.org\/2000\/svg\" viewBox=\"0 0 24 24\"><path fill=\"#000\" d=\"M14.258 10.152L23.176 0h-2.113l-7.747 8.813L7.133 0H0l9.352 13.328L0 23.973h2.113l8.176-9.309 6.531 9.309h7.133zm-2.895 3.293l-.949-1.328L2.875 1.56h3.246l6.086 8.523.945 1.328 7.91 11.078h-3.246zm0 0\"\/><\/svg><\/span><\/a><\/li><li class=\"shariff-button xing shariff-nocustomcolor\" style=\"background-color:#29888a\"><a href=\"https:\/\/www.xing.com\/spi\/shares\/new?url=https%3A%2F%2Fwww.weiterbildungsmarkt.net%2Fnews%2Fleistungen-der-kreativbranche-werden-nicht-ausreichend-honoriert-6860%2F\" title=\"Bei XING teilen\" aria-label=\"Bei XING teilen\" role=\"button\" rel=\"noopener nofollow\" class=\"shariff-link external external_icon\" style=\"; background-color:#126567; color:#fff\" target=\"_blank\"><span class=\"shariff-icon\" style=\"\"><svg width=\"32px\" height=\"20px\" xmlns=\"http:\/\/www.w3.org\/2000\/svg\" viewBox=\"0 0 25 32\"><path fill=\"#126567\" d=\"M10.7 11.9q-0.2 0.3-4.6 8.2-0.5 0.8-1.2 0.8h-4.3q-0.4 0-0.5-0.3t0-0.6l4.5-8q0 0 0 0l-2.9-5q-0.2-0.4 0-0.7 0.2-0.3 0.5-0.3h4.3q0.7 0 1.2 0.8zM25.1 0.4q0.2 0.3 0 0.7l-9.4 16.7 6 11q0.2 0.4 0 0.6-0.2 0.3-0.6 0.3h-4.3q-0.7 0-1.2-0.8l-6-11.1q0.3-0.6 9.5-16.8 0.4-0.8 1.2-0.8h4.3q0.4 0 0.5 0.3z\"\/><\/svg><\/span><\/a><\/li><li class=\"shariff-button linkedin shariff-nocustomcolor\" style=\"background-color:#1488bf\"><a href=\"https:\/\/www.linkedin.com\/sharing\/share-offsite\/?url=https%3A%2F%2Fwww.weiterbildungsmarkt.net%2Fnews%2Fleistungen-der-kreativbranche-werden-nicht-ausreichend-honoriert-6860%2F\" title=\"Bei LinkedIn teilen\" aria-label=\"Bei LinkedIn teilen\" role=\"button\" rel=\"noopener nofollow\" class=\"shariff-link external external_icon\" style=\"; background-color:#0077b5; color:#fff\" target=\"_blank\"><span class=\"shariff-icon\" style=\"\"><svg width=\"32px\" height=\"20px\" xmlns=\"http:\/\/www.w3.org\/2000\/svg\" viewBox=\"0 0 27 32\"><path fill=\"#0077b5\" d=\"M6.2 11.2v17.7h-5.9v-17.7h5.9zM6.6 5.7q0 1.3-0.9 2.2t-2.4 0.9h0q-1.5 0-2.4-0.9t-0.9-2.2 0.9-2.2 2.4-0.9 2.4 0.9 0.9 2.2zM27.4 18.7v10.1h-5.9v-9.5q0-1.9-0.7-2.9t-2.3-1.1q-1.1 0-1.9 0.6t-1.2 1.5q-0.2 0.5-0.2 1.4v9.9h-5.9q0-7.1 0-11.6t0-5.3l0-0.9h5.9v2.6h0q0.4-0.6 0.7-1t1-0.9 1.6-0.8 2-0.3q3 0 4.9 2t1.9 6z\"\/><\/svg><\/span><\/a><\/li><li class=\"shariff-button whatsapp shariff-nocustomcolor\" style=\"background-color:#5cbe4a\"><a href=\"https:\/\/api.whatsapp.com\/send?text=https%3A%2F%2Fwww.weiterbildungsmarkt.net%2Fnews%2Fleistungen-der-kreativbranche-werden-nicht-ausreichend-honoriert-6860%2F%20Leistungen%20der%20Kreativbranche%20werden%20nicht%20ausreichend%20honoriert\" title=\"Bei Whatsapp teilen\" aria-label=\"Bei Whatsapp teilen\" role=\"button\" rel=\"noopener nofollow\" class=\"shariff-link external external_icon\" style=\"; background-color:#34af23; color:#fff\" target=\"_blank\"><span class=\"shariff-icon\" style=\"\"><svg width=\"32px\" height=\"20px\" xmlns=\"http:\/\/www.w3.org\/2000\/svg\" viewBox=\"0 0 32 32\"><path fill=\"#34af23\" d=\"M17.6 17.4q0.2 0 1.7 0.8t1.6 0.9q0 0.1 0 0.3 0 0.6-0.3 1.4-0.3 0.7-1.3 1.2t-1.8 0.5q-1 0-3.4-1.1-1.7-0.8-3-2.1t-2.6-3.3q-1.3-1.9-1.3-3.5v-0.1q0.1-1.6 1.3-2.8 0.4-0.4 0.9-0.4 0.1 0 0.3 0t0.3 0q0.3 0 0.5 0.1t0.3 0.5q0.1 0.4 0.6 1.6t0.4 1.3q0 0.4-0.6 1t-0.6 0.8q0 0.1 0.1 0.3 0.6 1.3 1.8 2.4 1 0.9 2.7 1.8 0.2 0.1 0.4 0.1 0.3 0 1-0.9t0.9-0.9zM14 26.9q2.3 0 4.3-0.9t3.6-2.4 2.4-3.6 0.9-4.3-0.9-4.3-2.4-3.6-3.6-2.4-4.3-0.9-4.3 0.9-3.6 2.4-2.4 3.6-0.9 4.3q0 3.6 2.1 6.6l-1.4 4.2 4.3-1.4q2.8 1.9 6.2 1.9zM14 2.2q2.7 0 5.2 1.1t4.3 2.9 2.9 4.3 1.1 5.2-1.1 5.2-2.9 4.3-4.3 2.9-5.2 1.1q-3.5 0-6.5-1.7l-7.4 2.4 2.4-7.2q-1.9-3.2-1.9-6.9 0-2.7 1.1-5.2t2.9-4.3 4.3-2.9 5.2-1.1z\"\/><\/svg><\/span><\/a><\/li><li class=\"shariff-button pinterest shariff-nocustomcolor\" style=\"background-color:#e70f18\"><a href=\"https:\/\/www.pinterest.com\/pin\/create\/link\/?url=https%3A%2F%2Fwww.weiterbildungsmarkt.net%2Fnews%2Fleistungen-der-kreativbranche-werden-nicht-ausreichend-honoriert-6860%2F&media=https%3A%2F%2Fwww.weiterbildungsmarkt.net%2Fnews%2Fwp-content%2Fuploads%2F2016%2F09%2FTrendStudien3.png&description=Leistungen%20der%20Kreativbranche%20werden%20nicht%20ausreichend%20honoriert\" title=\"Bei Pinterest pinnen\" aria-label=\"Bei Pinterest pinnen\" role=\"button\" rel=\"noopener nofollow\" class=\"shariff-link\" style=\"; background-color:#cb2027; color:#fff\" target=\"_blank\"><span class=\"shariff-icon\" style=\"\"><svg width=\"32px\" height=\"20px\" xmlns=\"http:\/\/www.w3.org\/2000\/svg\" viewBox=\"0 0 27 32\"><path fill=\"#cb2027\" d=\"M27.4 16q0 3.7-1.8 6.9t-5 5-6.9 1.9q-2 0-3.9-0.6 1.1-1.7 1.4-2.9 0.2-0.6 1-3.8 0.4 0.7 1.3 1.2t2 0.5q2.1 0 3.8-1.2t2.7-3.4 0.9-4.8q0-2-1.1-3.8t-3.1-2.9-4.5-1.2q-1.9 0-3.5 0.5t-2.8 1.4-2 2-1.2 2.3-0.4 2.4q0 1.9 0.7 3.3t2.1 2q0.5 0.2 0.7-0.4 0-0.1 0.1-0.5t0.2-0.5q0.1-0.4-0.2-0.8-0.9-1.1-0.9-2.7 0-2.7 1.9-4.6t4.9-2q2.7 0 4.2 1.5t1.5 3.8q0 3-1.2 5.2t-3.1 2.1q-1.1 0-1.7-0.8t-0.4-1.9q0.1-0.6 0.5-1.7t0.5-1.8 0.2-1.4q0-0.9-0.5-1.5t-1.4-0.6q-1.1 0-1.9 1t-0.8 2.6q0 1.3 0.4 2.2l-1.8 7.5q-0.3 1.2-0.2 3.2-3.7-1.6-6-5t-2.3-7.6q0-3.7 1.9-6.9t5-5 6.9-1.9 6.9 1.9 5 5 1.8 6.9z\"\/><\/svg><\/span><\/a><\/li><\/ul><\/div>","protected":false},"excerpt":{"rendered":"<p>Aktuelle Studie belegt: Prek\u00e4re Zust\u00e4nde bei Designschaffenden in \u00d6sterreich \u2014 Honorarniveau in den letzten 10 Jahren gesunken \u2014 Abw\u00e4rtstrend bei Honoraren muss gebrochen werden, um Qualit\u00e4t und Attraktivit\u00e4t des Berufs zu erhalten Sie sind immer besser ausgebildet, leisten hochqualitative Arbeit, die selbst international gesch\u00e4tzt wird, und dennoch sinkt ihr Einkommen. Die Rede ist von \u00f6sterreichischen [&hellip;]<\/p>\n","protected":false},"author":193,"featured_media":3636,"comment_status":"closed","ping_status":"closed","sticky":false,"template":"","format":"standard","meta":{"_acf_changed":false,"footnotes":""},"categories":[110,112],"tags":[],"class_list":["post-6860","post","type-post","status-publish","format-standard","has-post-thumbnail","hentry","category-studien","category-neuigkeiten"],"acf":[],"_links":{"self":[{"href":"https:\/\/www.weiterbildungsmarkt.net\/news\/wp-json\/wp\/v2\/posts\/6860","targetHints":{"allow":["GET"]}}],"collection":[{"href":"https:\/\/www.weiterbildungsmarkt.net\/news\/wp-json\/wp\/v2\/posts"}],"about":[{"href":"https:\/\/www.weiterbildungsmarkt.net\/news\/wp-json\/wp\/v2\/types\/post"}],"author":[{"embeddable":true,"href":"https:\/\/www.weiterbildungsmarkt.net\/news\/wp-json\/wp\/v2\/users\/193"}],"replies":[{"embeddable":true,"href":"https:\/\/www.weiterbildungsmarkt.net\/news\/wp-json\/wp\/v2\/comments?post=6860"}],"version-history":[{"count":3,"href":"https:\/\/www.weiterbildungsmarkt.net\/news\/wp-json\/wp\/v2\/posts\/6860\/revisions"}],"predecessor-version":[{"id":9936,"href":"https:\/\/www.weiterbildungsmarkt.net\/news\/wp-json\/wp\/v2\/posts\/6860\/revisions\/9936"}],"wp:featuredmedia":[{"embeddable":true,"href":"https:\/\/www.weiterbildungsmarkt.net\/news\/wp-json\/wp\/v2\/media\/3636"}],"wp:attachment":[{"href":"https:\/\/www.weiterbildungsmarkt.net\/news\/wp-json\/wp\/v2\/media?parent=6860"}],"wp:term":[{"taxonomy":"category","embeddable":true,"href":"https:\/\/www.weiterbildungsmarkt.net\/news\/wp-json\/wp\/v2\/categories?post=6860"},{"taxonomy":"post_tag","embeddable":true,"href":"https:\/\/www.weiterbildungsmarkt.net\/news\/wp-json\/wp\/v2\/tags?post=6860"}],"curies":[{"name":"wp","href":"https:\/\/api.w.org\/{rel}","templated":true}]}}