{"id":6885,"date":"2018-09-26T10:45:42","date_gmt":"2018-09-26T08:45:42","guid":{"rendered":"https:\/\/www.weiterbildungsmarkt.net\/news\/?p=6885"},"modified":"2018-06-28T13:50:23","modified_gmt":"2018-06-28T11:50:23","slug":"deutsche-pro-woche-fuenf-stunden-laenger-im-netz-als-im-buero","status":"publish","type":"post","link":"https:\/\/www.weiterbildungsmarkt.net\/news\/deutsche-pro-woche-fuenf-stunden-laenger-im-netz-als-im-buero-6885\/","title":{"rendered":"Deutsche pro Woche f\u00fcnf Stunden l\u00e4nger im Netz als im B\u00fcro"},"content":{"rendered":"<p style=\"text-align: justify;\"><strong>Die Deutschen verbringen immer mehr Zeit im Internet: 46,2 Stunden sind sie w\u00f6chentlich online. Das sind \u00fcber drei Stunden mehr als im Vorjahr (2017: 42,8 Stunden) und \u00fcber f\u00fcnf Stunden mehr als die durchschnittliche Wochenarbeitszeit eines Vollzeitangestellten. Auf der Arbeit wird das World Wide Web im Schnitt nur 2,6 Stunden f\u00fcr berufliche Zwecke genutzt. Daf\u00fcr wird im B\u00fcro immer h\u00e4ufiger ein Blick aufs Smartphone geworfen, um zum Beispiel neue Nachrichten auf WhatsApp, Snapchat und Co. zu pr\u00fcfen. J\u00fcngere Menschen zwischen 18 und 34 Jahren, die sogenannten Digital Natives, sind sogar noch zw\u00f6lf Stunden l\u00e4nger im Netz unterwegs als der Durchschnitt und bringen es auf rund 58 Stunden w\u00f6chentlich. Dies sind Ergebnisse der Postbank Digitalstudie 2018, f\u00fcr die mehr als 3.000 Bundesb\u00fcrger repr\u00e4sentativ gefragt wurden.<\/strong><\/p>\n<figure id=\"attachment_6886\" aria-describedby=\"caption-attachment-6886\" style=\"width: 710px\" class=\"wp-caption aligncenter\"><img loading=\"lazy\" decoding=\"async\" class=\"size-full wp-image-6886\" src=\"https:\/\/www.weiterbildungsmarkt.net\/news\/wp-content\/uploads\/2018\/06\/postbank-digitalstudie-2018-deutsche-pro-woche-fuenf-stunden-laenger-im-netz-als-im-buero-bundesbuer.jpg\" alt=\"Postbank Digitalstudie 2018\" width=\"710\" height=\"1775\" srcset=\"https:\/\/www.weiterbildungsmarkt.net\/news\/wp-content\/uploads\/2018\/06\/postbank-digitalstudie-2018-deutsche-pro-woche-fuenf-stunden-laenger-im-netz-als-im-buero-bundesbuer.jpg 710w, https:\/\/www.weiterbildungsmarkt.net\/news\/wp-content\/uploads\/2018\/06\/postbank-digitalstudie-2018-deutsche-pro-woche-fuenf-stunden-laenger-im-netz-als-im-buero-bundesbuer-120x300.jpg 120w, https:\/\/www.weiterbildungsmarkt.net\/news\/wp-content\/uploads\/2018\/06\/postbank-digitalstudie-2018-deutsche-pro-woche-fuenf-stunden-laenger-im-netz-als-im-buero-bundesbuer-410x1024.jpg 410w, https:\/\/www.weiterbildungsmarkt.net\/news\/wp-content\/uploads\/2018\/06\/postbank-digitalstudie-2018-deutsche-pro-woche-fuenf-stunden-laenger-im-netz-als-im-buero-bundesbuer-168x420.jpg 168w\" sizes=\"auto, (max-width: 710px) 100vw, 710px\" \/><figcaption id=\"caption-attachment-6886\" class=\"wp-caption-text\">Postbank Digitalstudie 2018: Internetnutzung der Deutschen 2018 &#8211; Bundesb\u00fcrger 46,2 Stunden pro Woche online, f\u00fcnf Stunden l\u00e4nger als im B\u00fcro. Quellenangabe: &#8222;obs\/Postbank&#8220;<\/figcaption><\/figure><br \/>\n<p style=\"text-align: justify;\">Im regionalen Vergleich sind die Berliner Spitzenreiter bei der Internetnutzung. 56,4 Stunden verbringen sie pro Woche im Netz und damit fast 13 Prozent mehr als noch im Vorjahr. Auch die nachfolgenden Top-Pl\u00e4tze belegen Stadtstaaten: Bremen liegt mit 53,4 Stunden vor Hamburg (51,3 Stunden). Schlusslicht im Bundesl\u00e4nder-Ranking ist Th\u00fcringen mit 40,5 Stunden Internetnutzung w\u00f6chentlich. Aber selbst in diesem Bundesland surfen die Menschen mittlerweile l\u00e4nger als sie arbeiten.<\/p>\n<p style=\"text-align: justify;\"><strong>Der Bildschirm wird kleiner und mobiler<\/strong><\/p>\n<p style=\"text-align: justify;\">Zum Surfen nutzen die Deutschen meistens ihr Smartphone und ihren Laptop (je 71 Prozent). Zum ersten Mal seit der ersten Erhebung der Studie 2015 liegt der Laptop damit nicht mehr vor dem Smartphone. Schaut man sich die Stunden an, die der Durchschnittsdeutsche je Endger\u00e4t im Netz ist, liegt das Smartphone mit 14,6 Stunden pro Woche sogar vor dem Laptop beziehungsweise Notebook (13,4 Stunden). Der klassische Desktop-PC verliert ebenfalls weiter an Relevanz: Nur noch 54 Prozent gehen dar\u00fcber ins Internet. Das Tablet hat dagegen stark an Bedeutung gewonnen: 42 Prozent sind damit im Netz unterwegs, im Vorjahr waren es lediglich 36 Prozent.<\/p>\n<p style=\"text-align: justify;\">&#8222;Das Smartphone ist vor allem bei den J\u00fcngeren nicht mehr wegzudenken &#8211; ob im Restaurant, in der Bahn oder zuhause auf dem Sofa&#8220;, sagt Thomas Mangel, Chief Digital Officer von der Postbank. &#8222;Sich zu jeder Zeit informieren und miteinander auszutauschen, ist gerade f\u00fcr Digital Natives eine Selbstverst\u00e4ndlichkeit. Diese &#8217;smarte&#8216; Generation legt daher besonderen Wert auf digitale und mobile Dienstleistungen jederart.&#8220;<\/p>\n<p style=\"text-align: justify;\">Unterschiede zwischen den Generationen zeigen sich auch bei der Ger\u00e4tenutzung: Junge Deutsche zwischen 18 und 34 Jahre nehmen fast alle (89%) das Smartphone zum Surfen, einen Desktop-PC nutzt weniger als die H\u00e4lfte von ihnen. Auch die \u00c4lteren ab 35 Jahren, die so genannten Digital Immigrants, sind zunehmend mobil erreichbar. 65 Prozent der Befragten gehen mit ihren Smartphones online. In dieser Generation hat der PC mit Tastatur und Maus noch nicht unbedingt ausgedient, denn 57 Prozent nutzen ihn noch.<\/p>\n<p style=\"text-align: justify;\"><strong>Bundesl\u00e4ndervergleich: So viele Stunden wird pro Woche gesurft<\/strong><\/p>\n<p style=\"text-align: justify;\">Rang Bundesland 2018 Ver\u00e4nderung zu 2017 in h<\/p>\n<p style=\"text-align: justify;\">1 Berlin 56,4 +12,8<br \/><br \/>\n2 Bremen 53,4 +6,6<br \/><br \/>\n3 Hamburg 51,3 +10,2<br \/><br \/>\n4 Niedersachsen 50,2 +8,2<br \/><br \/>\n5 Hessen 50,1 +3,1<br \/><br \/>\n6 Bayern 48,5 +11<br \/><br \/>\n7 Mecklenburg-Vorpommern 46,7 +6,3<br \/><br \/>\n8 Nordrhein-Westfalen 44,5 -0,7<br \/><br \/>\n9 Brandenburg 44,2 +3,8<br \/><br \/>\n10 Rheinland-Pfalz 43,9 +3,2<br \/><br \/>\n10 Sachsen 43,5 -0,4<br \/><br \/>\n12 Sachsen-Anhalt 43,2 +2,1<br \/><br \/>\n13 Saarland 43,2 -1,4<br \/><br \/>\n13 Baden-W\u00fcrttemberg 42,3 -3<br \/><br \/>\n15 Schleswig-Holstein 41,4 +4,2<br \/><br \/>\n16 Th\u00fcringen 40,5 -1,2<\/p>\n<p style=\"text-align: justify;\"><strong>Hintergrundinformationen zur Postbank Digitalstudie 2018<\/strong><\/p>\n<p style=\"text-align: justify;\">F\u00fcr die Postbank Digitalstudie wurden im Zeitraum Februar bis M\u00e4rz dieses Jahres 3.100 Deutsche befragt. Die Postbank untersucht mit der Studie zum vierten Mal in Folge, welche Entwicklungen sich in den verschiedenen Lebensbereichen der Deutschen in Bezug auf Digitalisierung allgemein und insbesondere zu Finanzthemen abzeichnen. Um eine bev\u00f6lkerungsrepr\u00e4sentative Struktur abzubilden, erfolgte eine Gewichtung der Stichprobe nach Bundesland (Proportionalisierung), Alter und Geschlecht. Als Referenzdatei wurde der Zensus 2011 des Statistischen Bundesamtes zugrunde gelegt.<\/p>\n<p style=\"text-align: justify;\">Quelle: <a href=\"https:\/\/www.presseportal.de\/pm\/6586\/3973308\" target=\"_blank\" rel=\"noopener nofollow\" class=\"external external_icon\">Presseportal.de<\/a><\/p>\n<div class=\"shariff shariff-align-left shariff-widget-align-left\"><ul class=\"shariff-buttons theme-round orientation-horizontal buttonsize-medium\"><li class=\"shariff-button facebook shariff-nocustomcolor\" style=\"background-color:#4273c8\"><a href=\"https:\/\/www.facebook.com\/sharer\/sharer.php?u=https%3A%2F%2Fwww.weiterbildungsmarkt.net%2Fnews%2Fdeutsche-pro-woche-fuenf-stunden-laenger-im-netz-als-im-buero-6885%2F\" title=\"Bei Facebook teilen\" aria-label=\"Bei Facebook teilen\" role=\"button\" rel=\"nofollow\" class=\"shariff-link external external_icon\" style=\"; background-color:#3b5998; color:#fff\" target=\"_blank\"><span class=\"shariff-icon\" style=\"\"><svg width=\"32px\" height=\"20px\" xmlns=\"http:\/\/www.w3.org\/2000\/svg\" viewBox=\"0 0 18 32\"><path fill=\"#3b5998\" d=\"M17.1 0.2v4.7h-2.8q-1.5 0-2.1 0.6t-0.5 1.9v3.4h5.2l-0.7 5.3h-4.5v13.6h-5.5v-13.6h-4.5v-5.3h4.5v-3.9q0-3.3 1.9-5.2t5-1.8q2.6 0 4.1 0.2z\"\/><\/svg><\/span><\/a><\/li><li class=\"shariff-button twitter shariff-nocustomcolor\" style=\"background-color:#595959\"><a href=\"https:\/\/twitter.com\/share?url=https%3A%2F%2Fwww.weiterbildungsmarkt.net%2Fnews%2Fdeutsche-pro-woche-fuenf-stunden-laenger-im-netz-als-im-buero-6885%2F&text=Deutsche%20pro%20Woche%20f%C3%BCnf%20Stunden%20l%C3%A4nger%20im%20Netz%20als%20im%20B%C3%BCro\" title=\"Bei X teilen\" aria-label=\"Bei X teilen\" role=\"button\" rel=\"noopener nofollow\" class=\"shariff-link\" style=\"; background-color:#000; color:#fff\" target=\"_blank\"><span class=\"shariff-icon\" style=\"\"><svg width=\"32px\" height=\"20px\" xmlns=\"http:\/\/www.w3.org\/2000\/svg\" viewBox=\"0 0 24 24\"><path fill=\"#000\" d=\"M14.258 10.152L23.176 0h-2.113l-7.747 8.813L7.133 0H0l9.352 13.328L0 23.973h2.113l8.176-9.309 6.531 9.309h7.133zm-2.895 3.293l-.949-1.328L2.875 1.56h3.246l6.086 8.523.945 1.328 7.91 11.078h-3.246zm0 0\"\/><\/svg><\/span><\/a><\/li><li class=\"shariff-button xing shariff-nocustomcolor\" style=\"background-color:#29888a\"><a href=\"https:\/\/www.xing.com\/spi\/shares\/new?url=https%3A%2F%2Fwww.weiterbildungsmarkt.net%2Fnews%2Fdeutsche-pro-woche-fuenf-stunden-laenger-im-netz-als-im-buero-6885%2F\" title=\"Bei XING teilen\" aria-label=\"Bei XING teilen\" role=\"button\" rel=\"noopener nofollow\" class=\"shariff-link external external_icon\" style=\"; background-color:#126567; color:#fff\" target=\"_blank\"><span class=\"shariff-icon\" style=\"\"><svg width=\"32px\" height=\"20px\" xmlns=\"http:\/\/www.w3.org\/2000\/svg\" viewBox=\"0 0 25 32\"><path fill=\"#126567\" d=\"M10.7 11.9q-0.2 0.3-4.6 8.2-0.5 0.8-1.2 0.8h-4.3q-0.4 0-0.5-0.3t0-0.6l4.5-8q0 0 0 0l-2.9-5q-0.2-0.4 0-0.7 0.2-0.3 0.5-0.3h4.3q0.7 0 1.2 0.8zM25.1 0.4q0.2 0.3 0 0.7l-9.4 16.7 6 11q0.2 0.4 0 0.6-0.2 0.3-0.6 0.3h-4.3q-0.7 0-1.2-0.8l-6-11.1q0.3-0.6 9.5-16.8 0.4-0.8 1.2-0.8h4.3q0.4 0 0.5 0.3z\"\/><\/svg><\/span><\/a><\/li><li class=\"shariff-button linkedin shariff-nocustomcolor\" style=\"background-color:#1488bf\"><a href=\"https:\/\/www.linkedin.com\/sharing\/share-offsite\/?url=https%3A%2F%2Fwww.weiterbildungsmarkt.net%2Fnews%2Fdeutsche-pro-woche-fuenf-stunden-laenger-im-netz-als-im-buero-6885%2F\" title=\"Bei LinkedIn teilen\" aria-label=\"Bei LinkedIn teilen\" role=\"button\" rel=\"noopener nofollow\" class=\"shariff-link external external_icon\" style=\"; background-color:#0077b5; color:#fff\" target=\"_blank\"><span class=\"shariff-icon\" style=\"\"><svg width=\"32px\" height=\"20px\" xmlns=\"http:\/\/www.w3.org\/2000\/svg\" viewBox=\"0 0 27 32\"><path fill=\"#0077b5\" d=\"M6.2 11.2v17.7h-5.9v-17.7h5.9zM6.6 5.7q0 1.3-0.9 2.2t-2.4 0.9h0q-1.5 0-2.4-0.9t-0.9-2.2 0.9-2.2 2.4-0.9 2.4 0.9 0.9 2.2zM27.4 18.7v10.1h-5.9v-9.5q0-1.9-0.7-2.9t-2.3-1.1q-1.1 0-1.9 0.6t-1.2 1.5q-0.2 0.5-0.2 1.4v9.9h-5.9q0-7.1 0-11.6t0-5.3l0-0.9h5.9v2.6h0q0.4-0.6 0.7-1t1-0.9 1.6-0.8 2-0.3q3 0 4.9 2t1.9 6z\"\/><\/svg><\/span><\/a><\/li><li class=\"shariff-button whatsapp shariff-nocustomcolor\" style=\"background-color:#5cbe4a\"><a href=\"https:\/\/api.whatsapp.com\/send?text=https%3A%2F%2Fwww.weiterbildungsmarkt.net%2Fnews%2Fdeutsche-pro-woche-fuenf-stunden-laenger-im-netz-als-im-buero-6885%2F%20Deutsche%20pro%20Woche%20f%C3%BCnf%20Stunden%20l%C3%A4nger%20im%20Netz%20als%20im%20B%C3%BCro\" title=\"Bei Whatsapp teilen\" aria-label=\"Bei Whatsapp teilen\" role=\"button\" rel=\"noopener nofollow\" class=\"shariff-link external external_icon\" style=\"; background-color:#34af23; color:#fff\" target=\"_blank\"><span class=\"shariff-icon\" style=\"\"><svg width=\"32px\" height=\"20px\" xmlns=\"http:\/\/www.w3.org\/2000\/svg\" viewBox=\"0 0 32 32\"><path fill=\"#34af23\" d=\"M17.6 17.4q0.2 0 1.7 0.8t1.6 0.9q0 0.1 0 0.3 0 0.6-0.3 1.4-0.3 0.7-1.3 1.2t-1.8 0.5q-1 0-3.4-1.1-1.7-0.8-3-2.1t-2.6-3.3q-1.3-1.9-1.3-3.5v-0.1q0.1-1.6 1.3-2.8 0.4-0.4 0.9-0.4 0.1 0 0.3 0t0.3 0q0.3 0 0.5 0.1t0.3 0.5q0.1 0.4 0.6 1.6t0.4 1.3q0 0.4-0.6 1t-0.6 0.8q0 0.1 0.1 0.3 0.6 1.3 1.8 2.4 1 0.9 2.7 1.8 0.2 0.1 0.4 0.1 0.3 0 1-0.9t0.9-0.9zM14 26.9q2.3 0 4.3-0.9t3.6-2.4 2.4-3.6 0.9-4.3-0.9-4.3-2.4-3.6-3.6-2.4-4.3-0.9-4.3 0.9-3.6 2.4-2.4 3.6-0.9 4.3q0 3.6 2.1 6.6l-1.4 4.2 4.3-1.4q2.8 1.9 6.2 1.9zM14 2.2q2.7 0 5.2 1.1t4.3 2.9 2.9 4.3 1.1 5.2-1.1 5.2-2.9 4.3-4.3 2.9-5.2 1.1q-3.5 0-6.5-1.7l-7.4 2.4 2.4-7.2q-1.9-3.2-1.9-6.9 0-2.7 1.1-5.2t2.9-4.3 4.3-2.9 5.2-1.1z\"\/><\/svg><\/span><\/a><\/li><li class=\"shariff-button pinterest shariff-nocustomcolor\" style=\"background-color:#e70f18\"><a href=\"https:\/\/www.pinterest.com\/pin\/create\/link\/?url=https%3A%2F%2Fwww.weiterbildungsmarkt.net%2Fnews%2Fdeutsche-pro-woche-fuenf-stunden-laenger-im-netz-als-im-buero-6885%2F&media=https%3A%2F%2Fwww.weiterbildungsmarkt.net%2Fnews%2Fwp-content%2Fuploads%2F2017%2F02%2FInfografik2-1.jpg&description=Deutsche%20pro%20Woche%20f%C3%BCnf%20Stunden%20l%C3%A4nger%20im%20Netz%20als%20im%20B%C3%BCro\" title=\"Bei Pinterest pinnen\" aria-label=\"Bei Pinterest pinnen\" role=\"button\" rel=\"noopener nofollow\" class=\"shariff-link\" style=\"; background-color:#cb2027; color:#fff\" target=\"_blank\"><span class=\"shariff-icon\" style=\"\"><svg width=\"32px\" height=\"20px\" xmlns=\"http:\/\/www.w3.org\/2000\/svg\" viewBox=\"0 0 27 32\"><path fill=\"#cb2027\" d=\"M27.4 16q0 3.7-1.8 6.9t-5 5-6.9 1.9q-2 0-3.9-0.6 1.1-1.7 1.4-2.9 0.2-0.6 1-3.8 0.4 0.7 1.3 1.2t2 0.5q2.1 0 3.8-1.2t2.7-3.4 0.9-4.8q0-2-1.1-3.8t-3.1-2.9-4.5-1.2q-1.9 0-3.5 0.5t-2.8 1.4-2 2-1.2 2.3-0.4 2.4q0 1.9 0.7 3.3t2.1 2q0.5 0.2 0.7-0.4 0-0.1 0.1-0.5t0.2-0.5q0.1-0.4-0.2-0.8-0.9-1.1-0.9-2.7 0-2.7 1.9-4.6t4.9-2q2.7 0 4.2 1.5t1.5 3.8q0 3-1.2 5.2t-3.1 2.1q-1.1 0-1.7-0.8t-0.4-1.9q0.1-0.6 0.5-1.7t0.5-1.8 0.2-1.4q0-0.9-0.5-1.5t-1.4-0.6q-1.1 0-1.9 1t-0.8 2.6q0 1.3 0.4 2.2l-1.8 7.5q-0.3 1.2-0.2 3.2-3.7-1.6-6-5t-2.3-7.6q0-3.7 1.9-6.9t5-5 6.9-1.9 6.9 1.9 5 5 1.8 6.9z\"\/><\/svg><\/span><\/a><\/li><\/ul><\/div>","protected":false},"excerpt":{"rendered":"<p>Die Deutschen verbringen immer mehr Zeit im Internet: 46,2 Stunden sind sie w\u00f6chentlich online. Das sind \u00fcber drei Stunden mehr als im Vorjahr (2017: 42,8 Stunden) und \u00fcber f\u00fcnf Stunden mehr als die durchschnittliche Wochenarbeitszeit eines Vollzeitangestellten. Auf der Arbeit wird das World Wide Web im Schnitt nur 2,6 Stunden f\u00fcr berufliche Zwecke genutzt. Daf\u00fcr [&hellip;]<\/p>\n","protected":false},"author":173,"featured_media":4472,"comment_status":"closed","ping_status":"closed","sticky":false,"template":"","format":"standard","meta":{"_acf_changed":false,"footnotes":""},"categories":[371,112,110],"tags":[],"class_list":["post-6885","post","type-post","status-publish","format-standard","has-post-thumbnail","hentry","category-infografik","category-neuigkeiten","category-studien"],"acf":[],"_links":{"self":[{"href":"https:\/\/www.weiterbildungsmarkt.net\/news\/wp-json\/wp\/v2\/posts\/6885","targetHints":{"allow":["GET"]}}],"collection":[{"href":"https:\/\/www.weiterbildungsmarkt.net\/news\/wp-json\/wp\/v2\/posts"}],"about":[{"href":"https:\/\/www.weiterbildungsmarkt.net\/news\/wp-json\/wp\/v2\/types\/post"}],"author":[{"embeddable":true,"href":"https:\/\/www.weiterbildungsmarkt.net\/news\/wp-json\/wp\/v2\/users\/173"}],"replies":[{"embeddable":true,"href":"https:\/\/www.weiterbildungsmarkt.net\/news\/wp-json\/wp\/v2\/comments?post=6885"}],"version-history":[{"count":1,"href":"https:\/\/www.weiterbildungsmarkt.net\/news\/wp-json\/wp\/v2\/posts\/6885\/revisions"}],"predecessor-version":[{"id":6887,"href":"https:\/\/www.weiterbildungsmarkt.net\/news\/wp-json\/wp\/v2\/posts\/6885\/revisions\/6887"}],"wp:featuredmedia":[{"embeddable":true,"href":"https:\/\/www.weiterbildungsmarkt.net\/news\/wp-json\/wp\/v2\/media\/4472"}],"wp:attachment":[{"href":"https:\/\/www.weiterbildungsmarkt.net\/news\/wp-json\/wp\/v2\/media?parent=6885"}],"wp:term":[{"taxonomy":"category","embeddable":true,"href":"https:\/\/www.weiterbildungsmarkt.net\/news\/wp-json\/wp\/v2\/categories?post=6885"},{"taxonomy":"post_tag","embeddable":true,"href":"https:\/\/www.weiterbildungsmarkt.net\/news\/wp-json\/wp\/v2\/tags?post=6885"}],"curies":[{"name":"wp","href":"https:\/\/api.w.org\/{rel}","templated":true}]}}