{"id":7085,"date":"2018-12-07T10:53:56","date_gmt":"2018-12-07T09:53:56","guid":{"rendered":"https:\/\/www.weiterbildungsmarkt.net\/news\/?p=7085"},"modified":"2018-09-24T16:58:29","modified_gmt":"2018-09-24T14:58:29","slug":"probezeit-fuer-arbeitgeber-umfrage-vergleicht-mitarbeiterwuensche-und-wirklichkeit-im-onboarding","status":"publish","type":"post","link":"https:\/\/www.weiterbildungsmarkt.net\/news\/probezeit-fuer-arbeitgeber-umfrage-vergleicht-mitarbeiterwuensche-und-wirklichkeit-im-onboarding-7085\/","title":{"rendered":"Probezeit f\u00fcr Arbeitgeber: Umfrage vergleicht Mitarbeiterw\u00fcnsche und Wirklichkeit im Onboarding"},"content":{"rendered":"<p style=\"text-align: justify;\"><strong>Die ersten 100 Tage im Job werden mehr und mehr zur Probezeit f\u00fcr Arbeitgeber. 11,6% der Bewerber haben schon einmal in dieser Phase gek\u00fcndigt, 15,7% standen kurz davor. Das ist das Ergebnis einer aktuellen Online-Umfrage von softgarden, an der 2.761 Bewerberinnen und Bewerber teilgenommen haben. Die Untersuchung zeigt: Die Neuen m\u00fcssen auch noch nach Arbeitsantritt f\u00fcr das Unternehmen &#8222;gewonnen&#8220; werden. L\u00e4ngst nicht alle Unternehmen sind f\u00fcr die Probezeit gut gewappnet. Viel Elan, Energie und Einsatzbereitschaft neuer Mitarbeiter verpufft derzeit noch in einer mangelhaften Eingliederungsphase mit wenig \u00fcberzeugenden Prozessen und Akteuren auf Arbeitgeberseite.<\/strong><\/p>\n<figure id=\"attachment_7086\" aria-describedby=\"caption-attachment-7086\" style=\"width: 2000px\" class=\"wp-caption aligncenter\"><img loading=\"lazy\" decoding=\"async\" class=\"wp-image-7086 size-full\" src=\"https:\/\/www.weiterbildungsmarkt.net\/news\/wp-content\/uploads\/2018\/09\/Infografik-Probezeit_Arbeitgeber-0518_300DPI.jpg\" alt=\"Probezeit f\u00fcr Arbeitgeber: die ersten 100 Tage im Job\" width=\"2000\" height=\"2000\" srcset=\"https:\/\/www.weiterbildungsmarkt.net\/news\/wp-content\/uploads\/2018\/09\/Infografik-Probezeit_Arbeitgeber-0518_300DPI.jpg 2000w, https:\/\/www.weiterbildungsmarkt.net\/news\/wp-content\/uploads\/2018\/09\/Infografik-Probezeit_Arbeitgeber-0518_300DPI-120x120.jpg 120w, https:\/\/www.weiterbildungsmarkt.net\/news\/wp-content\/uploads\/2018\/09\/Infografik-Probezeit_Arbeitgeber-0518_300DPI-300x300.jpg 300w, https:\/\/www.weiterbildungsmarkt.net\/news\/wp-content\/uploads\/2018\/09\/Infografik-Probezeit_Arbeitgeber-0518_300DPI-768x768.jpg 768w, https:\/\/www.weiterbildungsmarkt.net\/news\/wp-content\/uploads\/2018\/09\/Infografik-Probezeit_Arbeitgeber-0518_300DPI-1024x1024.jpg 1024w, https:\/\/www.weiterbildungsmarkt.net\/news\/wp-content\/uploads\/2018\/09\/Infografik-Probezeit_Arbeitgeber-0518_300DPI-150x150.jpg 150w, https:\/\/www.weiterbildungsmarkt.net\/news\/wp-content\/uploads\/2018\/09\/Infografik-Probezeit_Arbeitgeber-0518_300DPI-1068x1068.jpg 1068w, https:\/\/www.weiterbildungsmarkt.net\/news\/wp-content\/uploads\/2018\/09\/Infografik-Probezeit_Arbeitgeber-0518_300DPI-420x420.jpg 420w, https:\/\/www.weiterbildungsmarkt.net\/news\/wp-content\/uploads\/2018\/09\/Infografik-Probezeit_Arbeitgeber-0518_300DPI-1920x1920.jpg 1920w\" sizes=\"auto, (max-width: 2000px) 100vw, 2000px\" \/><figcaption id=\"caption-attachment-7086\" class=\"wp-caption-text\">Probezeit f\u00fcr Arbeitgeber: die ersten 100 Tage im Job \/ softgarden-Umfrage vergleicht Mitarbeiterw\u00fcnsche und Wirklichkeit im Onboarding \/ In den ersten 100 Tagen l\u00e4uft einiges schief. Arbeitgeber k\u00f6nnen schon in der Einarbeitungszeit positiv auffallen \/ softgarden-Umfrage vergleicht Mitarbeiterw\u00fcnsche und Wirklichkeit im Onboarding. Quellenangabe: &#8222;obs\/softgarden&#8220;<\/figcaption><\/figure><br \/>\n<p style=\"text-align: justify;\"><strong>Warum gehen Neueinsteiger?<\/strong><\/p>\n<p style=\"text-align: justify;\">Warum brechen Neueinsteiger eine frische Arbeitsbeziehung nach kurzer Zeit wieder ab? In einem Freitextfeld wurden von 200 Teilnehmern mit derartigen K\u00fcndigungserfahrungen vor allem das &#8222;Verhalten der Vorgesetzten&#8220;, eine &#8222;schlechte Einarbeitung&#8220; oder &#8222;falsche Versprechungen&#8220; f\u00fcr die K\u00fcndigung ins Feld gef\u00fchrt. 33,9% der 2.761 Befragten machen die Erfahrung, dass der neue Job im Bewerbungsprozess k\u00fcnstlich hochgejazzt wurde.<\/p>\n<p style=\"text-align: justify;\"><strong>Warum bleiben Neueinsteiger?<\/strong><\/p>\n<p style=\"text-align: justify;\">&#8222;Das tr\u00e4gt dazu bei, dass ich bei einem Arbeitgeber l\u00e4nger an Bord bleibe&#8230;&#8220; 1.612 Teilnehmer teilten ihre Ansichten dazu in einem Kommentarfeld mit. Am h\u00e4ufigsten genannt wurden atmosph\u00e4rische Gr\u00fcnde wie ein &#8222;freundliches Miteinander&#8220; oder &#8222;nette Kollegen&#8220;. Ebenso spielt &#8222;Wertsch\u00e4tzung&#8220; eine gro\u00dfe Rolle. &#8222;Ich erkenne, dass ich wertgesch\u00e4tzt werde und willkommen bin&#8220; priorisieren 74,3% der Befragten hoch, aber nur 44,2% f\u00fchlen sich w\u00e4hrend der ersten 100 Tage im Job tats\u00e4chlich wertgesch\u00e4tzt.<\/p>\n<p style=\"text-align: justify;\"><strong>Onboardingma\u00dfnahmen nach Jobzusage<\/strong><\/p>\n<p style=\"text-align: justify;\">Welche Bindungsma\u00dfnahmen sind aus Sicht der Bewerber in der Zeit zwischen Jobzusage und Arbeitsbeginn besonders wichtig? 77,9% sehen das Vorliegen des Arbeitsvertrags auf Position 1 oder 2 auf einer zehnstufigen Skala, 55,8% die Kontaktaufnahme durch den neuen Vorgesetzten. Die Teilnahme an einer zentralen Veranstaltung f\u00fcr Neue wird von 54,0% hoch priorisiert. In der Realit\u00e4t machen immerhin 13,8% der Befragten die Erfahrung, dass sie auf ihren Arbeitsvertrag warten m\u00fcssen. Bei nicht einmal der H\u00e4lfte meldet sich der Chef in spe und an einer zentralen Einsteigerveranstaltung kann nicht einmal jeder Zwanzigste teilnehmen.<\/p>\n<p style=\"text-align: justify;\"><strong>Onboardingma\u00dfnahmen nach Arbeitsantritt<\/strong><\/p>\n<p style=\"text-align: justify;\">Bei den wichtigsten Angeboten des Arbeitgebers nach Jobantritt sticht ein &#8222;pers\u00f6nlicher Ansprechpartner&#8220; unter den Kollegen hervor, 63,9% der Befragten priorisieren dieses Angebot hoch. F\u00fcr 57,3% ist es wichtig, dass sie am ersten Tag den Kollegen vorgestellt werden, und 48,9% w\u00fcnschen sich dringend einen konkreten Einarbeitungsplan. Die Frage nach den Erfahrungen in der Praxis offenbart deutliche Onboarding-Defizite in den Unternehmen: Jeder vierte Neue wird den Kollegen nicht am ersten Tag vorgestellt, 42,7% bekommen keinen pers\u00f6nlichen Ansprechpartner unter den Kollegen genannt und zwei Drittel m\u00fcssen auf einen konkreten Einarbeitungsplan verzichten.<\/p>\n<p style=\"text-align: justify;\"><strong>Nach Einstellung verreist<\/strong><\/p>\n<p style=\"text-align: justify;\">In den individuellen Kommentaren der Teilnehmer zeigt sich: Aktuell gehen viele Unternehmen trotz der Klage \u00fcber den &#8222;Fachkr\u00e4ftemangel&#8220; sorglos mit ihren frisch gewonnenen Mitarbeitern um: Die Teilnehmer berichten \u00fcber &#8222;Verwirrung pur&#8220;, tagelanges Herumsitzen ohne eigentliche Aufgabe oder F\u00fchrungskr\u00e4fte, die die Neuen schlicht &#8222;vergessen&#8220;. &#8222;Der Einzige, der scheinbar von mir wusste, war der Gesch\u00e4ftsf\u00fchrer, aber der war die n\u00e4chsten zwei Wochen auf Dienstreise&#8220;, schreibt ein Teilnehmer.<\/p>\n<p style=\"text-align: justify;\">&#8222;In der Bewerbungsphase geht es darum zu \u00fcberzeugen. Im Onboarding m\u00fcssen beide Seiten liefern, sowohl Mitarbeiter als auch Arbeitgeber&#8220;, sagt Mathias Heese, Gesch\u00e4ftsf\u00fchrer von softgarden.<\/p>\n<p style=\"text-align: justify;\">Eine ausf\u00fchrliche Auswertung der Umfrage steht als kostenloser Download auf der Website von softgarden zur Verf\u00fcgung: https:\/\/go.softgarden.de\/studie-probezeit-fuer-arbeitgeber. Die Auswertung enth\u00e4lt neben ausf\u00fchrlichen Analysen auch ein Zehn-Punkte-Programm zu den ersten 100 Tagen als Probezeit f\u00fcr Arbeitgeber. Derzeit wird eine Erweiterungsstudie zur Rolle von Vorgesetzten und Kollegen im Onboardingprozess vorbereitet. Interessenten k\u00f6nnen sich unter dem Stichwort &#8222;Onboarding Deep Dive&#8220; vormerken lassen: marketing@softgarden.de.<\/p>\n<p style=\"text-align: justify;\"><strong>\u00dcber softgarden e-recruiting GmbH<\/strong><\/p>\n<p style=\"text-align: justify;\">softgarden ist die f\u00fchrende Softwarel\u00f6sung f\u00fcr innovatives Recruiting, die den hohen Anspr\u00fcchen von Bewerbern in der digitalen Welt gerecht wird. Schon \u00fcber 500 renommierte Unternehmen s\u00e4mtlicher Branchen verbessern mit softgarden ihre Performance im Recruiting. Das Unternehmen stellt einzigartige Funktionen bereit &#8211; wie die Feedbacksolution, eine mobile Recruiting-App f\u00fcr Hiring Manager oder das softgarden Talent Network.<\/p>\n<p style=\"text-align: justify;\">Quelle: <a href=\"https:\/\/www.presseportal.de\/pm\/100361\/3943729\" target=\"_blank\" rel=\"noopener nofollow\" class=\"external external_icon\">Presseportal.de<\/a><\/p>\n<div class=\"shariff shariff-align-flex-start shariff-widget-align-flex-start\"><ul class=\"shariff-buttons theme-round orientation-horizontal buttonsize-medium\"><li class=\"shariff-button facebook shariff-nocustomcolor\" style=\"background-color:#4273c8\"><a href=\"https:\/\/www.facebook.com\/sharer\/sharer.php?u=https%3A%2F%2Fwww.weiterbildungsmarkt.net%2Fnews%2Fprobezeit-fuer-arbeitgeber-umfrage-vergleicht-mitarbeiterwuensche-und-wirklichkeit-im-onboarding-7085%2F\" title=\"Bei Facebook teilen\" aria-label=\"Bei Facebook teilen\" role=\"button\" rel=\"nofollow\" class=\"shariff-link external external_icon\" style=\"; background-color:#3b5998; color:#fff\" target=\"_blank\"><span class=\"shariff-icon\" style=\"\"><svg width=\"32px\" height=\"20px\" xmlns=\"http:\/\/www.w3.org\/2000\/svg\" viewBox=\"0 0 18 32\"><path fill=\"#3b5998\" d=\"M17.1 0.2v4.7h-2.8q-1.5 0-2.1 0.6t-0.5 1.9v3.4h5.2l-0.7 5.3h-4.5v13.6h-5.5v-13.6h-4.5v-5.3h4.5v-3.9q0-3.3 1.9-5.2t5-1.8q2.6 0 4.1 0.2z\"\/><\/svg><\/span><\/a><\/li><li class=\"shariff-button twitter shariff-nocustomcolor\" style=\"background-color:#595959\"><a href=\"https:\/\/twitter.com\/share?url=https%3A%2F%2Fwww.weiterbildungsmarkt.net%2Fnews%2Fprobezeit-fuer-arbeitgeber-umfrage-vergleicht-mitarbeiterwuensche-und-wirklichkeit-im-onboarding-7085%2F&text=Probezeit%20f%C3%BCr%20Arbeitgeber%3A%20Umfrage%20vergleicht%20Mitarbeiterw%C3%BCnsche%20und%20Wirklichkeit%20im%20Onboarding\" title=\"Bei X teilen\" aria-label=\"Bei X teilen\" role=\"button\" rel=\"noopener nofollow\" class=\"shariff-link\" style=\"; background-color:#000; color:#fff\" target=\"_blank\"><span class=\"shariff-icon\" style=\"\"><svg width=\"32px\" height=\"20px\" xmlns=\"http:\/\/www.w3.org\/2000\/svg\" viewBox=\"0 0 24 24\"><path fill=\"#000\" d=\"M14.258 10.152L23.176 0h-2.113l-7.747 8.813L7.133 0H0l9.352 13.328L0 23.973h2.113l8.176-9.309 6.531 9.309h7.133zm-2.895 3.293l-.949-1.328L2.875 1.56h3.246l6.086 8.523.945 1.328 7.91 11.078h-3.246zm0 0\"\/><\/svg><\/span><\/a><\/li><li class=\"shariff-button xing shariff-nocustomcolor\" style=\"background-color:#29888a\"><a href=\"https:\/\/www.xing.com\/spi\/shares\/new?url=https%3A%2F%2Fwww.weiterbildungsmarkt.net%2Fnews%2Fprobezeit-fuer-arbeitgeber-umfrage-vergleicht-mitarbeiterwuensche-und-wirklichkeit-im-onboarding-7085%2F\" title=\"Bei XING teilen\" aria-label=\"Bei XING teilen\" role=\"button\" rel=\"noopener nofollow\" class=\"shariff-link external external_icon\" style=\"; background-color:#126567; color:#fff\" target=\"_blank\"><span class=\"shariff-icon\" style=\"\"><svg width=\"32px\" height=\"20px\" xmlns=\"http:\/\/www.w3.org\/2000\/svg\" viewBox=\"0 0 25 32\"><path fill=\"#126567\" d=\"M10.7 11.9q-0.2 0.3-4.6 8.2-0.5 0.8-1.2 0.8h-4.3q-0.4 0-0.5-0.3t0-0.6l4.5-8q0 0 0 0l-2.9-5q-0.2-0.4 0-0.7 0.2-0.3 0.5-0.3h4.3q0.7 0 1.2 0.8zM25.1 0.4q0.2 0.3 0 0.7l-9.4 16.7 6 11q0.2 0.4 0 0.6-0.2 0.3-0.6 0.3h-4.3q-0.7 0-1.2-0.8l-6-11.1q0.3-0.6 9.5-16.8 0.4-0.8 1.2-0.8h4.3q0.4 0 0.5 0.3z\"\/><\/svg><\/span><\/a><\/li><li class=\"shariff-button linkedin shariff-nocustomcolor\" style=\"background-color:#1488bf\"><a href=\"https:\/\/www.linkedin.com\/sharing\/share-offsite\/?url=https%3A%2F%2Fwww.weiterbildungsmarkt.net%2Fnews%2Fprobezeit-fuer-arbeitgeber-umfrage-vergleicht-mitarbeiterwuensche-und-wirklichkeit-im-onboarding-7085%2F\" title=\"Bei LinkedIn teilen\" aria-label=\"Bei LinkedIn teilen\" role=\"button\" rel=\"noopener nofollow\" class=\"shariff-link external external_icon\" style=\"; background-color:#0077b5; color:#fff\" target=\"_blank\"><span class=\"shariff-icon\" style=\"\"><svg width=\"32px\" height=\"20px\" xmlns=\"http:\/\/www.w3.org\/2000\/svg\" viewBox=\"0 0 27 32\"><path fill=\"#0077b5\" d=\"M6.2 11.2v17.7h-5.9v-17.7h5.9zM6.6 5.7q0 1.3-0.9 2.2t-2.4 0.9h0q-1.5 0-2.4-0.9t-0.9-2.2 0.9-2.2 2.4-0.9 2.4 0.9 0.9 2.2zM27.4 18.7v10.1h-5.9v-9.5q0-1.9-0.7-2.9t-2.3-1.1q-1.1 0-1.9 0.6t-1.2 1.5q-0.2 0.5-0.2 1.4v9.9h-5.9q0-7.1 0-11.6t0-5.3l0-0.9h5.9v2.6h0q0.4-0.6 0.7-1t1-0.9 1.6-0.8 2-0.3q3 0 4.9 2t1.9 6z\"\/><\/svg><\/span><\/a><\/li><li class=\"shariff-button whatsapp shariff-nocustomcolor\" style=\"background-color:#5cbe4a\"><a href=\"https:\/\/api.whatsapp.com\/send?text=https%3A%2F%2Fwww.weiterbildungsmarkt.net%2Fnews%2Fprobezeit-fuer-arbeitgeber-umfrage-vergleicht-mitarbeiterwuensche-und-wirklichkeit-im-onboarding-7085%2F%20Probezeit%20f%C3%BCr%20Arbeitgeber%3A%20Umfrage%20vergleicht%20Mitarbeiterw%C3%BCnsche%20und%20Wirklichkeit%20im%20Onboarding\" title=\"Bei Whatsapp teilen\" aria-label=\"Bei Whatsapp teilen\" role=\"button\" rel=\"noopener nofollow\" class=\"shariff-link external external_icon\" style=\"; background-color:#34af23; color:#fff\" target=\"_blank\"><span class=\"shariff-icon\" style=\"\"><svg width=\"32px\" height=\"20px\" xmlns=\"http:\/\/www.w3.org\/2000\/svg\" viewBox=\"0 0 32 32\"><path fill=\"#34af23\" d=\"M17.6 17.4q0.2 0 1.7 0.8t1.6 0.9q0 0.1 0 0.3 0 0.6-0.3 1.4-0.3 0.7-1.3 1.2t-1.8 0.5q-1 0-3.4-1.1-1.7-0.8-3-2.1t-2.6-3.3q-1.3-1.9-1.3-3.5v-0.1q0.1-1.6 1.3-2.8 0.4-0.4 0.9-0.4 0.1 0 0.3 0t0.3 0q0.3 0 0.5 0.1t0.3 0.5q0.1 0.4 0.6 1.6t0.4 1.3q0 0.4-0.6 1t-0.6 0.8q0 0.1 0.1 0.3 0.6 1.3 1.8 2.4 1 0.9 2.7 1.8 0.2 0.1 0.4 0.1 0.3 0 1-0.9t0.9-0.9zM14 26.9q2.3 0 4.3-0.9t3.6-2.4 2.4-3.6 0.9-4.3-0.9-4.3-2.4-3.6-3.6-2.4-4.3-0.9-4.3 0.9-3.6 2.4-2.4 3.6-0.9 4.3q0 3.6 2.1 6.6l-1.4 4.2 4.3-1.4q2.8 1.9 6.2 1.9zM14 2.2q2.7 0 5.2 1.1t4.3 2.9 2.9 4.3 1.1 5.2-1.1 5.2-2.9 4.3-4.3 2.9-5.2 1.1q-3.5 0-6.5-1.7l-7.4 2.4 2.4-7.2q-1.9-3.2-1.9-6.9 0-2.7 1.1-5.2t2.9-4.3 4.3-2.9 5.2-1.1z\"\/><\/svg><\/span><\/a><\/li><li class=\"shariff-button pinterest shariff-nocustomcolor\" style=\"background-color:#e70f18\"><a href=\"https:\/\/www.pinterest.com\/pin\/create\/link\/?url=https%3A%2F%2Fwww.weiterbildungsmarkt.net%2Fnews%2Fprobezeit-fuer-arbeitgeber-umfrage-vergleicht-mitarbeiterwuensche-und-wirklichkeit-im-onboarding-7085%2F&media=https%3A%2F%2Fwww.weiterbildungsmarkt.net%2Fnews%2Fwp-content%2Fuploads%2F2017%2F02%2FInfografik2-1.jpg&description=Probezeit%20f%C3%BCr%20Arbeitgeber%3A%20Umfrage%20vergleicht%20Mitarbeiterw%C3%BCnsche%20und%20Wirklichkeit%20im%20Onboarding\" title=\"Bei Pinterest pinnen\" aria-label=\"Bei Pinterest pinnen\" role=\"button\" rel=\"noopener nofollow\" class=\"shariff-link\" style=\"; background-color:#cb2027; color:#fff\" target=\"_blank\"><span class=\"shariff-icon\" style=\"\"><svg width=\"32px\" height=\"20px\" xmlns=\"http:\/\/www.w3.org\/2000\/svg\" viewBox=\"0 0 27 32\"><path fill=\"#cb2027\" d=\"M27.4 16q0 3.7-1.8 6.9t-5 5-6.9 1.9q-2 0-3.9-0.6 1.1-1.7 1.4-2.9 0.2-0.6 1-3.8 0.4 0.7 1.3 1.2t2 0.5q2.1 0 3.8-1.2t2.7-3.4 0.9-4.8q0-2-1.1-3.8t-3.1-2.9-4.5-1.2q-1.9 0-3.5 0.5t-2.8 1.4-2 2-1.2 2.3-0.4 2.4q0 1.9 0.7 3.3t2.1 2q0.5 0.2 0.7-0.4 0-0.1 0.1-0.5t0.2-0.5q0.1-0.4-0.2-0.8-0.9-1.1-0.9-2.7 0-2.7 1.9-4.6t4.9-2q2.7 0 4.2 1.5t1.5 3.8q0 3-1.2 5.2t-3.1 2.1q-1.1 0-1.7-0.8t-0.4-1.9q0.1-0.6 0.5-1.7t0.5-1.8 0.2-1.4q0-0.9-0.5-1.5t-1.4-0.6q-1.1 0-1.9 1t-0.8 2.6q0 1.3 0.4 2.2l-1.8 7.5q-0.3 1.2-0.2 3.2-3.7-1.6-6-5t-2.3-7.6q0-3.7 1.9-6.9t5-5 6.9-1.9 6.9 1.9 5 5 1.8 6.9z\"\/><\/svg><\/span><\/a><\/li><\/ul><\/div>","protected":false},"excerpt":{"rendered":"<p>Die ersten 100 Tage im Job werden mehr und mehr zur Probezeit f\u00fcr Arbeitgeber. 11,6% der Bewerber haben schon einmal in dieser Phase gek\u00fcndigt, 15,7% standen kurz davor. Das ist das Ergebnis einer aktuellen Online-Umfrage von softgarden, an der 2.761 Bewerberinnen und Bewerber teilgenommen haben. Die Untersuchung zeigt: Die Neuen m\u00fcssen auch noch nach Arbeitsantritt [&hellip;]<\/p>\n","protected":false},"author":173,"featured_media":4472,"comment_status":"closed","ping_status":"closed","sticky":false,"template":"","format":"standard","meta":{"_acf_changed":false,"footnotes":""},"categories":[112,371,110],"tags":[],"class_list":["post-7085","post","type-post","status-publish","format-standard","has-post-thumbnail","hentry","category-neuigkeiten","category-infografik","category-studien"],"acf":[],"_links":{"self":[{"href":"https:\/\/www.weiterbildungsmarkt.net\/news\/wp-json\/wp\/v2\/posts\/7085","targetHints":{"allow":["GET"]}}],"collection":[{"href":"https:\/\/www.weiterbildungsmarkt.net\/news\/wp-json\/wp\/v2\/posts"}],"about":[{"href":"https:\/\/www.weiterbildungsmarkt.net\/news\/wp-json\/wp\/v2\/types\/post"}],"author":[{"embeddable":true,"href":"https:\/\/www.weiterbildungsmarkt.net\/news\/wp-json\/wp\/v2\/users\/173"}],"replies":[{"embeddable":true,"href":"https:\/\/www.weiterbildungsmarkt.net\/news\/wp-json\/wp\/v2\/comments?post=7085"}],"version-history":[{"count":1,"href":"https:\/\/www.weiterbildungsmarkt.net\/news\/wp-json\/wp\/v2\/posts\/7085\/revisions"}],"predecessor-version":[{"id":7087,"href":"https:\/\/www.weiterbildungsmarkt.net\/news\/wp-json\/wp\/v2\/posts\/7085\/revisions\/7087"}],"wp:featuredmedia":[{"embeddable":true,"href":"https:\/\/www.weiterbildungsmarkt.net\/news\/wp-json\/wp\/v2\/media\/4472"}],"wp:attachment":[{"href":"https:\/\/www.weiterbildungsmarkt.net\/news\/wp-json\/wp\/v2\/media?parent=7085"}],"wp:term":[{"taxonomy":"category","embeddable":true,"href":"https:\/\/www.weiterbildungsmarkt.net\/news\/wp-json\/wp\/v2\/categories?post=7085"},{"taxonomy":"post_tag","embeddable":true,"href":"https:\/\/www.weiterbildungsmarkt.net\/news\/wp-json\/wp\/v2\/tags?post=7085"}],"curies":[{"name":"wp","href":"https:\/\/api.w.org\/{rel}","templated":true}]}}