{"id":7175,"date":"2019-01-10T10:32:50","date_gmt":"2019-01-10T09:32:50","guid":{"rendered":"https:\/\/www.weiterbildungsmarkt.net\/news\/?p=7175"},"modified":"2023-11-22T13:08:47","modified_gmt":"2023-11-22T12:08:47","slug":"arbeitsmarktbarometer-deutsche-arbeitgeber-bleiben-anfang-2019-optimistisch-und-planen-einzustellen","status":"publish","type":"post","link":"https:\/\/www.weiterbildungsmarkt.net\/news\/arbeitsmarktbarometer-deutsche-arbeitgeber-bleiben-anfang-2019-optimistisch-und-planen-einzustellen-7175\/","title":{"rendered":"Arbeitsmarktbarometer: Deutsche Arbeitgeber bleiben Anfang 2019 optimistisch und planen einzustellen"},"content":{"rendered":"<p style=\"text-align: justify;\"><strong>M\u00fcnchen \u00fcberholt Berlin mit st\u00e4rkstem Besch\u00e4ftigungsausblick aller Regionen<\/strong><\/p>\n<p style=\"text-align: justify;\"><strong>&#8211; 17 Prozent der Arbeitgeber in der Industrie planen im ersten <\/strong><br \/><br \/>\n<strong>Quartal 2019 Einstellungen<\/strong><br \/><br \/>\n<strong>&#8211; Einstellungswelle bei den Gro\u00dfunternehmen setzt sich fort<\/strong><\/p>\n<p style=\"text-align: justify;\">Arbeitgeber in Deutschland sind weiter auf Personalsuche. Im aktuellen ManpowerGroup Arbeitsmarktbarometer gibt mehr als jeder zehnte Arbeitgeber an, zwischen Januar und M\u00e4rz kommenden Jahres neue Mitarbeiter einstellen zu wollen. Der saisonbereinigte Netto-Besch\u00e4ftigungsausblick liegt im ersten Quartal 2019 relativ stabil bei +8 Prozent.<\/p>\n<figure id=\"attachment_7176\" aria-describedby=\"caption-attachment-7176\" style=\"width: 2655px\" class=\"wp-caption aligncenter\"><img loading=\"lazy\" decoding=\"async\" class=\"size-full wp-image-7176\" src=\"https:\/\/www.weiterbildungsmarkt.net\/news\/wp-content\/uploads\/2019\/01\/181211-Infografik-Arbeitsmarktbarometer-Q1-2019-001.jpg\" alt=\"Deutsche Arbeitgeber bleiben Anfang 2019 optimistisch\" width=\"2655\" height=\"3683\" srcset=\"https:\/\/www.weiterbildungsmarkt.net\/news\/wp-content\/uploads\/2019\/01\/181211-Infografik-Arbeitsmarktbarometer-Q1-2019-001.jpg 2655w, https:\/\/www.weiterbildungsmarkt.net\/news\/wp-content\/uploads\/2019\/01\/181211-Infografik-Arbeitsmarktbarometer-Q1-2019-001-216x300.jpg 216w, https:\/\/www.weiterbildungsmarkt.net\/news\/wp-content\/uploads\/2019\/01\/181211-Infografik-Arbeitsmarktbarometer-Q1-2019-001-768x1065.jpg 768w, https:\/\/www.weiterbildungsmarkt.net\/news\/wp-content\/uploads\/2019\/01\/181211-Infografik-Arbeitsmarktbarometer-Q1-2019-001-738x1024.jpg 738w, https:\/\/www.weiterbildungsmarkt.net\/news\/wp-content\/uploads\/2019\/01\/181211-Infografik-Arbeitsmarktbarometer-Q1-2019-001-1068x1482.jpg 1068w, https:\/\/www.weiterbildungsmarkt.net\/news\/wp-content\/uploads\/2019\/01\/181211-Infografik-Arbeitsmarktbarometer-Q1-2019-001-303x420.jpg 303w, https:\/\/www.weiterbildungsmarkt.net\/news\/wp-content\/uploads\/2019\/01\/181211-Infografik-Arbeitsmarktbarometer-Q1-2019-001-1920x2663.jpg 1920w\" sizes=\"auto, (max-width: 2655px) 100vw, 2655px\" \/><figcaption id=\"caption-attachment-7176\" class=\"wp-caption-text\">Das ManpowerGroup Arbeitsmarktbarometer gibt Auskunft \u00fcber die Einstellungsbereitschaft deutscher Arbeitgeber f\u00fcr das erste Quartal 2019. Quellenangabe: &#8222;obs\/ManpowerGroup Deutschland GmbH&#8220;<\/figcaption><\/figure><br \/>\n<p style=\"text-align: justify;\">Verglichen mit dem ersten Quartal des Vorjahres stieg die Einstellungsbereitschaft um zwei Prozentpunkte. Gemessen am Vorquartal, das den st\u00e4rksten Wert seit sieben Jahren aufwies, ergibt sich eine leichte Abnahme um einen Prozentpunkt. &#8222;Erste Prognosen \u00fcber eine Eintr\u00fcbung des Wirtschaftsklimas in der Eurozone machen sich in den Einstellungspl\u00e4nen der deutschen Wirtschaft noch nicht bemerkbar&#8220;, sagt Frits Scholte, Vorsitzender der Gesch\u00e4ftsf\u00fchrung der ManpowerGroup Deutschland. &#8222;Zunehmende Handelshemmnisse und der Brexit sorgen zwar f\u00fcr Unsicherheit, aber die Konsumfreude der heimischen Verbraucher st\u00fctzt die Nachfrage weiterhin. Daher werden in M\u00fcnchen und Leipzig, in Konzernen und im Mittelstand, in der Industrie und in der Baubranche Stellen ausgeschrieben. Bremser des Tempos auf dem Arbeitsmarkt ist weniger die Auftragslage als mehr der zu hohe Bedarf an gut ausgebildeten Experten.&#8220; Dies sind einige Ergebnisse und Interpretationen des ManpowerGroup Arbeitsmarktbarometers f\u00fcr das erste Quartal 2019, f\u00fcr das 1.003 Arbeitgeber in Deutschland befragt wurden.<\/p>\n<p style=\"text-align: justify;\">Hervorragende Aussichten f\u00fcr Arbeitssuchende in Deutschlands s\u00fcdlichster Metropole: Die Arbeitgeber in M\u00fcnchen planen mit vielen Bewerbungsgespr\u00e4chen in das neue Jahr zu starten. 21 Prozent der dortigen Firmen wollen zwischen Januar und M\u00e4rz 2019 neu einstellen, 76 Prozent die Belegschaft stabil halten, nur 3 Prozent denken \u00fcber eine Reduktion nach. Das beschert M\u00fcnchen den mit +20 Prozent positivsten Besch\u00e4ftigungsausblick aller Regionen. Die bayrische Landeshauptstadt verbessert sich im Vergleich zum vorangegangenen Quartal und Vorjahr jeweils um 9 Prozentpunkte.&#8220;M\u00fcnchen geh\u00f6rte schon immer zu den prosperierenden Regionen Deutschland, die Einstellungsbereitschaft war fast durchgehend sehr hoch&#8220;, erg\u00e4nzt Scholte. &#8222;Jetzt verzeichnet sie den st\u00e4rksten Wert seit 2012. Und auch im St\u00e4dtevergleich trumpft sie auf. Gerade erst hat die Isar-Metropole den ersten Platz im St\u00e4dtevergleich 2018 der Wirtschaftswoche errungen. Gelobt wird hier die Wirtschaftsstruktur und der herausragende Arbeitsmarkt mit vielen deutschen DAX-Konzernen und besonders gut bezahlten Jobs.&#8220;<\/p>\n<p style=\"text-align: justify;\"><strong>Regionen: M\u00fcnchen vor Berlin, Ost- vor S\u00fcddeutschland<\/strong><\/p>\n<p style=\"text-align: justify;\">Wenn es um die dynamische Entwicklung im Rahmen des St\u00e4dtevergleichs geht, verdr\u00e4ngt M\u00fcnchen Ingolstadt vom Siegertreppchen und l\u00e4sst Berlin auf dem zweiten Platz. Auch bei der MEOS-Erhebung schiebt sich M\u00fcnchen vor die Hauptstadt. W\u00e4hrend die Stadt an der Spree in den vergangenen drei Quartalen 2018 vor der bayrischen Metropole lag, f\u00e4llt sie nun deutlich zur\u00fcck. Die Hauptstadt liegt mit einem Besch\u00e4ftigungsausblick von +16 Prozent an zweiter Stelle der Regionen, verliert aber ganze 10 Prozentpunkte zum Vorquartal. Im Vergleich zum Vorjahr gewinnt Berlin 7 Prozentpunkte. Immerhin 18 Prozent der Berliner Unternehmen planen Einstellungen, 77 Prozent wollen die Besch\u00e4ftigungszahl stabil halten. Es folgt Frankfurt am Main mit einem Besch\u00e4ftigungsausblick von +12 Prozent, ein Gewinn um je 1 Prozentpunkt zum Vorquartal und Vorjahr.<\/p>\n<p style=\"text-align: justify;\">&#8222;Berlin hat viel Innovationskraft, eine dynamische Gr\u00fcnderszene und viele Firmen, die sich mit dem \u00dcberthema Digitalisierung befassen&#8220;, sagt Scholte. &#8222;Doch die soliden Familien- und Gro\u00dfunternehmen M\u00fcnchens haben gerade in sich eintr\u00fcbenden gesamtwirtschaftlichen Lagen die Nase vorn. Die Arbeitgeber dort plagt eher die gegenteilige Sorge, keine Fachkr\u00e4fte zur Aufstockung ihrer Produktion zu finden &#8211; besonders im Handel, der Automobil- und Konsumg\u00fcterindustrie.&#8220;<\/p>\n<p style=\"text-align: justify;\">Dabei sticht M\u00fcnchen besonders heraus, im Rest von S\u00fcddeutschland tr\u00fcbt sich die Prognose zum Jahresbeginn ein: Der Besch\u00e4ftigungsausblick liegt bei +5 Prozent, das entspricht einer Abnahme um 4 Prozentpunkte im Vergleich zum Vorquartal und 6 Prozentpunkte zum Vorjahr. Der Anteil der Unentschlossenen ist im S\u00fcden mit 5 Prozent besonders hoch.<\/p>\n<p style=\"text-align: justify;\">Anders als der sonst so gelobte S\u00fcden steht Ostdeutschland mit hoffnungsvollen +10 Prozent sogar besser da. Der Ausblick steigt um 4 Prozentpunkte zum Vorquartal und 15 Prozentpunkte gegen\u00fcber dem Vorjahr. Jede achte Firma (12 Prozent) will einstellen, 82 Prozent die Mitarbeiterzahl stabil halten, 6 Prozent sie reduzieren.<\/p>\n<p style=\"text-align: justify;\">F\u00fcr das Ruhrgebiet werden +8 Prozent prognostiziert, eine Abnahme um 5 Prozent zum Vorquartal, allerdings eine Abnahme um 5 Prozentpunkte zum Vorjahr. Der Westen insgesamt liegt bei 4 Prozent, verliert je 2 Prozentpunkte. Schlusslicht ist im ersten Quartal 2019 der Norden. Er liegt bei 3 Prozent, verliert 3 Prozentpunkte zum Vorquartal und 5 Prozentpunkte zum Vorjahr. Hier wollen nur 7 Prozent der Firmen einstellen, 10 Prozent dagegen abbauen.<\/p>\n<p style=\"text-align: justify;\"><strong>Branchenvergleich: Industrie und Baubranche suchen Fachkr\u00e4fte<\/strong><\/p>\n<p style=\"text-align: justify;\">Das verarbeitende Gewerbe in Deutschland blickt mit respektablen +12 Prozent besonders positiv in die Zukunft. Der Wert steigt im Vergleich zum Vorquartal um 5 und im Vergleich zum Vorjahr um 7 Prozentpunkte. Damit ist dies die optimistischste Branche im Arbeitsmarktbarometer. &#8222;Die Problematik um die neuen Testvorschriften f\u00fcr Pkw haben die bedeutende Automobilindustrie ausgebremst&#8220;, so Scholte. &#8222;Die Produktion l\u00e4uft jedoch wieder an und zum Anfang des neuen Jahres sollen die Wachstumskr\u00e4fte im verarbeitenden Gewerbe in Deutschland wieder die Oberhand bekommen. &#8222;Damit steigt die Nachfrage nach qualifizierten Mitarbeitern wieder an.&#8220; 17 Prozent der Firmen in der Branche wollen einstellen, 74 Prozent die Belegschaft stabil halten und 6 Prozent eher reduzieren.<\/p>\n<p style=\"text-align: justify;\">Auch sonst ist die Stimmung unter den Arbeitgebern positiv. In acht von neun Branchen ist der Besch\u00e4ftigungsausblick positiv, nur in der Land- und Forstwirtschaft liegt er bei entt\u00e4uschenden -7 Prozent.<\/p>\n<p style=\"text-align: justify;\">Genauso hoch wie im verarbeitenden Gewerbe ist der Besch\u00e4ftigungsausblick in der Baubranche (+12%) und im Bereich Finanzindustrie und Unternehmensdienstleistungen (+12%). Hier ist der Anstieg jedoch nicht so stark. Beide Branchen verlieren sogar zum starken vierte Quartal 2018, die Baubranche um 2, die Finanzbranche um 1 Prozentpunkt. Zum Vorjahr gewinnen jedoch beide (plus 4 und plus 3 Prozentpunkte).<\/p>\n<p style=\"text-align: justify;\">Die Versorger im Bereich Strom, Gas und Wasser vermelden zwar mit +9 Prozent noch einen deutlich positiven Besch\u00e4ftigungsausblick. Sie b\u00fc\u00dfen allerdings 2 Prozentpunkte im Vergleich zum Vorquartal und 6 Prozentpunkte zum Vorjahr ein und geh\u00f6ren damit zu den gr\u00f6\u00dften Verlierern. Gemessen am vierten Quartal 2018 mussten auch die Minenindustrie (-5 Prozentpunkte), die \u00f6ffentliche Wirtschaft (-4 Prozentpunkte) und die Logistikbranche (-3 Prozentpunkte) Verluste einstecken. Im Vergleich zum Vorjahr entwickelten sich diese Branchen jedoch positiv. Die Logistiker konnten sogar deutliche 10 Prozentpunkte zum ersten Quartal 2018 gut machen. Immerhin 14 Prozent der Transport- und Logistikfirmen wollen Anfang 2019 einstellen. Der Gro\u00df- und Einzelhandel bleibt unver\u00e4ndert zum Vorquartal und sinkt um 3 Prozentpunkte im Vergleich zum ersten Quartal 2018.<\/p>\n<p style=\"text-align: justify;\"><strong>Gro\u00dfunternehmen mit h\u00f6chster Einstellungsbereitschaft seit 2003<\/strong><\/p>\n<p style=\"text-align: justify;\">Die Konjunktur bei den Gro\u00dfunternehmen in Deutschland setzt sich fort und schl\u00e4gt sich in hohen Einstellungserwartungen nieder. Mit einem Besch\u00e4ftigungsausblick von boomenden +42 Prozent stehen Konzerne klar an der Spitze der Wirtschaft. Im Vergleich zum Vorquartal entspricht das einer Zunahme um 1, im Vergleich zum Vorjahr um 10 Prozentpunkte. 37 Prozent der gro\u00dfen Firmen wollen im ersten Quartal 2019 einstellen, 56 Prozent die Belegschaft auf demselben Niveau halten. Der Anteil der Unentschlossenen ist jedoch auf 4 Prozent gestiegen. Die Konzerne verzeichnen damit den h\u00f6chsten Wert seit Beginn der MEOS-Aufzeichnungen im Jahr 2003.<\/p>\n<p style=\"text-align: justify;\">Der deutsche Mittelstand steht mit +23 Prozent ebenfalls gesund da, im Vergleich zum Vorquartal bedeutet dies jedoch eine Abnahme um 3, zum Vorjahr verbessert sich der Ausblick um 5 Prozentpunkte. 23 Prozent der Firmen wollen zwischen Januar und M\u00e4rz 2019 einstellen.<\/p>\n<p style=\"text-align: justify;\">Den kleinen Firmen geht es zunehmend besser. Der Besch\u00e4ftigungsausblick liegt bei +13 Prozent, entspricht aber einer Zunahme um 2 Prozentpunkte zum Vorquartal und 6 zum Vorjahr. 15 Prozent von ihnen wollen einstellen. Mikrofirmen weisen nur einen Ausblick von +1 Prozent auf. Das entspricht einer leichten Abnahme um 3 Prozentpunkte zum Vorquartal und um 1 zum Vorjahr.<\/p>\n<p style=\"text-align: justify;\"><strong>Auch weltweit wollen Firmen mehrheitlich Personal aufstocken<\/strong><\/p>\n<p style=\"text-align: justify;\">Weltweit bleibt die Einstellungsbereitschaft der Unternehmen trotz Handelsstreitigkeiten mehrheitlich positiv. Die ManpowerGroup Studie zeigt f\u00fcr das erste Quartal 2019 in 43 von 44 untersuchten L\u00e4ndern und Territorien einen erwarteten Besch\u00e4ftigungszuwachs in der Periode bis Ende M\u00e4rz.<\/p>\n<p style=\"text-align: justify;\">Einstellungserwartungen f\u00fcr das kommende Quartal sind in 16 von 44 L\u00e4ndern und Territorien st\u00e4rker im Vergleich zum Vorquartal, schw\u00e4cher in 23 Gebieten und unver\u00e4ndert in f\u00fcnf. Gegen\u00fcber dem selben Quartal des Vorjahres verbesserten sich die Rekrutierungspl\u00e4ne in 21 Gebieten, schw\u00e4chten sich ab in 20 L\u00e4ndern und Territorien und blieben in zwei** unver\u00e4ndert. Die Einstellungsbereitschaft im ersten Quartal 2019 ist am st\u00e4rksten in Japan, Taiwan, den USA, Slowenien, Griechenland und Hong Kong, w\u00e4hrend Arbeitgeber in Argentinien, der Schweiz, Italien, Panama und Spanien die schw\u00e4chsten Intentionen zur Besch\u00e4ftigung neuer Mitarbeiter vermelden.<\/p>\n<p style=\"text-align: justify;\">In Europa, dem Nahen Osten und Mittelamerika (EMEA) liegt in allen 26 L\u00e4ndern ein positiver Besch\u00e4ftigungsausblick f\u00fcr das erste Quartal 2019 vor. Im Vergleich zum vorherigen Quartal melden Arbeitgeber in acht L\u00e4ndern st\u00e4rkere Einstellungserwartungen, 15 L\u00e4nder berichten jedoch von sich abschw\u00e4chenden Besch\u00e4ftigungspl\u00e4nen. Gegen\u00fcber derselben Periode im Vorjahr verbesserten sich die Aussichten in zw\u00f6lf L\u00e4ndern und schw\u00e4chten in 13 ab. Der st\u00e4rkste Arbeitsmarkt der EMEA-Region befindet sich im kommenden Quartal in Slowenien und Griechenland, w\u00e4hrend die Schweiz die niedrigsten Einstellungserwartungen prognostiziert.<\/p>\n<p style=\"text-align: justify;\"><strong>Hintergrundinformation<\/strong><\/p>\n<p style=\"text-align: justify;\">Die ManpowerGroup ver\u00f6ffentlicht jedes Quartal das ManpowerGroup Arbeitsmarktbarometer. Daf\u00fcr werden \u00fcber 60.000 Arbeitgeber in 44 L\u00e4ndern zu ihren Einstellungs- und Entlassungspl\u00e4nen im jeweils kommenden Quartal befragt. Die Ursprungswerte werden mithilfe einer Methode zur Saisonbereinigung von jahreszeitlichen Schwankungen befreit. Die Untersuchung mit dem internationalen Titel &#8222;ManpowerGroup Employment Outlook Survey&#8220; ist die am l\u00e4ngsten laufende weltweite Untersuchung zur Einsch\u00e4tzung der zuk\u00fcnftigen Arbeitsmarktentwicklung. Die Ergebnisse finden weltweit Beachtung bei \u00d6konomen, Arbeitsmarktexperten und Finanzanalysten. Die Studie dient unter anderem der Europ\u00e4ischen Kommission regelm\u00e4\u00dfig als Quelle f\u00fcr ihren monatlichen Beobachtungsbericht (monthly monitoring report) \u00fcber die europ\u00e4ische Arbeitsmarktlage und die soziale Situation in der EU.<\/p>\n<p style=\"text-align: justify;\"><strong>\u00dcber die ManpowerGroup<\/strong><\/p>\n<p style=\"text-align: justify;\">Die ManpowerGroup ist weltweit f\u00fchrend in der Bereitstellung innovativer L\u00f6sungen und Dienstleistungen, mit denen Unternehmen in der sich ver\u00e4ndernden Welt der Arbeit erfolgreich sein k\u00f6nnen. Mit mehr als 24.000 Mitarbeitern z\u00e4hlt die ManpowerGroup zu den drei gr\u00f6\u00dften Personaldienstleistern in Deutschland.<\/p>\n<p style=\"text-align: justify;\">Quelle: Presseportal.de<\/p>\n<div class=\"shariff shariff-align-left shariff-widget-align-left\"><ul class=\"shariff-buttons theme-round orientation-horizontal buttonsize-medium\"><li class=\"shariff-button facebook shariff-nocustomcolor\" style=\"background-color:#4273c8\"><a href=\"https:\/\/www.facebook.com\/sharer\/sharer.php?u=https%3A%2F%2Fwww.weiterbildungsmarkt.net%2Fnews%2Farbeitsmarktbarometer-deutsche-arbeitgeber-bleiben-anfang-2019-optimistisch-und-planen-einzustellen-7175%2F\" title=\"Bei Facebook teilen\" aria-label=\"Bei Facebook teilen\" role=\"button\" rel=\"nofollow\" class=\"shariff-link external external_icon\" style=\"; background-color:#3b5998; color:#fff\" target=\"_blank\"><span class=\"shariff-icon\" style=\"\"><svg width=\"32px\" height=\"20px\" xmlns=\"http:\/\/www.w3.org\/2000\/svg\" viewBox=\"0 0 18 32\"><path fill=\"#3b5998\" d=\"M17.1 0.2v4.7h-2.8q-1.5 0-2.1 0.6t-0.5 1.9v3.4h5.2l-0.7 5.3h-4.5v13.6h-5.5v-13.6h-4.5v-5.3h4.5v-3.9q0-3.3 1.9-5.2t5-1.8q2.6 0 4.1 0.2z\"\/><\/svg><\/span><\/a><\/li><li class=\"shariff-button twitter shariff-nocustomcolor\" style=\"background-color:#595959\"><a href=\"https:\/\/twitter.com\/share?url=https%3A%2F%2Fwww.weiterbildungsmarkt.net%2Fnews%2Farbeitsmarktbarometer-deutsche-arbeitgeber-bleiben-anfang-2019-optimistisch-und-planen-einzustellen-7175%2F&text=Arbeitsmarktbarometer%3A%20Deutsche%20Arbeitgeber%20bleiben%20Anfang%202019%20optimistisch%20und%20planen%20einzustellen\" title=\"Bei X teilen\" aria-label=\"Bei X teilen\" role=\"button\" rel=\"noopener nofollow\" class=\"shariff-link\" style=\"; background-color:#000; color:#fff\" target=\"_blank\"><span class=\"shariff-icon\" style=\"\"><svg width=\"32px\" height=\"20px\" xmlns=\"http:\/\/www.w3.org\/2000\/svg\" viewBox=\"0 0 24 24\"><path fill=\"#000\" d=\"M14.258 10.152L23.176 0h-2.113l-7.747 8.813L7.133 0H0l9.352 13.328L0 23.973h2.113l8.176-9.309 6.531 9.309h7.133zm-2.895 3.293l-.949-1.328L2.875 1.56h3.246l6.086 8.523.945 1.328 7.91 11.078h-3.246zm0 0\"\/><\/svg><\/span><\/a><\/li><li class=\"shariff-button xing shariff-nocustomcolor\" style=\"background-color:#29888a\"><a href=\"https:\/\/www.xing.com\/spi\/shares\/new?url=https%3A%2F%2Fwww.weiterbildungsmarkt.net%2Fnews%2Farbeitsmarktbarometer-deutsche-arbeitgeber-bleiben-anfang-2019-optimistisch-und-planen-einzustellen-7175%2F\" title=\"Bei XING teilen\" aria-label=\"Bei XING teilen\" role=\"button\" rel=\"noopener nofollow\" class=\"shariff-link external external_icon\" style=\"; background-color:#126567; color:#fff\" target=\"_blank\"><span class=\"shariff-icon\" style=\"\"><svg width=\"32px\" height=\"20px\" xmlns=\"http:\/\/www.w3.org\/2000\/svg\" viewBox=\"0 0 25 32\"><path fill=\"#126567\" d=\"M10.7 11.9q-0.2 0.3-4.6 8.2-0.5 0.8-1.2 0.8h-4.3q-0.4 0-0.5-0.3t0-0.6l4.5-8q0 0 0 0l-2.9-5q-0.2-0.4 0-0.7 0.2-0.3 0.5-0.3h4.3q0.7 0 1.2 0.8zM25.1 0.4q0.2 0.3 0 0.7l-9.4 16.7 6 11q0.2 0.4 0 0.6-0.2 0.3-0.6 0.3h-4.3q-0.7 0-1.2-0.8l-6-11.1q0.3-0.6 9.5-16.8 0.4-0.8 1.2-0.8h4.3q0.4 0 0.5 0.3z\"\/><\/svg><\/span><\/a><\/li><li class=\"shariff-button linkedin shariff-nocustomcolor\" style=\"background-color:#1488bf\"><a href=\"https:\/\/www.linkedin.com\/sharing\/share-offsite\/?url=https%3A%2F%2Fwww.weiterbildungsmarkt.net%2Fnews%2Farbeitsmarktbarometer-deutsche-arbeitgeber-bleiben-anfang-2019-optimistisch-und-planen-einzustellen-7175%2F\" title=\"Bei LinkedIn teilen\" aria-label=\"Bei LinkedIn teilen\" role=\"button\" rel=\"noopener nofollow\" class=\"shariff-link external external_icon\" style=\"; background-color:#0077b5; color:#fff\" target=\"_blank\"><span class=\"shariff-icon\" style=\"\"><svg width=\"32px\" height=\"20px\" xmlns=\"http:\/\/www.w3.org\/2000\/svg\" viewBox=\"0 0 27 32\"><path fill=\"#0077b5\" d=\"M6.2 11.2v17.7h-5.9v-17.7h5.9zM6.6 5.7q0 1.3-0.9 2.2t-2.4 0.9h0q-1.5 0-2.4-0.9t-0.9-2.2 0.9-2.2 2.4-0.9 2.4 0.9 0.9 2.2zM27.4 18.7v10.1h-5.9v-9.5q0-1.9-0.7-2.9t-2.3-1.1q-1.1 0-1.9 0.6t-1.2 1.5q-0.2 0.5-0.2 1.4v9.9h-5.9q0-7.1 0-11.6t0-5.3l0-0.9h5.9v2.6h0q0.4-0.6 0.7-1t1-0.9 1.6-0.8 2-0.3q3 0 4.9 2t1.9 6z\"\/><\/svg><\/span><\/a><\/li><li class=\"shariff-button whatsapp shariff-nocustomcolor\" style=\"background-color:#5cbe4a\"><a href=\"https:\/\/api.whatsapp.com\/send?text=https%3A%2F%2Fwww.weiterbildungsmarkt.net%2Fnews%2Farbeitsmarktbarometer-deutsche-arbeitgeber-bleiben-anfang-2019-optimistisch-und-planen-einzustellen-7175%2F%20Arbeitsmarktbarometer%3A%20Deutsche%20Arbeitgeber%20bleiben%20Anfang%202019%20optimistisch%20und%20planen%20einzustellen\" title=\"Bei Whatsapp teilen\" aria-label=\"Bei Whatsapp teilen\" role=\"button\" rel=\"noopener nofollow\" class=\"shariff-link external external_icon\" style=\"; background-color:#34af23; color:#fff\" target=\"_blank\"><span class=\"shariff-icon\" style=\"\"><svg width=\"32px\" height=\"20px\" xmlns=\"http:\/\/www.w3.org\/2000\/svg\" viewBox=\"0 0 32 32\"><path fill=\"#34af23\" d=\"M17.6 17.4q0.2 0 1.7 0.8t1.6 0.9q0 0.1 0 0.3 0 0.6-0.3 1.4-0.3 0.7-1.3 1.2t-1.8 0.5q-1 0-3.4-1.1-1.7-0.8-3-2.1t-2.6-3.3q-1.3-1.9-1.3-3.5v-0.1q0.1-1.6 1.3-2.8 0.4-0.4 0.9-0.4 0.1 0 0.3 0t0.3 0q0.3 0 0.5 0.1t0.3 0.5q0.1 0.4 0.6 1.6t0.4 1.3q0 0.4-0.6 1t-0.6 0.8q0 0.1 0.1 0.3 0.6 1.3 1.8 2.4 1 0.9 2.7 1.8 0.2 0.1 0.4 0.1 0.3 0 1-0.9t0.9-0.9zM14 26.9q2.3 0 4.3-0.9t3.6-2.4 2.4-3.6 0.9-4.3-0.9-4.3-2.4-3.6-3.6-2.4-4.3-0.9-4.3 0.9-3.6 2.4-2.4 3.6-0.9 4.3q0 3.6 2.1 6.6l-1.4 4.2 4.3-1.4q2.8 1.9 6.2 1.9zM14 2.2q2.7 0 5.2 1.1t4.3 2.9 2.9 4.3 1.1 5.2-1.1 5.2-2.9 4.3-4.3 2.9-5.2 1.1q-3.5 0-6.5-1.7l-7.4 2.4 2.4-7.2q-1.9-3.2-1.9-6.9 0-2.7 1.1-5.2t2.9-4.3 4.3-2.9 5.2-1.1z\"\/><\/svg><\/span><\/a><\/li><li class=\"shariff-button pinterest shariff-nocustomcolor\" style=\"background-color:#e70f18\"><a href=\"https:\/\/www.pinterest.com\/pin\/create\/link\/?url=https%3A%2F%2Fwww.weiterbildungsmarkt.net%2Fnews%2Farbeitsmarktbarometer-deutsche-arbeitgeber-bleiben-anfang-2019-optimistisch-und-planen-einzustellen-7175%2F&media=https%3A%2F%2Fwww.weiterbildungsmarkt.net%2Fnews%2Fwp-content%2Fuploads%2F2017%2F02%2FInfografik2-1.jpg&description=Arbeitsmarktbarometer%3A%20Deutsche%20Arbeitgeber%20bleiben%20Anfang%202019%20optimistisch%20und%20planen%20einzustellen\" title=\"Bei Pinterest pinnen\" aria-label=\"Bei Pinterest pinnen\" role=\"button\" rel=\"noopener nofollow\" class=\"shariff-link\" style=\"; background-color:#cb2027; color:#fff\" target=\"_blank\"><span class=\"shariff-icon\" style=\"\"><svg width=\"32px\" height=\"20px\" xmlns=\"http:\/\/www.w3.org\/2000\/svg\" viewBox=\"0 0 27 32\"><path fill=\"#cb2027\" d=\"M27.4 16q0 3.7-1.8 6.9t-5 5-6.9 1.9q-2 0-3.9-0.6 1.1-1.7 1.4-2.9 0.2-0.6 1-3.8 0.4 0.7 1.3 1.2t2 0.5q2.1 0 3.8-1.2t2.7-3.4 0.9-4.8q0-2-1.1-3.8t-3.1-2.9-4.5-1.2q-1.9 0-3.5 0.5t-2.8 1.4-2 2-1.2 2.3-0.4 2.4q0 1.9 0.7 3.3t2.1 2q0.5 0.2 0.7-0.4 0-0.1 0.1-0.5t0.2-0.5q0.1-0.4-0.2-0.8-0.9-1.1-0.9-2.7 0-2.7 1.9-4.6t4.9-2q2.7 0 4.2 1.5t1.5 3.8q0 3-1.2 5.2t-3.1 2.1q-1.1 0-1.7-0.8t-0.4-1.9q0.1-0.6 0.5-1.7t0.5-1.8 0.2-1.4q0-0.9-0.5-1.5t-1.4-0.6q-1.1 0-1.9 1t-0.8 2.6q0 1.3 0.4 2.2l-1.8 7.5q-0.3 1.2-0.2 3.2-3.7-1.6-6-5t-2.3-7.6q0-3.7 1.9-6.9t5-5 6.9-1.9 6.9 1.9 5 5 1.8 6.9z\"\/><\/svg><\/span><\/a><\/li><\/ul><\/div>","protected":false},"excerpt":{"rendered":"<p>M\u00fcnchen \u00fcberholt Berlin mit st\u00e4rkstem Besch\u00e4ftigungsausblick aller Regionen &#8211; 17 Prozent der Arbeitgeber in der Industrie planen im ersten Quartal 2019 Einstellungen &#8211; Einstellungswelle bei den Gro\u00dfunternehmen setzt sich fort Arbeitgeber in Deutschland sind weiter auf Personalsuche. Im aktuellen ManpowerGroup Arbeitsmarktbarometer gibt mehr als jeder zehnte Arbeitgeber an, zwischen Januar und M\u00e4rz kommenden Jahres neue [&hellip;]<\/p>\n","protected":false},"author":173,"featured_media":4472,"comment_status":"closed","ping_status":"closed","sticky":false,"template":"","format":"standard","meta":{"_acf_changed":false,"footnotes":""},"categories":[112,110],"tags":[],"class_list":["post-7175","post","type-post","status-publish","format-standard","has-post-thumbnail","hentry","category-neuigkeiten","category-studien"],"acf":[],"_links":{"self":[{"href":"https:\/\/www.weiterbildungsmarkt.net\/news\/wp-json\/wp\/v2\/posts\/7175","targetHints":{"allow":["GET"]}}],"collection":[{"href":"https:\/\/www.weiterbildungsmarkt.net\/news\/wp-json\/wp\/v2\/posts"}],"about":[{"href":"https:\/\/www.weiterbildungsmarkt.net\/news\/wp-json\/wp\/v2\/types\/post"}],"author":[{"embeddable":true,"href":"https:\/\/www.weiterbildungsmarkt.net\/news\/wp-json\/wp\/v2\/users\/173"}],"replies":[{"embeddable":true,"href":"https:\/\/www.weiterbildungsmarkt.net\/news\/wp-json\/wp\/v2\/comments?post=7175"}],"version-history":[{"count":2,"href":"https:\/\/www.weiterbildungsmarkt.net\/news\/wp-json\/wp\/v2\/posts\/7175\/revisions"}],"predecessor-version":[{"id":9140,"href":"https:\/\/www.weiterbildungsmarkt.net\/news\/wp-json\/wp\/v2\/posts\/7175\/revisions\/9140"}],"wp:featuredmedia":[{"embeddable":true,"href":"https:\/\/www.weiterbildungsmarkt.net\/news\/wp-json\/wp\/v2\/media\/4472"}],"wp:attachment":[{"href":"https:\/\/www.weiterbildungsmarkt.net\/news\/wp-json\/wp\/v2\/media?parent=7175"}],"wp:term":[{"taxonomy":"category","embeddable":true,"href":"https:\/\/www.weiterbildungsmarkt.net\/news\/wp-json\/wp\/v2\/categories?post=7175"},{"taxonomy":"post_tag","embeddable":true,"href":"https:\/\/www.weiterbildungsmarkt.net\/news\/wp-json\/wp\/v2\/tags?post=7175"}],"curies":[{"name":"wp","href":"https:\/\/api.w.org\/{rel}","templated":true}]}}