{"id":7180,"date":"2019-01-11T09:42:58","date_gmt":"2019-01-11T08:42:58","guid":{"rendered":"https:\/\/www.weiterbildungsmarkt.net\/news\/?p=7180"},"modified":"2019-01-07T15:44:39","modified_gmt":"2019-01-07T14:44:39","slug":"weiterbildung-zu-digitalthemen-boomt","status":"publish","type":"post","link":"https:\/\/www.weiterbildungsmarkt.net\/news\/weiterbildung-zu-digitalthemen-boomt-7180\/","title":{"rendered":"Weiterbildung zu Digitalthemen boomt"},"content":{"rendered":"<p style=\"text-align: justify;\"><strong>63 Prozent der Unternehmen bieten Fortbildungen zu <\/strong><br \/><br \/>\n<strong>Digitalkompetenzen an<\/strong><br \/><br \/>\n<strong>Aber: Zu wenig Zeit und finanzielle Mittel f\u00fcr regelm\u00e4\u00dfige <\/strong><br \/><br \/>\n<strong>Schulungen<\/strong><br \/><br \/>\n<strong>Strategische Verankerung und st\u00e4rkere politische F\u00f6rderung <\/strong><br \/><br \/>\n<strong>notwendig<\/strong><br \/><br \/>\n<strong>Gemeinsame Studie von T\u00dcV-Verband und Bitkom zur beruflichen <\/strong><br \/><br \/>\n<strong>Weiterbildung<\/strong><\/p>\n<p style=\"text-align: justify;\">Fast zwei Drittel aller Unternehmen (63 Prozent) bilden ihre Mitarbeiterinnen und Mitarbeiter zu Digitalthemen weiter. Das hat eine gemeinsame Studie des T\u00dcV-Verbands und des Digitalverbands Bitkom ergeben, f\u00fcr die 504 Unternehmen ab 10 Mitarbeitern in Deutschland befragt wurden. Zum Vergleich: Vor zwei Jahren haben erst 36 Prozent der Unternehmen ihren Mitarbeitern Fortbildungen angeboten, damit sie digitale Kompetenzen erwerben und vertiefen k\u00f6nnen. &#8222;Den digitalen Wandel in den Unternehmen m\u00fcssen die Besch\u00e4ftigen gestalten&#8220;, sagte Dr. Michael F\u00fcbi, Pr\u00e4sident des T\u00dcV-Verbands (VdT\u00dcV), bei Vorstellung der Studienergebnisse in Berlin. &#8222;Die Mitarbeiter brauchen die richtigen Kompetenzen, um die digitale Transformation voranzutreiben. Eine moderne Weiterbildungskultur ist daf\u00fcr der Schl\u00fcssel.&#8220; Vier von f\u00fcnf Befragten (78 Prozent) sind der Meinung, dass digitale Kompetenzen genauso wichtig werden wie fachliche oder soziale Kompetenzen. Weitere 18 Prozent halten digitale Kompetenzen in Zukunft sogar f\u00fcr die wichtigste F\u00e4higkeit von Arbeitnehmern. &#8222;Digitale Weiterbildung boomt. Eine gute Qualifikation und die Bereitschaft zu einer stetigen Weiterqualifizierung sichern langfristig Chancen auf dem Arbeitsmarkt und erm\u00f6glichen Teilhabe in der digitalen Welt&#8220;, sagte Bitkom-Pr\u00e4sident Achim Berg. &#8222;Weiterbildung und lebenslanges Lernen m\u00fcssen deshalb raus aus dem Podiumssprech und rein in die unternehmerische Praxis. Digitalkompetenz geh\u00f6rt dabei in den Mittelpunkt.&#8220;<\/p>\n<p style=\"text-align: justify;\">Nahezu alle Befragten sind sich einig, dass lebenslanges Lernen im Zusammenhang mit der Digitalisierung immer wichtiger wird (99 Prozent). Schule, Ausbildung und Studium reichen heute nicht mehr f\u00fcr das gesamte Berufsleben aus und m\u00fcssen durch regelm\u00e4\u00dfige Fortbildungen im Arbeitsalltag erg\u00e4nzt werden. Dieser Aussage stimmen 95 Prozent der Unternehmen zu. Die betriebliche Realit\u00e4t sieht laut den Ergebnissen der Studie in der Regel allerdings anders aus. Im Schnitt k\u00f6nnen Besch\u00e4ftigte j\u00e4hrlich nur 2,3 Arbeitstage f\u00fcr Weiterbildungen aller Art nutzen. Daf\u00fcr stehen jedem Mitarbeiter durchschnittlich 709 Euro zur Verf\u00fcgung. Zum Vergleich: Ein Seminartag bei einem externen Anbieter kostet durchschnittlich etwa 450 bis 500 Euro. &#8222;Die Weiterbildungsbudgets sind in vielen Unternehmen knapp bemessen&#8220;, sagte F\u00fcbi. Besonders problematisch sei, dass jedes f\u00fcnfte Unternehmen gar nicht weiterbildet (21 Prozent).<\/p>\n<p style=\"text-align: justify;\">Mit einem Anteil von 57 Prozent hat die Mehrheit der Unternehmen keine Strategie f\u00fcr die Vermittlung digitaler Kompetenzen. Zu den Digitalkompetenzen z\u00e4hlen die individuellen Kompetenzen der Besch\u00e4ftigten im Umgang mit digitalen Ger\u00e4ten wie Computern, Smartphones oder Tablets und bei der Nutzung digitaler Anwendungen wie Software oder Apps, aber auch Grundkenntnisse im Programmieren. &#8222;F\u00fcr die Weiterbildung zu Digitalthemen ist ein strategischer Ansatz sinnvoll und notwendig&#8220;, betonte F\u00fcbi. &#8222;Die Weiterbildungsstrategie sollte sich aus einer zentralen Digitalstrategie ableiten. Nur dann k\u00f6nnen Schulungen Mitarbeiter gezielt f\u00f6rdern und gleichzeitig auf die \u00fcbergeordneten Ziele des Unternehmens einzahlen.&#8220; Daneben sei es notwendig, digitale Kompetenzen zeitgem\u00e4\u00df zu vermitteln. F\u00fcbi: &#8222;Berufliches Lernen muss Spa\u00df machen und sich wie selbstverst\u00e4ndlich in den beruflichen Alltag einf\u00fcgen.&#8220;<\/p>\n<p style=\"text-align: justify;\">Ein geeignetes Mittel daf\u00fcr sind digitale Lernmethoden. Zwar sind acht von zehn Unternehmen (79 Prozent) gegen\u00fcber E-Learning aufgeschlossen. Allerdings nutzt nur jedes dritte Unternehmen (32 Prozent) auch digitale Lernangebote. &#8222;Auch wenn digitale Lernformaten in vielen Unternehmen bereits bekannt sind, stehen wir bei der digitalen Transformation der Weiterbildung erst am Anfang. Noch immer ist die Weiterbildung in Deutschland vor allem durch konventionelle Pr\u00e4senzformate gepr\u00e4gt&#8220;, sagte Berg. Dabei seien digitale Angebote viel leichter in den Arbeitsalltag zu integrieren und steigerten zudem Motivation und Lernerfolg. Berg: &#8222;Nie war es f\u00fcr Mitarbeiter einfacher, unabh\u00e4ngig von Zeit und Ort zu lernen &#8211; direkt am Arbeitsplatz, auf Bahnfahrten, im Wartezimmer oder in der Mittagspause. Zudem k\u00f6nnen die Inhalte besser und zielgerichteter vermittelt werden. Neue Technologien wie das sogenannte adaptive Learning passen das Lernangebot genau an den individuellen Wissensstand und Lernfortschritt des Nutzers an.&#8220;<\/p>\n<p style=\"text-align: justify;\">Aus Sicht von Bitkom und T\u00dcV-Verband sollten Unternehmen eine Weiterbildungskultur etablieren, um berufliches Lernen lebenslang zu erm\u00f6glichen. Grundlage daf\u00fcr sei eine Weiterbildungsstrategie rund um digitale Kompetenzen und die Bereitstellung ausreichender finanzieller Mittel. &#8222;Digitale Weiterbildung ist kein Nice-to-Have, sondern ein Muss&#8220;, sagte Berg. Neben st\u00e4rkeren Anstrengungen der Wirtschaft k\u00f6nne die Politik die betriebliche Weiterbildung gezielt f\u00f6rdern. Vier von f\u00fcnf Unternehmen fordern steuerliche Verg\u00fcnstigungen f\u00fcr Weiterbildungsausgaben (81 Prozent). Zudem sollten Ausgaben f\u00fcr Schulungen auch f\u00fcr die Besch\u00e4ftigten ohne H\u00f6chstgrenze steuerlich absetzbar sein (73 Prozent) und neue Modelle wie das so genannte Bildungssparen staatlich gef\u00f6rdert werden (59 Prozent). Bitkom und T\u00dcV-Verband schlagen au\u00dferdem vor, in den Bundesl\u00e4ndern Kompetenzzentren f\u00fcr digitale Weiterbildung und Arbeit 4.0 einzurichten. &#8222;Die Bildungszentren k\u00f6nnten als neutrale Anlaufstelle f\u00fcr interessierte Unternehmen und Arbeitnehmer dienen. Hier k\u00f6nnen zudem neue Bildungskonzepte entwickelt und in der Praxis erprobt werden&#8220;, sagte Berg. Berufliche Bildung sei eine gesamtgesellschaftliche Aufgabe. &#8222;Unternehmen profitieren von digital qualifizierten Mitarbeitern. Die Besch\u00e4ftigten bekommen ihrerseits bessere Jobs und bleiben auch im fortgeschrittenen Alter attraktiv f\u00fcr den Arbeitsmarkt. Kluge K\u00f6pfe sind das wichtigste Kapital im digitalen Deutschland. Daran m\u00fcssen wir gemeinsam arbeiten.&#8220;<\/p>\n<p style=\"text-align: justify;\">Methodik-Hinweis: Grundlage der Angaben ist eine repr\u00e4sentative Umfrage von Bitkom Research im Auftrag des T\u00dcV-Verbands und des Digitalverbands Bitkom unter 504 Unternehmen ab 10 Mitarbeitern in Deutschland. Befragt wurden Gesch\u00e4ftsf\u00fchrer und CEOs sowie Personalleiter und HR-Manager.<\/p>\n<p style=\"text-align: justify;\">Bitkom vertritt mehr als 2.600 Unternehmen der digitalen Wirtschaft, davon gut 1.800 Direktmitglieder. Sie erzielen allein mit IT- und Telekommunikationsleistungen j\u00e4hrlich Ums\u00e4tze von 190 Milliarden Euro, darunter Exporte in H\u00f6he von 50 Milliarden Euro. Die Bitkom-Mitglieder besch\u00e4ftigen in Deutschland mehr als 2 Millionen Mitarbeiterinnen und Mitarbeiter. Zu den Mitgliedern z\u00e4hlen 1.000 Mittelst\u00e4ndler, mehr als 400 Start-ups und nahezu alle Global Player. Sie bieten Software, IT-Services, Telekommunikations- oder Internetdienste an, stellen Ger\u00e4te und Bauteile her, sind im Bereich der digitalen Medien t\u00e4tig oder in anderer Weise Teil der digitalen Wirtschaft. 80 Prozent der Unternehmen haben ihren Hauptsitz in Deutschland, jeweils 8 Prozent kommen aus Europa und den USA, 4 Prozent aus anderen Regionen. Bitkom f\u00f6rdert und treibt die digitale Transformation der deutschen Wirtschaft und setzt sich f\u00fcr eine breite gesellschaftliche Teilhabe an den digitalen Entwicklungen ein. Ziel ist es, Deutschland zu einem weltweit f\u00fchrenden Digitalstandort zu machen.<\/p>\n<p style=\"text-align: justify;\">Der VdT\u00dcV vertritt die politischen und fachlichen Interessen seiner Mitglieder gegen\u00fcber Politik, Verwaltung, Wirtschaft und \u00d6ffentlichkeit. Gewachsen aus einer \u00fcber 130-j\u00e4hrigen Tradition, setzt sich der T\u00dcV-Verband f\u00fcr technische Sicherheit und das Vertrauen in Produkte, Anlagen und Dienstleistungen durch unabh\u00e4ngige Pr\u00fcfungen ein. Mit seinen Mitgliedern verfolgt er das Ziel, das hohe Niveau der technischen Sicherheit in unserer Gesellschaft zu wahren und sichere Rahmenbedingungen f\u00fcr den digitalen Wandel zu entwickeln. Die T\u00dcV-Akademien z\u00e4hlen mit rund 20.000 Seminaren und mehr als 200.000 Teilnehmern pro Jahr zu den gr\u00f6\u00dften Weiterbildungsanbietern in Deutschland.<\/p>\n<p style=\"text-align: justify;\">Quelle: <a href=\"https:\/\/www.presseportal.de\/pm\/65031\/4119168\" target=\"_blank\" rel=\"noopener nofollow\" class=\"external external_icon\">Presseportal.de<\/a><\/p>\n<div class=\"shariff shariff-align-left shariff-widget-align-left\"><ul class=\"shariff-buttons theme-round orientation-horizontal buttonsize-medium\"><li class=\"shariff-button facebook shariff-nocustomcolor\" style=\"background-color:#4273c8\"><a href=\"https:\/\/www.facebook.com\/sharer\/sharer.php?u=https%3A%2F%2Fwww.weiterbildungsmarkt.net%2Fnews%2Fweiterbildung-zu-digitalthemen-boomt-7180%2F\" title=\"Bei Facebook teilen\" aria-label=\"Bei Facebook teilen\" role=\"button\" rel=\"nofollow\" class=\"shariff-link external external_icon\" style=\"; background-color:#3b5998; color:#fff\" target=\"_blank\"><span class=\"shariff-icon\" style=\"\"><svg width=\"32px\" height=\"20px\" xmlns=\"http:\/\/www.w3.org\/2000\/svg\" viewBox=\"0 0 18 32\"><path fill=\"#3b5998\" d=\"M17.1 0.2v4.7h-2.8q-1.5 0-2.1 0.6t-0.5 1.9v3.4h5.2l-0.7 5.3h-4.5v13.6h-5.5v-13.6h-4.5v-5.3h4.5v-3.9q0-3.3 1.9-5.2t5-1.8q2.6 0 4.1 0.2z\"\/><\/svg><\/span><\/a><\/li><li class=\"shariff-button twitter shariff-nocustomcolor\" style=\"background-color:#595959\"><a href=\"https:\/\/twitter.com\/share?url=https%3A%2F%2Fwww.weiterbildungsmarkt.net%2Fnews%2Fweiterbildung-zu-digitalthemen-boomt-7180%2F&text=Weiterbildung%20zu%20Digitalthemen%20boomt\" title=\"Bei X teilen\" aria-label=\"Bei X teilen\" role=\"button\" rel=\"noopener nofollow\" class=\"shariff-link\" style=\"; background-color:#000; color:#fff\" target=\"_blank\"><span class=\"shariff-icon\" style=\"\"><svg width=\"32px\" height=\"20px\" xmlns=\"http:\/\/www.w3.org\/2000\/svg\" viewBox=\"0 0 24 24\"><path fill=\"#000\" d=\"M14.258 10.152L23.176 0h-2.113l-7.747 8.813L7.133 0H0l9.352 13.328L0 23.973h2.113l8.176-9.309 6.531 9.309h7.133zm-2.895 3.293l-.949-1.328L2.875 1.56h3.246l6.086 8.523.945 1.328 7.91 11.078h-3.246zm0 0\"\/><\/svg><\/span><\/a><\/li><li class=\"shariff-button xing shariff-nocustomcolor\" style=\"background-color:#29888a\"><a href=\"https:\/\/www.xing.com\/spi\/shares\/new?url=https%3A%2F%2Fwww.weiterbildungsmarkt.net%2Fnews%2Fweiterbildung-zu-digitalthemen-boomt-7180%2F\" title=\"Bei XING teilen\" aria-label=\"Bei XING teilen\" role=\"button\" rel=\"noopener nofollow\" class=\"shariff-link external external_icon\" style=\"; background-color:#126567; color:#fff\" target=\"_blank\"><span class=\"shariff-icon\" style=\"\"><svg width=\"32px\" height=\"20px\" xmlns=\"http:\/\/www.w3.org\/2000\/svg\" viewBox=\"0 0 25 32\"><path fill=\"#126567\" d=\"M10.7 11.9q-0.2 0.3-4.6 8.2-0.5 0.8-1.2 0.8h-4.3q-0.4 0-0.5-0.3t0-0.6l4.5-8q0 0 0 0l-2.9-5q-0.2-0.4 0-0.7 0.2-0.3 0.5-0.3h4.3q0.7 0 1.2 0.8zM25.1 0.4q0.2 0.3 0 0.7l-9.4 16.7 6 11q0.2 0.4 0 0.6-0.2 0.3-0.6 0.3h-4.3q-0.7 0-1.2-0.8l-6-11.1q0.3-0.6 9.5-16.8 0.4-0.8 1.2-0.8h4.3q0.4 0 0.5 0.3z\"\/><\/svg><\/span><\/a><\/li><li class=\"shariff-button linkedin shariff-nocustomcolor\" style=\"background-color:#1488bf\"><a href=\"https:\/\/www.linkedin.com\/sharing\/share-offsite\/?url=https%3A%2F%2Fwww.weiterbildungsmarkt.net%2Fnews%2Fweiterbildung-zu-digitalthemen-boomt-7180%2F\" title=\"Bei LinkedIn teilen\" aria-label=\"Bei LinkedIn teilen\" role=\"button\" rel=\"noopener nofollow\" class=\"shariff-link external external_icon\" style=\"; background-color:#0077b5; color:#fff\" target=\"_blank\"><span class=\"shariff-icon\" style=\"\"><svg width=\"32px\" height=\"20px\" xmlns=\"http:\/\/www.w3.org\/2000\/svg\" viewBox=\"0 0 27 32\"><path fill=\"#0077b5\" d=\"M6.2 11.2v17.7h-5.9v-17.7h5.9zM6.6 5.7q0 1.3-0.9 2.2t-2.4 0.9h0q-1.5 0-2.4-0.9t-0.9-2.2 0.9-2.2 2.4-0.9 2.4 0.9 0.9 2.2zM27.4 18.7v10.1h-5.9v-9.5q0-1.9-0.7-2.9t-2.3-1.1q-1.1 0-1.9 0.6t-1.2 1.5q-0.2 0.5-0.2 1.4v9.9h-5.9q0-7.1 0-11.6t0-5.3l0-0.9h5.9v2.6h0q0.4-0.6 0.7-1t1-0.9 1.6-0.8 2-0.3q3 0 4.9 2t1.9 6z\"\/><\/svg><\/span><\/a><\/li><li class=\"shariff-button whatsapp shariff-nocustomcolor\" style=\"background-color:#5cbe4a\"><a href=\"https:\/\/api.whatsapp.com\/send?text=https%3A%2F%2Fwww.weiterbildungsmarkt.net%2Fnews%2Fweiterbildung-zu-digitalthemen-boomt-7180%2F%20Weiterbildung%20zu%20Digitalthemen%20boomt\" title=\"Bei Whatsapp teilen\" aria-label=\"Bei Whatsapp teilen\" role=\"button\" rel=\"noopener nofollow\" class=\"shariff-link external external_icon\" style=\"; background-color:#34af23; color:#fff\" target=\"_blank\"><span class=\"shariff-icon\" style=\"\"><svg width=\"32px\" height=\"20px\" xmlns=\"http:\/\/www.w3.org\/2000\/svg\" viewBox=\"0 0 32 32\"><path fill=\"#34af23\" d=\"M17.6 17.4q0.2 0 1.7 0.8t1.6 0.9q0 0.1 0 0.3 0 0.6-0.3 1.4-0.3 0.7-1.3 1.2t-1.8 0.5q-1 0-3.4-1.1-1.7-0.8-3-2.1t-2.6-3.3q-1.3-1.9-1.3-3.5v-0.1q0.1-1.6 1.3-2.8 0.4-0.4 0.9-0.4 0.1 0 0.3 0t0.3 0q0.3 0 0.5 0.1t0.3 0.5q0.1 0.4 0.6 1.6t0.4 1.3q0 0.4-0.6 1t-0.6 0.8q0 0.1 0.1 0.3 0.6 1.3 1.8 2.4 1 0.9 2.7 1.8 0.2 0.1 0.4 0.1 0.3 0 1-0.9t0.9-0.9zM14 26.9q2.3 0 4.3-0.9t3.6-2.4 2.4-3.6 0.9-4.3-0.9-4.3-2.4-3.6-3.6-2.4-4.3-0.9-4.3 0.9-3.6 2.4-2.4 3.6-0.9 4.3q0 3.6 2.1 6.6l-1.4 4.2 4.3-1.4q2.8 1.9 6.2 1.9zM14 2.2q2.7 0 5.2 1.1t4.3 2.9 2.9 4.3 1.1 5.2-1.1 5.2-2.9 4.3-4.3 2.9-5.2 1.1q-3.5 0-6.5-1.7l-7.4 2.4 2.4-7.2q-1.9-3.2-1.9-6.9 0-2.7 1.1-5.2t2.9-4.3 4.3-2.9 5.2-1.1z\"\/><\/svg><\/span><\/a><\/li><li class=\"shariff-button pinterest shariff-nocustomcolor\" style=\"background-color:#e70f18\"><a href=\"https:\/\/www.pinterest.com\/pin\/create\/link\/?url=https%3A%2F%2Fwww.weiterbildungsmarkt.net%2Fnews%2Fweiterbildung-zu-digitalthemen-boomt-7180%2F&media=https%3A%2F%2Fwww.weiterbildungsmarkt.net%2Fnews%2Fwp-content%2Fuploads%2F2017%2F11%2FNT174.png&description=Weiterbildung%20zu%20Digitalthemen%20boomt\" title=\"Bei Pinterest pinnen\" aria-label=\"Bei Pinterest pinnen\" role=\"button\" rel=\"noopener nofollow\" class=\"shariff-link\" style=\"; background-color:#cb2027; color:#fff\" target=\"_blank\"><span class=\"shariff-icon\" style=\"\"><svg width=\"32px\" height=\"20px\" xmlns=\"http:\/\/www.w3.org\/2000\/svg\" viewBox=\"0 0 27 32\"><path fill=\"#cb2027\" d=\"M27.4 16q0 3.7-1.8 6.9t-5 5-6.9 1.9q-2 0-3.9-0.6 1.1-1.7 1.4-2.9 0.2-0.6 1-3.8 0.4 0.7 1.3 1.2t2 0.5q2.1 0 3.8-1.2t2.7-3.4 0.9-4.8q0-2-1.1-3.8t-3.1-2.9-4.5-1.2q-1.9 0-3.5 0.5t-2.8 1.4-2 2-1.2 2.3-0.4 2.4q0 1.9 0.7 3.3t2.1 2q0.5 0.2 0.7-0.4 0-0.1 0.1-0.5t0.2-0.5q0.1-0.4-0.2-0.8-0.9-1.1-0.9-2.7 0-2.7 1.9-4.6t4.9-2q2.7 0 4.2 1.5t1.5 3.8q0 3-1.2 5.2t-3.1 2.1q-1.1 0-1.7-0.8t-0.4-1.9q0.1-0.6 0.5-1.7t0.5-1.8 0.2-1.4q0-0.9-0.5-1.5t-1.4-0.6q-1.1 0-1.9 1t-0.8 2.6q0 1.3 0.4 2.2l-1.8 7.5q-0.3 1.2-0.2 3.2-3.7-1.6-6-5t-2.3-7.6q0-3.7 1.9-6.9t5-5 6.9-1.9 6.9 1.9 5 5 1.8 6.9z\"\/><\/svg><\/span><\/a><\/li><\/ul><\/div>","protected":false},"excerpt":{"rendered":"<p>63 Prozent der Unternehmen bieten Fortbildungen zu Digitalkompetenzen an Aber: Zu wenig Zeit und finanzielle Mittel f\u00fcr regelm\u00e4\u00dfige Schulungen Strategische Verankerung und st\u00e4rkere politische F\u00f6rderung notwendig Gemeinsame Studie von T\u00dcV-Verband und Bitkom zur beruflichen Weiterbildung Fast zwei Drittel aller Unternehmen (63 Prozent) bilden ihre Mitarbeiterinnen und Mitarbeiter zu Digitalthemen weiter. Das hat eine gemeinsame Studie [&hellip;]<\/p>\n","protected":false},"author":192,"featured_media":6108,"comment_status":"closed","ping_status":"closed","sticky":false,"template":"","format":"standard","meta":{"_acf_changed":false,"footnotes":""},"categories":[112,110,1],"tags":[],"class_list":["post-7180","post","type-post","status-publish","format-standard","has-post-thumbnail","hentry","category-neuigkeiten","category-studien","category-weiterbildung"],"acf":[],"_links":{"self":[{"href":"https:\/\/www.weiterbildungsmarkt.net\/news\/wp-json\/wp\/v2\/posts\/7180","targetHints":{"allow":["GET"]}}],"collection":[{"href":"https:\/\/www.weiterbildungsmarkt.net\/news\/wp-json\/wp\/v2\/posts"}],"about":[{"href":"https:\/\/www.weiterbildungsmarkt.net\/news\/wp-json\/wp\/v2\/types\/post"}],"author":[{"embeddable":true,"href":"https:\/\/www.weiterbildungsmarkt.net\/news\/wp-json\/wp\/v2\/users\/192"}],"replies":[{"embeddable":true,"href":"https:\/\/www.weiterbildungsmarkt.net\/news\/wp-json\/wp\/v2\/comments?post=7180"}],"version-history":[{"count":1,"href":"https:\/\/www.weiterbildungsmarkt.net\/news\/wp-json\/wp\/v2\/posts\/7180\/revisions"}],"predecessor-version":[{"id":7181,"href":"https:\/\/www.weiterbildungsmarkt.net\/news\/wp-json\/wp\/v2\/posts\/7180\/revisions\/7181"}],"wp:featuredmedia":[{"embeddable":true,"href":"https:\/\/www.weiterbildungsmarkt.net\/news\/wp-json\/wp\/v2\/media\/6108"}],"wp:attachment":[{"href":"https:\/\/www.weiterbildungsmarkt.net\/news\/wp-json\/wp\/v2\/media?parent=7180"}],"wp:term":[{"taxonomy":"category","embeddable":true,"href":"https:\/\/www.weiterbildungsmarkt.net\/news\/wp-json\/wp\/v2\/categories?post=7180"},{"taxonomy":"post_tag","embeddable":true,"href":"https:\/\/www.weiterbildungsmarkt.net\/news\/wp-json\/wp\/v2\/tags?post=7180"}],"curies":[{"name":"wp","href":"https:\/\/api.w.org\/{rel}","templated":true}]}}