{"id":7198,"date":"2019-01-24T09:47:23","date_gmt":"2019-01-24T08:47:23","guid":{"rendered":"https:\/\/www.weiterbildungsmarkt.net\/news\/?p=7198"},"modified":"2026-01-08T10:46:32","modified_gmt":"2026-01-08T09:46:32","slug":"mythos-millennials-wie-denken-und-arbeiten-junge-fuehrungskraefte","status":"publish","type":"post","link":"https:\/\/www.weiterbildungsmarkt.net\/news\/mythos-millennials-wie-denken-und-arbeiten-junge-fuehrungskraefte-7198\/","title":{"rendered":"Mythos Millennials: Wie denken und arbeiten junge F\u00fchrungskr\u00e4fte?"},"content":{"rendered":"<p style=\"text-align: justify;\">Der aktuelle Hernstein Management Report beleuchtet wie F\u00fchrungs\u00adkr\u00e4fte der Generation der Millennials \u2013 geboren zwischen 1980 und 1995 \u2013 denken und arbeiten. Zudem hinterfragt der Report welche Meinung F\u00fchrungskr\u00e4fte der vorangegangenen Generationen \u00fcber die nachkommende hat. 56% der befragten F\u00fchrungskr\u00e4fte sch\u00e4tzen Millennials hinsichtlich ihrer Werte, Priorit\u00e4ten und Einstellungen ganz anders ein als die Erwerbs\u00adgenerationen davor. 50% halten die Diskussion rund um Millennials allerdings f\u00fcr \u00fcbertrieben. Was stimmt? Der Hernstein Management Report zeigt, dass Millennials gar nicht so anders sind. Genau wie \u00e4ltere Erwerbst\u00e4tige legen sie Wert auf eine faire und angemessene Entlohnung (53%), Freiheit (44%) und Sicherheit im Job (33%). Spannend: Was jungen F\u00fchrungskr\u00e4ften selbst wichtig ist, sch\u00e4tzen sie f\u00fcr andere Millennials zwar in manchen Aspekten \u00e4hnlich, in anderen aber g\u00e4nzlich anders ein. Die meisten F\u00fchrungskr\u00e4fte unter 40 sind mit ihrem Arbeitsplatz sehr zufrieden (77%) und k\u00f6nnen sich vorstellen, auch in 5 Jahren noch f\u00fcr ihr Unternehmen zu arbeiten (73%). Rund zwei Drittel der Befragten k\u00f6nnen Arbeits- und Privatleben gut miteinander verbinden und f\u00fchlen sich von ihrem Unternehmen dabei auch unterst\u00fctzt (64%). Millennials nutzen Angebote der Unter\u00adnehmen zur besseren Vereinbarkeit von Berufs- und Privatleben wesentlich h\u00e4ufiger und haben eine h\u00f6here Bereitschaft Teilzeit zu arbeiten. F\u00fcr 71% der Millennials passen die Werte ihres Unternehmens mit ihren eigenen Werten und Einstellungen \u00fcberein.<\/p>\n<p style=\"text-align: justify;\">\u201eDer Report zeigt auf, dass in manchen Aspekten sehr wohl Unterschiede zwischen der Generation der Millennials und ihren Vorg\u00e4ngern bestehen. Diese Tatsache kann zu einem gewissen Teil auf die Rahmenbedingungen \u2013 Stichwort Digitalisierung \u2013 zur\u00fcckgef\u00fchrt werden, die sich in den letzten Jahrzehnten rasant weiterentwickelt und die Arbeits- und Lebensweise beein\u00adflusst haben. Allerdings sind die Unterschiede weniger ausgepr\u00e4gt als weithin angenommen. So denken und arbeiten Millennials sehr \u00e4hnlich wie die Generationen vor ihnen \u2013 beispielsweise in Bezug auf die Wechselbereitschaft oder die Top-3-Faktoren, die ihnen bei der Arbeit wichtig sind\u201c, sagt Mag. Michaela Kreitmayer, Leiterin Hernstein Institut f\u00fcr Management und Leadership. Schlussfolgernd f\u00fcgt sie hinzu: \u201eF\u00fcr F\u00fchrungs\u00adkr\u00e4fte als auch die Personalentwicklung hei\u00dft es einerseits, Generationen \u00fcbergreifendes F\u00fchren zu ber\u00fccksichtigen. Andererseits gilt es, Zeit in jede einzelne Mitarbeiterin und jeden einzelnen Mitarbeiter zu investieren \u2013 egal welcher Generation sie oder er angeh\u00f6rt. Nur so k\u00f6nnen sie ihr Potenzial optimal entfalten.\u201c<\/p>\n<p style=\"text-align: justify;\"><strong>Mythos Millennials \u2013 viel L\u00e4rm um nichts?<\/strong><\/p>\n<p style=\"text-align: justify;\">Millennials sind \u2013 je nach Definition \u2013 zwischen 1980 und 1995 geboren. Der Hernstein Management Report hat \u00f6sterreichische und deutsche F\u00fchrungskr\u00e4fte befragt, ob der Mythos Millennials gerecht\u00adfertigt ist. Die Mehrheit der Befragten (56%) vermutet, dass die Jungen ganz andere Einstellungen, Werte und Priorit\u00e4ten haben als die Erwerbsgenerationen davor. 47% meinen, Millennials h\u00e4tten einen h\u00f6heren Anspruch an Sinn und Selbstbest\u00e4tigung in der Arbeit. 40% beschreiben das F\u00fchren von Millennials als herausfordernder. Insgesamt sind 50% der F\u00fchrungs\u00adkr\u00e4fte der Meinung, die Diskussion rund um Millennials sei \u00fcbertrieben und es g\u00e4be bei weitem nicht so viele Unterschiede, wie allgemein behauptet wird.<\/p>\n<p style=\"text-align: justify;\"><strong>Wie geht es den Millennials in der Arbeit?<\/strong><\/p>\n<p style=\"text-align: justify;\">Insgesamt scheinen Millennials recht zufrieden mit ihrer Arbeit zu sein. 77% der befragten F\u00fchrungs\u00adkr\u00e4fte unter 40 Jahren bezeichnen ihren aktuellen Arbeitsplatz als sehr gut. 82% sind stolz auf das, was im Unternehmen geleistet wird. 73% k\u00f6nnen sich vorstellen, auch in 5 Jahren noch f\u00fcr ihr aktuelles Unternehmen zu arbeiten. Millennials sind also offen f\u00fcr neue Jobangebote, aber nicht grund\u00ads\u00e4tzlich suchend. Es \u00fcberrascht deshalb nicht, dass 70% ihren Arbeitgeber auch weiter\u00adempfehlen w\u00fcrden.<\/p>\n<p style=\"text-align: justify;\"><strong>Mythos meets reality: Was Millennials in der Arbeit wichtig ist<\/strong><\/p>\n<p style=\"text-align: justify;\">Die Top-3-Faktoren, die Millennials im Berufsleben besonders wichtig sind, unterscheiden sich kaum von jenen der Nicht-Millennials. 53% nennen gute finanzielle Verg\u00fctung, 44% Freir\u00e4ume und 37% einen sicheren Arbeitsplatz. Nicht-Millennials sehen das \u00e4hnlich, nur in anderer Reihenfolge. Wenn junge F\u00fchrungskr\u00e4fte nicht \u00fcber sich selbst, sondern \u00fcber Millennials eine Aussage zu den Top-3-Faktoren treffen sollen, kommt man dem Mythos Millennials auf die Spur: Was ihnen selbst wichtig ist, sch\u00e4tzen sie f\u00fcr andere Millennials zwar in manchen Aspekten \u00e4hnlich, in anderen aber g\u00e4nzlich anders ein. So sind f\u00fcr die unter 40-J\u00e4hrigen Freir\u00e4ume und Eigenverantwortung sehr wichtig (44%), f\u00fcr andere Millennials sch\u00e4tzen sie diesen Faktor deutlich weniger wichtig ein (28%). \u00c4hnlich verh\u00e4lt es sich bei den Aspekten sicherer Arbeitsplatzes und ausgeglichene Life-Balance. Millennials schreiben anderen Millennials Werte zu, die f\u00fcr sie selbst nicht unter den Top-3 aufscheinen.<\/p>\n<p style=\"text-align: justify;\"><strong>Work-Life-Balance: Alles in Ordnung?<\/strong><\/p>\n<p style=\"text-align: justify;\">Rund zwei Drittel der befragten F\u00fchrungskr\u00e4fte unter 40 Jahren k\u00f6nnen Arbeits- und Privatleben gut miteinander verbinden. 64% f\u00fchlen sich von ihrem Unternehmen dabei auch unterst\u00fctzt. F\u00fcr die meisten Millennials scheint Work-Life-Blending Realit\u00e4t zu sein: 43% geben an, dass sie regelm\u00e4\u00dfig private Telefonate oder Besorgungen w\u00e4hrend der Arbeitszeit erledigen. 45% sagen, dass sie sich ebenso regelm\u00e4\u00dfig au\u00dferhalb dieser mit berufliche Themen befassen. Millennials nutzen Angebote zu Karenz und Kinderbetreuung deutlich h\u00e4ufiger (30%) als \u00e4ltere F\u00fchrungskr\u00e4fte (3% bzw. 4%), was soziodemografisch erkl\u00e4rbar ist. Aber auch altersunabh\u00e4ngige Angebote wie Teilzeitm\u00f6glichkeiten, Jobsharing, Sabbatical etc. scheinen f\u00fcr Millennials deutlich attraktiver. 56% der Millennials unter den F\u00fchrungskr\u00e4ften glauben, dass eine Teilzeit-Stelle als F\u00fchrungskraft auch automatisch einen Verzicht auf Karrierem\u00f6glichkeiten bedeutet.<\/p>\n<p style=\"text-align: justify;\"><strong>Wie passen Millennials ins Unternehmen?<\/strong><\/p>\n<p style=\"text-align: justify;\">Erfreuliche 82% der befragten j\u00fcngeren F\u00fchrungskr\u00e4fte arbeiten gerne in ihrem derzeitigen Unter\u00adnehmen. Die Mehrheit empfindet auch eine hohe \u00dcbereinstimmung \u2013 sowohl mit den Unter\u00adnehmens\u00adwerten (71%) als auch den F\u00fchrungswerten ihres Unternehmens (70%). 37% erleben eine 80-100%ige \u00dcbereinstimmung mit ihren Idealvorstellungen von einem Unternehmen. Diese Ergebnisse unterscheiden sich nicht signifikant zwischen Millennials und Nicht-Millennials.<\/p>\n<p style=\"text-align: justify;\"><strong>Anders und doch nicht anders \u2013 welche Werte f\u00fcr Millennials wichtig sind<\/strong><\/p>\n<p style=\"text-align: justify;\">Millennials und Nicht-Millennials scheinen ein sehr \u00e4hnliches Werteprofil zu haben. Beide Alters\u00adgruppen identifizieren sich vor allem mit den Werten rund um Humanismus, Selbstbestimmung und Universalismus, am wenigsten mit Konformit\u00e4t, Stimulanz und Macht. Bei einzelnen Aspekten zeigen sich allerdings signifikante Unterschiede: So k\u00f6nnen 26% der F\u00fchrungskr\u00e4fte unter 40 Jahren dem Gedanken, viel Geld zu haben und teure Sachen zu besitzen, viel abgewinnen. Bei den \u00fcber 40-J\u00e4hrigen sind es lediglich 12%. Die eigenen F\u00e4higkeiten zu zeigen und von Anderen bewundert zu werden spricht 43% der Millennials, jedoch nur 33% der Nicht-Millennials an. Auch zu den Aspekten Spa\u00df und Abwechslung gibt es mit 43% eine h\u00f6here Zustimmung von j\u00fcngeren als von \u00e4lteren F\u00fchrungs\u00adkr\u00e4ften mit nur 33%.<\/p>\n<p style=\"text-align: justify;\"><strong>\u00dcber die Studie<\/strong><\/p>\n<p style=\"text-align: justify;\">Der Hernstein Management Report erhebt seit 20 Jahren ein j\u00e4hrliches Stimmungsbild unter F\u00fchrungskr\u00e4ften und Unternehmerinnen und Unternehmern in \u00d6sterreich und Deutschland.<\/p>\n<p style=\"text-align: justify;\">Befragungszeitraum f\u00fcr die aktuelle Ausgabe: April 2018, befragte Personen: 1.516 F\u00fchrungskr\u00e4fte sowie Unternehmerinnen und Unternehmer, davon 510 in \u00d6sterreich und 1.006 in Deutschland.<br \/><br \/>\nBefragungsart: Online-Befragung, durchgef\u00fchrt von vieconsult GmbH.<\/p>\n<p style=\"text-align: justify;\">Quelle: APA Ots<\/p>\n<div class=\"shariff shariff-align-left shariff-widget-align-left\"><ul class=\"shariff-buttons theme-round orientation-horizontal buttonsize-medium\"><li class=\"shariff-button facebook shariff-nocustomcolor\" style=\"background-color:#4273c8\"><a href=\"https:\/\/www.facebook.com\/sharer\/sharer.php?u=https%3A%2F%2Fwww.weiterbildungsmarkt.net%2Fnews%2Fmythos-millennials-wie-denken-und-arbeiten-junge-fuehrungskraefte-7198%2F\" title=\"Bei Facebook teilen\" aria-label=\"Bei Facebook teilen\" role=\"button\" rel=\"nofollow\" class=\"shariff-link external external_icon\" style=\"; background-color:#3b5998; color:#fff\" target=\"_blank\"><span class=\"shariff-icon\" style=\"\"><svg width=\"32px\" height=\"20px\" xmlns=\"http:\/\/www.w3.org\/2000\/svg\" viewBox=\"0 0 18 32\"><path fill=\"#3b5998\" d=\"M17.1 0.2v4.7h-2.8q-1.5 0-2.1 0.6t-0.5 1.9v3.4h5.2l-0.7 5.3h-4.5v13.6h-5.5v-13.6h-4.5v-5.3h4.5v-3.9q0-3.3 1.9-5.2t5-1.8q2.6 0 4.1 0.2z\"\/><\/svg><\/span><\/a><\/li><li class=\"shariff-button twitter shariff-nocustomcolor\" style=\"background-color:#595959\"><a href=\"https:\/\/twitter.com\/share?url=https%3A%2F%2Fwww.weiterbildungsmarkt.net%2Fnews%2Fmythos-millennials-wie-denken-und-arbeiten-junge-fuehrungskraefte-7198%2F&text=Mythos%20Millennials%3A%20Wie%20denken%20und%20arbeiten%20junge%20F%C3%BChrungskr%C3%A4fte%3F\" title=\"Bei X teilen\" aria-label=\"Bei X teilen\" role=\"button\" rel=\"noopener nofollow\" class=\"shariff-link\" style=\"; background-color:#000; color:#fff\" target=\"_blank\"><span class=\"shariff-icon\" style=\"\"><svg width=\"32px\" height=\"20px\" xmlns=\"http:\/\/www.w3.org\/2000\/svg\" viewBox=\"0 0 24 24\"><path fill=\"#000\" d=\"M14.258 10.152L23.176 0h-2.113l-7.747 8.813L7.133 0H0l9.352 13.328L0 23.973h2.113l8.176-9.309 6.531 9.309h7.133zm-2.895 3.293l-.949-1.328L2.875 1.56h3.246l6.086 8.523.945 1.328 7.91 11.078h-3.246zm0 0\"\/><\/svg><\/span><\/a><\/li><li class=\"shariff-button xing shariff-nocustomcolor\" style=\"background-color:#29888a\"><a href=\"https:\/\/www.xing.com\/spi\/shares\/new?url=https%3A%2F%2Fwww.weiterbildungsmarkt.net%2Fnews%2Fmythos-millennials-wie-denken-und-arbeiten-junge-fuehrungskraefte-7198%2F\" title=\"Bei XING teilen\" aria-label=\"Bei XING teilen\" role=\"button\" rel=\"noopener nofollow\" class=\"shariff-link external external_icon\" style=\"; background-color:#126567; color:#fff\" target=\"_blank\"><span class=\"shariff-icon\" style=\"\"><svg width=\"32px\" height=\"20px\" xmlns=\"http:\/\/www.w3.org\/2000\/svg\" viewBox=\"0 0 25 32\"><path fill=\"#126567\" d=\"M10.7 11.9q-0.2 0.3-4.6 8.2-0.5 0.8-1.2 0.8h-4.3q-0.4 0-0.5-0.3t0-0.6l4.5-8q0 0 0 0l-2.9-5q-0.2-0.4 0-0.7 0.2-0.3 0.5-0.3h4.3q0.7 0 1.2 0.8zM25.1 0.4q0.2 0.3 0 0.7l-9.4 16.7 6 11q0.2 0.4 0 0.6-0.2 0.3-0.6 0.3h-4.3q-0.7 0-1.2-0.8l-6-11.1q0.3-0.6 9.5-16.8 0.4-0.8 1.2-0.8h4.3q0.4 0 0.5 0.3z\"\/><\/svg><\/span><\/a><\/li><li class=\"shariff-button linkedin shariff-nocustomcolor\" style=\"background-color:#1488bf\"><a href=\"https:\/\/www.linkedin.com\/sharing\/share-offsite\/?url=https%3A%2F%2Fwww.weiterbildungsmarkt.net%2Fnews%2Fmythos-millennials-wie-denken-und-arbeiten-junge-fuehrungskraefte-7198%2F\" title=\"Bei LinkedIn teilen\" aria-label=\"Bei LinkedIn teilen\" role=\"button\" rel=\"noopener nofollow\" class=\"shariff-link external external_icon\" style=\"; background-color:#0077b5; color:#fff\" target=\"_blank\"><span class=\"shariff-icon\" style=\"\"><svg width=\"32px\" height=\"20px\" xmlns=\"http:\/\/www.w3.org\/2000\/svg\" viewBox=\"0 0 27 32\"><path fill=\"#0077b5\" d=\"M6.2 11.2v17.7h-5.9v-17.7h5.9zM6.6 5.7q0 1.3-0.9 2.2t-2.4 0.9h0q-1.5 0-2.4-0.9t-0.9-2.2 0.9-2.2 2.4-0.9 2.4 0.9 0.9 2.2zM27.4 18.7v10.1h-5.9v-9.5q0-1.9-0.7-2.9t-2.3-1.1q-1.1 0-1.9 0.6t-1.2 1.5q-0.2 0.5-0.2 1.4v9.9h-5.9q0-7.1 0-11.6t0-5.3l0-0.9h5.9v2.6h0q0.4-0.6 0.7-1t1-0.9 1.6-0.8 2-0.3q3 0 4.9 2t1.9 6z\"\/><\/svg><\/span><\/a><\/li><li class=\"shariff-button whatsapp shariff-nocustomcolor\" style=\"background-color:#5cbe4a\"><a href=\"https:\/\/api.whatsapp.com\/send?text=https%3A%2F%2Fwww.weiterbildungsmarkt.net%2Fnews%2Fmythos-millennials-wie-denken-und-arbeiten-junge-fuehrungskraefte-7198%2F%20Mythos%20Millennials%3A%20Wie%20denken%20und%20arbeiten%20junge%20F%C3%BChrungskr%C3%A4fte%3F\" title=\"Bei Whatsapp teilen\" aria-label=\"Bei Whatsapp teilen\" role=\"button\" rel=\"noopener nofollow\" class=\"shariff-link external external_icon\" style=\"; background-color:#34af23; color:#fff\" target=\"_blank\"><span class=\"shariff-icon\" style=\"\"><svg width=\"32px\" height=\"20px\" xmlns=\"http:\/\/www.w3.org\/2000\/svg\" viewBox=\"0 0 32 32\"><path fill=\"#34af23\" d=\"M17.6 17.4q0.2 0 1.7 0.8t1.6 0.9q0 0.1 0 0.3 0 0.6-0.3 1.4-0.3 0.7-1.3 1.2t-1.8 0.5q-1 0-3.4-1.1-1.7-0.8-3-2.1t-2.6-3.3q-1.3-1.9-1.3-3.5v-0.1q0.1-1.6 1.3-2.8 0.4-0.4 0.9-0.4 0.1 0 0.3 0t0.3 0q0.3 0 0.5 0.1t0.3 0.5q0.1 0.4 0.6 1.6t0.4 1.3q0 0.4-0.6 1t-0.6 0.8q0 0.1 0.1 0.3 0.6 1.3 1.8 2.4 1 0.9 2.7 1.8 0.2 0.1 0.4 0.1 0.3 0 1-0.9t0.9-0.9zM14 26.9q2.3 0 4.3-0.9t3.6-2.4 2.4-3.6 0.9-4.3-0.9-4.3-2.4-3.6-3.6-2.4-4.3-0.9-4.3 0.9-3.6 2.4-2.4 3.6-0.9 4.3q0 3.6 2.1 6.6l-1.4 4.2 4.3-1.4q2.8 1.9 6.2 1.9zM14 2.2q2.7 0 5.2 1.1t4.3 2.9 2.9 4.3 1.1 5.2-1.1 5.2-2.9 4.3-4.3 2.9-5.2 1.1q-3.5 0-6.5-1.7l-7.4 2.4 2.4-7.2q-1.9-3.2-1.9-6.9 0-2.7 1.1-5.2t2.9-4.3 4.3-2.9 5.2-1.1z\"\/><\/svg><\/span><\/a><\/li><li class=\"shariff-button pinterest shariff-nocustomcolor\" style=\"background-color:#e70f18\"><a href=\"https:\/\/www.pinterest.com\/pin\/create\/link\/?url=https%3A%2F%2Fwww.weiterbildungsmarkt.net%2Fnews%2Fmythos-millennials-wie-denken-und-arbeiten-junge-fuehrungskraefte-7198%2F&media=https%3A%2F%2Fwww.weiterbildungsmarkt.net%2Fnews%2Fwp-content%2Fuploads%2F2016%2F09%2FTrendStudien3.png&description=Mythos%20Millennials%3A%20Wie%20denken%20und%20arbeiten%20junge%20F%C3%BChrungskr%C3%A4fte%3F\" title=\"Bei Pinterest pinnen\" aria-label=\"Bei Pinterest pinnen\" role=\"button\" rel=\"noopener nofollow\" class=\"shariff-link\" style=\"; background-color:#cb2027; color:#fff\" target=\"_blank\"><span class=\"shariff-icon\" style=\"\"><svg width=\"32px\" height=\"20px\" xmlns=\"http:\/\/www.w3.org\/2000\/svg\" viewBox=\"0 0 27 32\"><path fill=\"#cb2027\" d=\"M27.4 16q0 3.7-1.8 6.9t-5 5-6.9 1.9q-2 0-3.9-0.6 1.1-1.7 1.4-2.9 0.2-0.6 1-3.8 0.4 0.7 1.3 1.2t2 0.5q2.1 0 3.8-1.2t2.7-3.4 0.9-4.8q0-2-1.1-3.8t-3.1-2.9-4.5-1.2q-1.9 0-3.5 0.5t-2.8 1.4-2 2-1.2 2.3-0.4 2.4q0 1.9 0.7 3.3t2.1 2q0.5 0.2 0.7-0.4 0-0.1 0.1-0.5t0.2-0.5q0.1-0.4-0.2-0.8-0.9-1.1-0.9-2.7 0-2.7 1.9-4.6t4.9-2q2.7 0 4.2 1.5t1.5 3.8q0 3-1.2 5.2t-3.1 2.1q-1.1 0-1.7-0.8t-0.4-1.9q0.1-0.6 0.5-1.7t0.5-1.8 0.2-1.4q0-0.9-0.5-1.5t-1.4-0.6q-1.1 0-1.9 1t-0.8 2.6q0 1.3 0.4 2.2l-1.8 7.5q-0.3 1.2-0.2 3.2-3.7-1.6-6-5t-2.3-7.6q0-3.7 1.9-6.9t5-5 6.9-1.9 6.9 1.9 5 5 1.8 6.9z\"\/><\/svg><\/span><\/a><\/li><\/ul><\/div>","protected":false},"excerpt":{"rendered":"<p>Der aktuelle Hernstein Management Report beleuchtet wie F\u00fchrungs\u00adkr\u00e4fte der Generation der Millennials \u2013 geboren zwischen 1980 und 1995 \u2013 denken und arbeiten. Zudem hinterfragt der Report welche Meinung F\u00fchrungskr\u00e4fte der vorangegangenen Generationen \u00fcber die nachkommende hat. 56% der befragten F\u00fchrungskr\u00e4fte sch\u00e4tzen Millennials hinsichtlich ihrer Werte, Priorit\u00e4ten und Einstellungen ganz anders ein als die Erwerbs\u00adgenerationen davor. [&hellip;]<\/p>\n","protected":false},"author":193,"featured_media":3636,"comment_status":"closed","ping_status":"closed","sticky":false,"template":"","format":"standard","meta":{"_acf_changed":false,"footnotes":""},"categories":[110,112],"tags":[],"class_list":["post-7198","post","type-post","status-publish","format-standard","has-post-thumbnail","hentry","category-studien","category-neuigkeiten"],"acf":[],"_links":{"self":[{"href":"https:\/\/www.weiterbildungsmarkt.net\/news\/wp-json\/wp\/v2\/posts\/7198","targetHints":{"allow":["GET"]}}],"collection":[{"href":"https:\/\/www.weiterbildungsmarkt.net\/news\/wp-json\/wp\/v2\/posts"}],"about":[{"href":"https:\/\/www.weiterbildungsmarkt.net\/news\/wp-json\/wp\/v2\/types\/post"}],"author":[{"embeddable":true,"href":"https:\/\/www.weiterbildungsmarkt.net\/news\/wp-json\/wp\/v2\/users\/193"}],"replies":[{"embeddable":true,"href":"https:\/\/www.weiterbildungsmarkt.net\/news\/wp-json\/wp\/v2\/comments?post=7198"}],"version-history":[{"count":3,"href":"https:\/\/www.weiterbildungsmarkt.net\/news\/wp-json\/wp\/v2\/posts\/7198\/revisions"}],"predecessor-version":[{"id":9948,"href":"https:\/\/www.weiterbildungsmarkt.net\/news\/wp-json\/wp\/v2\/posts\/7198\/revisions\/9948"}],"wp:featuredmedia":[{"embeddable":true,"href":"https:\/\/www.weiterbildungsmarkt.net\/news\/wp-json\/wp\/v2\/media\/3636"}],"wp:attachment":[{"href":"https:\/\/www.weiterbildungsmarkt.net\/news\/wp-json\/wp\/v2\/media?parent=7198"}],"wp:term":[{"taxonomy":"category","embeddable":true,"href":"https:\/\/www.weiterbildungsmarkt.net\/news\/wp-json\/wp\/v2\/categories?post=7198"},{"taxonomy":"post_tag","embeddable":true,"href":"https:\/\/www.weiterbildungsmarkt.net\/news\/wp-json\/wp\/v2\/tags?post=7198"}],"curies":[{"name":"wp","href":"https:\/\/api.w.org\/{rel}","templated":true}]}}