{"id":7464,"date":"2019-07-03T11:06:34","date_gmt":"2019-07-03T09:06:34","guid":{"rendered":"https:\/\/www.weiterbildungsmarkt.net\/news\/?p=7464"},"modified":"2019-06-15T11:09:35","modified_gmt":"2019-06-15T09:09:35","slug":"hoerverlust-frueh-erkennen-und-behandeln","status":"publish","type":"post","link":"https:\/\/www.weiterbildungsmarkt.net\/news\/hoerverlust-frueh-erkennen-und-behandeln-7464\/","title":{"rendered":"H\u00f6rverlust fr\u00fch erkennen und behandeln"},"content":{"rendered":"<p style=\"text-align: justify;\"><strong>Nicht das Alter ist ausschlaggebend f\u00fcr eine H\u00f6rminderung, sondern die Belastung durch verschiedene \u00e4u\u00dfere und innere Faktoren. Ein H\u00f6rverlust kann deshalb schon sehr fr\u00fch auftreten. Er wird jedoch von den meisten Betroffenen ignoriert und trotz immer deutlich werdender Anzeichen nicht oder nicht ad\u00e4quat behandelt. Mit entsprechenden Folgen.<\/strong><\/p>\n<p style=\"text-align: justify;\"><strong>Ursachen und Auftreten einer H\u00f6rminderung<\/strong><\/p>\n<p style=\"text-align: justify;\">Verursacht wird eine H\u00f6rminderung durch die mit dem Alter zunehmende Belastung des Ohres durch Schall, zum Beispiel L\u00e4rm im Berufsleben oder im Alltag. Aber auch andere Faktoren k\u00f6nnen eine H\u00f6rminderung hervorrufen: So k\u00f6nnen sich unter anderem Medikamente, Krankheiten oder Durchblutungsst\u00f6rungen des Innenohres, aber auch Stress, eine unangepasste Ern\u00e4hrungsweise und altersbedingte Ver\u00e4nderungen im Geh\u00f6rsystem negativ auf das H\u00f6rverm\u00f6gen auswirken.<sup>1, 2<\/sup> Das Risiko, eine Schwerh\u00f6rigkeit zu erleiden, steigt also nat\u00fcrlicherweise mit zunehmendem Alter. Doch Betroffene warten meist sehr lange \u2013 im Durchschnitt 10 Jahre \u2013 bis sie einen HNO-Arzt oder Akustiker aufsuchen beziehungsweise eine H\u00f6rger\u00e4teversorgung in Anspruch nehmen.<sup>3, 4<\/sup> Erst, wenn es \u201e5 vor 12\u201c oder zu sp\u00e4t ist, wird schlie\u00dflich im hohen Alter eine Erstversorgung mit H\u00f6rger\u00e4ten vorgenommen.<\/p>\n<p style=\"text-align: justify;\"><strong>Anstrengung, Ersch\u00f6pfung, soziale Isolation<\/strong><\/p>\n<p style=\"text-align: justify;\">Meist geschieht das Z\u00f6gern zum Handeln nicht aus Unwissenheit. Betroffene merken trotz schleichendem Prozess recht fr\u00fch, dass ihr H\u00f6rverm\u00f6gen nachl\u00e4sst.<sup>2<\/sup> Sie ignorieren es jedoch zun\u00e4chst und ziehen sich h\u00e4ufig immer st\u00e4rker aus der Gesellschaft zur\u00fcck: Gespr\u00e4che fallen ihnen zunehmend schwer und es ist ihnen peinlich, wenn sie vermehrt ihre Gespr\u00e4chspartner nicht verstehen und nachfragen m\u00fcssen. Unterhaltungen zu folgen, ben\u00f6tigt viel Konzentration und Aufmerksamkeit und trotzdem kommen die Betroffenen irgendwann nicht mehr mit. Oft stellt sich deswegen bereits fr\u00fch am Abend eine \u00fcberm\u00e4\u00dfige Ersch\u00f6pfung ein.<\/p>\n<p style=\"text-align: justify;\"><strong>Tabuthema Schwerh\u00f6rigkeit<\/strong><\/p>\n<p style=\"text-align: justify;\">Sich einen vermeintlichen Makel, eine Schw\u00e4che einzugestehen, bedarf pers\u00f6nlicher St\u00e4rke. Im Fall einer eintretenden oder fortgeschrittenen H\u00f6rminderung gleich doppelt: Neben der grunds\u00e4tzlichen Angst oder dem Hemmnis vor Ver\u00e4nderung haftet der Schwerh\u00f6rigkeit zus\u00e4tzlich ein v\u00f6llig \u00fcberholtes gesellschaftliches Bild an: Es ist nicht \u201eangesehen\u201c oder gar \u201eschick\u201c, H\u00f6rprobleme zu haben und entsprechende Hilfsmittel zu nutzen. Entgegen einer Brille, die nicht nur als Sehhilfe, sondern ebenso als modisches Accessoire gilt, bewirkt ein H\u00f6rger\u00e4t, dass dessen Tr\u00e4ger als \u201ealt\u201c abgestempelt wird. Dadurch wird Schwerh\u00f6rigkeit zu einem Tabuthema, in Konsequenz der H\u00f6rverlust durch die Betroffenen so lange wie m\u00f6glich ignoriert.<sup>2<\/sup><\/p>\n<p style=\"text-align: justify;\"><strong>Jeder F\u00fcnfte ist betroffen<\/strong><\/p>\n<p style=\"text-align: justify;\">Dabei stehen Betroffene nicht alleine da. Eine Studie des Instituts f\u00fcr H\u00f6rtechnik und Audiologie der Jade Hochschule in Oldenburg ergab, dass ausgehend von der Bev\u00f6lkerungsstatistik 16,2 Prozent der Erwachsenen in Deutschland an einer H\u00f6rminderung leiden. Das sind insgesamt 11,1 Millionen Menschen. J\u00e4hrlich sollen zudem 150.000-160.000 Betroffene hinzukommen, so die Prognose der Studie.<sup>5<\/sup> Auch andere Untersuchungen kommen zu gleichen oder \u00e4hnlichen Ergebnissen.<sup>2<\/sup><\/p>\n<p style=\"text-align: justify;\"><strong>Gesundheitliche Risiken durch H\u00f6rverlust<\/strong><\/p>\n<p style=\"text-align: justify;\">Die Studienergebnisse unterstreichen die Wichtigkeit des Themas \u201eH\u00f6ren\u201c und die Notwendigkeit einer besseren Aufkl\u00e4rung. Denn neben dem sinkenden akustischen Verstehen gehen mit dem H\u00f6rverlust zahlreiche weitere gesundheitliche Beeintr\u00e4chtigungen einher. Das H\u00f6rverm\u00f6gen dient der Orientierung, dem Richtungsh\u00f6ren und dem Feststellen von Entfernungen. Dies nicht mehr zu k\u00f6nnen, f\u00fchrt zu zahlreichen psychischen und physischen Problemen: Beispielsweise kommt es zu einem kognitiven Abbau, dem durch ad\u00e4quate H\u00f6rger\u00e4teversorgung entgegengewirkt werden k\u00f6nnte.<sup>6, 7<\/sup> Die zunehmende berufliche, famili\u00e4re oder soziale Isolierung<sup>8, 1, 2<\/sup> schr\u00e4nkt das physische, emotionale und soziale Wohlbefinden der Betroffenen erheblich ein.<sup>9, 10, 11<\/sup> Damit sinkt automatisch auch die Lebensqualit\u00e4t \u2013 insbesondere \u00e4lterer Menschen \u2013 und f\u00fchrt zu einem wachsend schlechten gesundheitlichen Allgemeinzustand, bis hin zu Gem\u00fctserkrankungen wie Depression und \u00c4ngsten.<sup>12, 2<\/sup><\/p>\n<p style=\"text-align: justify;\"><strong>H\u00f6rverlust bewusst machen, aktiv werden<\/strong><\/p>\n<p style=\"text-align: justify;\">Der technische Fortschritt bei H\u00f6rger\u00e4ten kann kombiniert mit einer gezielten Geh\u00f6rtherapie bereits fr\u00fchzeitig individuelle H\u00f6rsch\u00e4den beheben und damit gesundheitliche (Sp\u00e4t-)Folgen vermeiden. Tabus zu brechen, sich m\u00f6glichst kurzfristig den H\u00f6rverlust bewusst zu machen und Ma\u00dfnahmen zu ergreifen, ist f\u00fcr Betroffene, Angeh\u00f6rige und die Gesellschaft unumg\u00e4nglich: \u201eLebensqualit\u00e4t ist dazugeH\u00d6REN!\u201c<\/p>\n<p style=\"text-align: justify;\"><strong>\u00dcber terzo:<\/strong><\/p>\n<p style=\"text-align: justify;\">\u201e\u00dcbung macht den Meister\u201c \u2013 nach dieser Devise l\u00e4sst sich nicht nur ein Instrument erlernen, sondern auch das Geh\u00f6r trainieren. Die systematische terzo\u00aeGeh\u00f6rtherapie bietet die M\u00f6glichkeit, die H\u00f6rf\u00e4higkeit Betroffener durch die Kombination aus Geh\u00f6rtraining und H\u00f6rger\u00e4ten zu optimieren. Erstmalig angewandt im Jahr 2006, haben mittlerweile \u00fcber 30.000 Menschen die terzo\u00aeGeh\u00f6rtherapie genutzt. Sie k\u00f6nnen sich in einem der deutschlandweit vertretenen terzo-Zentren beraten und f\u00fcr ihre Behandlung aus einem Angebot hersteller\u00fcber-greifender H\u00f6rger\u00e4te aller Leistungsklassen w\u00e4hlen.<\/p>\n<p style=\"text-align: justify;\"><strong>Literaturverweise:<\/strong><\/p>\n<ol><br \/>\n<li style=\"text-align: justify;\">Hellbr\u00fcck, J. &amp; Ellermeier, W., 2004. <em>H\u00f6ren &#8211; Physiologie, Psychologie und Pathologie. <\/em> Hrsg. G\u00f6ttingen: Hogrefe-Verlag.<\/li><br \/>\n<li style=\"text-align: justify;\">Lazarus, H. et al., 2007. <em>Akustische Grundlagen sprachlicher Kommunikation. <\/em>Berlin, Heidelberg: Springer-Verlag.<\/li><br \/>\n<li style=\"text-align: justify;\">, 2015. Deutsches \u00c4rzteblatt, 112(19), S. 82.<\/li><br \/>\n<li style=\"text-align: justify;\">Davis, A. et al., 2007. Acceptability, benefit and costs of early screening for hearing disability: a study of potential screening tests and models. Health Technology Assessment, 11(42).<\/li><br \/>\n<li style=\"text-align: justify;\">von Gablenz, P. &amp; Holube, I., 2015. Pr\u00e4valenz von Schwerh\u00f6rigkeit im Nordwesten Deutschlands, Ergebnisse einer epidemiologischen Untersuchung zum H\u00f6rstatus. <em>HNO, <\/em>Band 63, S. 195-214.<\/li><br \/>\n<li style=\"text-align: justify;\">Lin, e. a., 2011. Hearing loss and incident demencia.. Arch Neurol, 65(2), S. 214-220.<\/li><br \/>\n<li style=\"text-align: justify;\">Amieva, e. a., 2015. Self-reporting hearing loss, hearing aids and cognitive decline in elderly adults: a 25-year study. JAGS, Band 63, S. 2099-2104.<\/li><br \/>\n<li style=\"text-align: justify;\">Zahnert, T., 2011. The differential diagnosis of hearing loss.. Deutsches \u00c4rzteblatt Int., 108(25), S. 433-444.<\/li><br \/>\n<li style=\"text-align: justify;\">Robert Koch-Institut, 2014. Ergebnisse der Studie &#8222;Gesundheit in Deutschland aktuell 2012&#8220;. H\u00f6rbeeintr\u00e4chtigungen.<\/li><br \/>\n<li style=\"text-align: justify;\">Robert Koch-Institut, 2006. Gesundheitsberichterstattung des Bundes. H\u00f6rst\u00f6rungen und Tinnitus, Band 29.<\/li><br \/>\n<li style=\"text-align: justify;\">Crews, J. &amp; Campbell, V., 2004. Vision impairment and hearing loss among community dwelling older Americans: implications for health and functioning. American Journal of Public Health, 95(5), S. 823-829.<\/li><br \/>\n<li style=\"text-align: justify;\">McCormack, A. &amp; Fortnum, H., 2013. Why do people fitted with hearing aids not wear them?. International Journal Audiol., Mai, 52(5), S. 360-368.<\/li><br \/>\n<\/ol><br \/>\n<div class=\"shariff shariff-align-left shariff-widget-align-left\"><ul class=\"shariff-buttons theme-round orientation-horizontal buttonsize-medium\"><li class=\"shariff-button facebook shariff-nocustomcolor\" style=\"background-color:#4273c8\"><a href=\"https:\/\/www.facebook.com\/sharer\/sharer.php?u=https%3A%2F%2Fwww.weiterbildungsmarkt.net%2Fnews%2Fhoerverlust-frueh-erkennen-und-behandeln-7464%2F\" title=\"Bei Facebook teilen\" aria-label=\"Bei Facebook teilen\" role=\"button\" rel=\"nofollow\" class=\"shariff-link external external_icon\" style=\"; background-color:#3b5998; color:#fff\" target=\"_blank\"><span class=\"shariff-icon\" style=\"\"><svg width=\"32px\" height=\"20px\" xmlns=\"http:\/\/www.w3.org\/2000\/svg\" viewBox=\"0 0 18 32\"><path fill=\"#3b5998\" d=\"M17.1 0.2v4.7h-2.8q-1.5 0-2.1 0.6t-0.5 1.9v3.4h5.2l-0.7 5.3h-4.5v13.6h-5.5v-13.6h-4.5v-5.3h4.5v-3.9q0-3.3 1.9-5.2t5-1.8q2.6 0 4.1 0.2z\"\/><\/svg><\/span><\/a><\/li><li class=\"shariff-button twitter shariff-nocustomcolor\" style=\"background-color:#595959\"><a href=\"https:\/\/twitter.com\/share?url=https%3A%2F%2Fwww.weiterbildungsmarkt.net%2Fnews%2Fhoerverlust-frueh-erkennen-und-behandeln-7464%2F&text=H%C3%B6rverlust%20fr%C3%BCh%20erkennen%20und%20behandeln\" title=\"Bei X teilen\" aria-label=\"Bei X teilen\" role=\"button\" rel=\"noopener nofollow\" class=\"shariff-link\" style=\"; background-color:#000; color:#fff\" target=\"_blank\"><span class=\"shariff-icon\" style=\"\"><svg width=\"32px\" height=\"20px\" xmlns=\"http:\/\/www.w3.org\/2000\/svg\" viewBox=\"0 0 24 24\"><path fill=\"#000\" d=\"M14.258 10.152L23.176 0h-2.113l-7.747 8.813L7.133 0H0l9.352 13.328L0 23.973h2.113l8.176-9.309 6.531 9.309h7.133zm-2.895 3.293l-.949-1.328L2.875 1.56h3.246l6.086 8.523.945 1.328 7.91 11.078h-3.246zm0 0\"\/><\/svg><\/span><\/a><\/li><li class=\"shariff-button xing shariff-nocustomcolor\" style=\"background-color:#29888a\"><a href=\"https:\/\/www.xing.com\/spi\/shares\/new?url=https%3A%2F%2Fwww.weiterbildungsmarkt.net%2Fnews%2Fhoerverlust-frueh-erkennen-und-behandeln-7464%2F\" title=\"Bei XING teilen\" aria-label=\"Bei XING teilen\" role=\"button\" rel=\"noopener nofollow\" class=\"shariff-link external external_icon\" style=\"; background-color:#126567; color:#fff\" target=\"_blank\"><span class=\"shariff-icon\" style=\"\"><svg width=\"32px\" height=\"20px\" xmlns=\"http:\/\/www.w3.org\/2000\/svg\" viewBox=\"0 0 25 32\"><path fill=\"#126567\" d=\"M10.7 11.9q-0.2 0.3-4.6 8.2-0.5 0.8-1.2 0.8h-4.3q-0.4 0-0.5-0.3t0-0.6l4.5-8q0 0 0 0l-2.9-5q-0.2-0.4 0-0.7 0.2-0.3 0.5-0.3h4.3q0.7 0 1.2 0.8zM25.1 0.4q0.2 0.3 0 0.7l-9.4 16.7 6 11q0.2 0.4 0 0.6-0.2 0.3-0.6 0.3h-4.3q-0.7 0-1.2-0.8l-6-11.1q0.3-0.6 9.5-16.8 0.4-0.8 1.2-0.8h4.3q0.4 0 0.5 0.3z\"\/><\/svg><\/span><\/a><\/li><li class=\"shariff-button linkedin shariff-nocustomcolor\" style=\"background-color:#1488bf\"><a href=\"https:\/\/www.linkedin.com\/sharing\/share-offsite\/?url=https%3A%2F%2Fwww.weiterbildungsmarkt.net%2Fnews%2Fhoerverlust-frueh-erkennen-und-behandeln-7464%2F\" title=\"Bei LinkedIn teilen\" aria-label=\"Bei LinkedIn teilen\" role=\"button\" rel=\"noopener nofollow\" class=\"shariff-link external external_icon\" style=\"; background-color:#0077b5; color:#fff\" target=\"_blank\"><span class=\"shariff-icon\" style=\"\"><svg width=\"32px\" height=\"20px\" xmlns=\"http:\/\/www.w3.org\/2000\/svg\" viewBox=\"0 0 27 32\"><path fill=\"#0077b5\" d=\"M6.2 11.2v17.7h-5.9v-17.7h5.9zM6.6 5.7q0 1.3-0.9 2.2t-2.4 0.9h0q-1.5 0-2.4-0.9t-0.9-2.2 0.9-2.2 2.4-0.9 2.4 0.9 0.9 2.2zM27.4 18.7v10.1h-5.9v-9.5q0-1.9-0.7-2.9t-2.3-1.1q-1.1 0-1.9 0.6t-1.2 1.5q-0.2 0.5-0.2 1.4v9.9h-5.9q0-7.1 0-11.6t0-5.3l0-0.9h5.9v2.6h0q0.4-0.6 0.7-1t1-0.9 1.6-0.8 2-0.3q3 0 4.9 2t1.9 6z\"\/><\/svg><\/span><\/a><\/li><li class=\"shariff-button whatsapp shariff-nocustomcolor\" style=\"background-color:#5cbe4a\"><a href=\"https:\/\/api.whatsapp.com\/send?text=https%3A%2F%2Fwww.weiterbildungsmarkt.net%2Fnews%2Fhoerverlust-frueh-erkennen-und-behandeln-7464%2F%20H%C3%B6rverlust%20fr%C3%BCh%20erkennen%20und%20behandeln\" title=\"Bei Whatsapp teilen\" aria-label=\"Bei Whatsapp teilen\" role=\"button\" rel=\"noopener nofollow\" class=\"shariff-link external external_icon\" style=\"; background-color:#34af23; color:#fff\" target=\"_blank\"><span class=\"shariff-icon\" style=\"\"><svg width=\"32px\" height=\"20px\" xmlns=\"http:\/\/www.w3.org\/2000\/svg\" viewBox=\"0 0 32 32\"><path fill=\"#34af23\" d=\"M17.6 17.4q0.2 0 1.7 0.8t1.6 0.9q0 0.1 0 0.3 0 0.6-0.3 1.4-0.3 0.7-1.3 1.2t-1.8 0.5q-1 0-3.4-1.1-1.7-0.8-3-2.1t-2.6-3.3q-1.3-1.9-1.3-3.5v-0.1q0.1-1.6 1.3-2.8 0.4-0.4 0.9-0.4 0.1 0 0.3 0t0.3 0q0.3 0 0.5 0.1t0.3 0.5q0.1 0.4 0.6 1.6t0.4 1.3q0 0.4-0.6 1t-0.6 0.8q0 0.1 0.1 0.3 0.6 1.3 1.8 2.4 1 0.9 2.7 1.8 0.2 0.1 0.4 0.1 0.3 0 1-0.9t0.9-0.9zM14 26.9q2.3 0 4.3-0.9t3.6-2.4 2.4-3.6 0.9-4.3-0.9-4.3-2.4-3.6-3.6-2.4-4.3-0.9-4.3 0.9-3.6 2.4-2.4 3.6-0.9 4.3q0 3.6 2.1 6.6l-1.4 4.2 4.3-1.4q2.8 1.9 6.2 1.9zM14 2.2q2.7 0 5.2 1.1t4.3 2.9 2.9 4.3 1.1 5.2-1.1 5.2-2.9 4.3-4.3 2.9-5.2 1.1q-3.5 0-6.5-1.7l-7.4 2.4 2.4-7.2q-1.9-3.2-1.9-6.9 0-2.7 1.1-5.2t2.9-4.3 4.3-2.9 5.2-1.1z\"\/><\/svg><\/span><\/a><\/li><li class=\"shariff-button pinterest shariff-nocustomcolor\" style=\"background-color:#e70f18\"><a href=\"https:\/\/www.pinterest.com\/pin\/create\/link\/?url=https%3A%2F%2Fwww.weiterbildungsmarkt.net%2Fnews%2Fhoerverlust-frueh-erkennen-und-behandeln-7464%2F&media=https%3A%2F%2Fwww.weiterbildungsmarkt.net%2Fnews%2Fwp-content%2Fuploads%2F2017%2F11%2FNT174.png&description=H%C3%B6rverlust%20fr%C3%BCh%20erkennen%20und%20behandeln\" title=\"Bei Pinterest pinnen\" aria-label=\"Bei Pinterest pinnen\" role=\"button\" rel=\"noopener nofollow\" class=\"shariff-link\" style=\"; background-color:#cb2027; color:#fff\" target=\"_blank\"><span class=\"shariff-icon\" style=\"\"><svg width=\"32px\" height=\"20px\" xmlns=\"http:\/\/www.w3.org\/2000\/svg\" viewBox=\"0 0 27 32\"><path fill=\"#cb2027\" d=\"M27.4 16q0 3.7-1.8 6.9t-5 5-6.9 1.9q-2 0-3.9-0.6 1.1-1.7 1.4-2.9 0.2-0.6 1-3.8 0.4 0.7 1.3 1.2t2 0.5q2.1 0 3.8-1.2t2.7-3.4 0.9-4.8q0-2-1.1-3.8t-3.1-2.9-4.5-1.2q-1.9 0-3.5 0.5t-2.8 1.4-2 2-1.2 2.3-0.4 2.4q0 1.9 0.7 3.3t2.1 2q0.5 0.2 0.7-0.4 0-0.1 0.1-0.5t0.2-0.5q0.1-0.4-0.2-0.8-0.9-1.1-0.9-2.7 0-2.7 1.9-4.6t4.9-2q2.7 0 4.2 1.5t1.5 3.8q0 3-1.2 5.2t-3.1 2.1q-1.1 0-1.7-0.8t-0.4-1.9q0.1-0.6 0.5-1.7t0.5-1.8 0.2-1.4q0-0.9-0.5-1.5t-1.4-0.6q-1.1 0-1.9 1t-0.8 2.6q0 1.3 0.4 2.2l-1.8 7.5q-0.3 1.2-0.2 3.2-3.7-1.6-6-5t-2.3-7.6q0-3.7 1.9-6.9t5-5 6.9-1.9 6.9 1.9 5 5 1.8 6.9z\"\/><\/svg><\/span><\/a><\/li><\/ul><\/div>","protected":false},"excerpt":{"rendered":"<p>Nicht das Alter ist ausschlaggebend f\u00fcr eine H\u00f6rminderung, sondern die Belastung durch verschiedene \u00e4u\u00dfere und innere Faktoren. Ein H\u00f6rverlust kann deshalb schon sehr fr\u00fch auftreten. Er wird jedoch von den meisten Betroffenen ignoriert und trotz immer deutlich werdender Anzeichen nicht oder nicht ad\u00e4quat behandelt. Mit entsprechenden Folgen. Ursachen und Auftreten einer H\u00f6rminderung Verursacht wird eine [&hellip;]<\/p>\n","protected":false},"author":192,"featured_media":6108,"comment_status":"closed","ping_status":"closed","sticky":false,"template":"","format":"standard","meta":{"_acf_changed":false,"footnotes":""},"categories":[112,110],"tags":[],"class_list":["post-7464","post","type-post","status-publish","format-standard","has-post-thumbnail","hentry","category-neuigkeiten","category-studien"],"acf":[],"_links":{"self":[{"href":"https:\/\/www.weiterbildungsmarkt.net\/news\/wp-json\/wp\/v2\/posts\/7464","targetHints":{"allow":["GET"]}}],"collection":[{"href":"https:\/\/www.weiterbildungsmarkt.net\/news\/wp-json\/wp\/v2\/posts"}],"about":[{"href":"https:\/\/www.weiterbildungsmarkt.net\/news\/wp-json\/wp\/v2\/types\/post"}],"author":[{"embeddable":true,"href":"https:\/\/www.weiterbildungsmarkt.net\/news\/wp-json\/wp\/v2\/users\/192"}],"replies":[{"embeddable":true,"href":"https:\/\/www.weiterbildungsmarkt.net\/news\/wp-json\/wp\/v2\/comments?post=7464"}],"version-history":[{"count":1,"href":"https:\/\/www.weiterbildungsmarkt.net\/news\/wp-json\/wp\/v2\/posts\/7464\/revisions"}],"predecessor-version":[{"id":7465,"href":"https:\/\/www.weiterbildungsmarkt.net\/news\/wp-json\/wp\/v2\/posts\/7464\/revisions\/7465"}],"wp:featuredmedia":[{"embeddable":true,"href":"https:\/\/www.weiterbildungsmarkt.net\/news\/wp-json\/wp\/v2\/media\/6108"}],"wp:attachment":[{"href":"https:\/\/www.weiterbildungsmarkt.net\/news\/wp-json\/wp\/v2\/media?parent=7464"}],"wp:term":[{"taxonomy":"category","embeddable":true,"href":"https:\/\/www.weiterbildungsmarkt.net\/news\/wp-json\/wp\/v2\/categories?post=7464"},{"taxonomy":"post_tag","embeddable":true,"href":"https:\/\/www.weiterbildungsmarkt.net\/news\/wp-json\/wp\/v2\/tags?post=7464"}],"curies":[{"name":"wp","href":"https:\/\/api.w.org\/{rel}","templated":true}]}}