{"id":7677,"date":"2019-10-11T10:29:07","date_gmt":"2019-10-11T08:29:07","guid":{"rendered":"https:\/\/www.weiterbildungsmarkt.net\/news\/?p=7677"},"modified":"2019-10-02T17:31:40","modified_gmt":"2019-10-02T15:31:40","slug":"erwartungen-von-arbeitnehmern-und-arbeitgebern-die-zukunft","status":"publish","type":"post","link":"https:\/\/www.weiterbildungsmarkt.net\/news\/erwartungen-von-arbeitnehmern-und-arbeitgebern-die-zukunft-7677\/","title":{"rendered":"Erwartungen von Arbeitnehmern und Arbeitgebern an die Zukunft"},"content":{"rendered":"<p style=\"text-align: justify;\"><strong>karriere.at Studie: \u201e(R)Evolution Arbeit \u2013 die Berufswelt heute und morgen\u201c<\/strong><br \/><br \/>\n<strong>Marketagent.com befragte \u00d6sterreichs Arbeitnehmer und Arbeitgeber<\/strong><\/p>\n<p style=\"text-align: justify;\">karriere.at hat gemeinsam mit dem Markt- und Meinungsforschungsinstitut Marketagent.com die Erwartungen von Arbeitnehmern und Arbeitgebern an die Zukunft erhoben. Das Ergebnis ist eine umfassende Studie \u2013 eine Analyse und Prognose und damit eine wertvolle Orientierungshilfe und Handlungsanleitung.<\/p>\n<p style=\"text-align: justify;\">Marketagent.com hat 599 Interviews, repr\u00e4sentativ f\u00fcr die \u00f6sterreichische Bev\u00f6lkerung, online durchgef\u00fchrt. Dabei wurden mit 515 Personen von 18 bis 60 Jahren \u2013 freiberuflich T\u00e4tige, unselbstst\u00e4ndige Gesch\u00e4ftsf\u00fchrer\/Manager, Angestellte, Beamte, (Fach-)Arbeiter, Sch\u00fcler, Studenten, Lehrlinge, Arbeitssuchende, Karenzierte, Wehr- oder Zivildiener oder auf sonstige Art Berufst\u00e4tige \u2013 zu Themen rund um Arbeitsleben, Jobsuche und Zukunft der Arbeit befragt. Zudem haben 246 Personalverantwortliche einen Blick in die Zukunft gewagt.<\/p>\n<p style=\"text-align: justify;\"><strong>Wertsch\u00e4tzung, Spa\u00df und ausreichend Freizeit<\/strong><\/p>\n<p style=\"text-align: justify;\">Was will der typische \u00f6sterreichische Arbeitnehmer in seinem Beruf? Anerkennung, Fun und genug freie Zeit. 91 Prozent der Befragten ist wichtig, im Job wertgesch\u00e4tzt zu werden. F\u00fcr 88 Prozent ist entscheidend, dass die Arbeit Spa\u00df macht. 87 Prozent legen gro\u00dfen Wert auf ein ausreichendes Ma\u00df an Freizeit.<\/p>\n<p style=\"text-align: justify;\">Auch bei den Erwartungen an die Arbeitgeber ist vor allem finanzielle Sicherheit gefragt \u2013 93 Prozent antworteten damit. Fast ebenso viele (92 Prozent) w\u00fcnschen sich vom Unternehmen ein grundlegendes Vertrauen, 82 Prozent wollen Verantwortung \u00fcbertragen bekommen.<\/p>\n<p style=\"text-align: justify;\">\u201eDer Sicherheitsgedanke kommt in den Umfrage-Ergebnissen an mehreren Stellen zum Ausdruck\u201c, berichtet Alexander Katzmaier, Chief Product Officer (CPO) bei karriere.at. \u201eAber auch autonomes Arbeiten ist den \u00d6sterreichern ann\u00e4hernd gleich wichtig.\u201c<\/p>\n<p style=\"text-align: justify;\"><strong>Mobile Working ja, Desksharing nein<\/strong><\/p>\n<p style=\"text-align: justify;\">32 Prozent der Besch\u00e4ftigten k\u00f6nnen ihren Arbeitsplatz jeden Tag aufs Neue w\u00e4hlen, haben also die M\u00f6glichkeit f\u00fcr Mobile Working (ortsungebunden t\u00e4tig sein \u2013 z. B. auch von daheim aus, Anm.). Regelm\u00e4\u00dfig genutzt wird es lediglich von 12 Prozent, von 15 Prozent hin und wieder. 5 Prozent haben zwar die M\u00f6glichkeit daf\u00fcr, nehmen davon aber keinen Gebrauch.<\/p>\n<p style=\"text-align: justify;\">Desksharing, neudeutsch f\u00fcr \u201eden Schreibtisch mit Kollegen teilen\u201c, nutzen gerade einmal 9 Prozent regelm\u00e4\u00dfig, 10 Prozent hin und wieder. Bei 4 Prozent wird es im Job zwar eingesetzt, sie selbst nutzen es aber nicht.<\/p>\n<p style=\"text-align: justify;\">Beim Mobile Working gehen die Meinungen der \u00d6sterreicher auseinander: 58 Prozent halten es f\u00fcr \u201esehr gut\u201c bzw. \u201eeher gut\u201c. 28 Prozent antworteten mit \u201eteils, teils\u201c. 13 Prozent finden das Arbeitsmodell \u201eeher wenig gut\u201c oder \u201e\u00fcberhaupt nicht gut\u201c. Und Teilen mit Kollegen? Nein danke! Zumindest wenn es um Tische geht \u2026 Gerade einmal jeder F\u00fcnfte (21 Prozent) findet Desksharing \u201esehr gut\u201c bzw. \u201eeher gut\u201c.<\/p>\n<p style=\"text-align: justify;\">\u201eMobilit\u00e4t und Flexibilit\u00e4t kennen offenbar Grenzen\u201c, erkl\u00e4rt Katzmaier. \u201eMobile Working wird vom Gro\u00dfteil angenommen, Desksharing hingegen ist weit weniger gefragt. F\u00fcr die \u00f6sterreichischen Arbeitnehmer scheint der Schreibtisch identifikationsstiftend und auch ein R\u00fcckzugsort zu sein.\u201c<\/p>\n<p style=\"text-align: justify;\"><strong>Was die \u00d6sterreicher lieben \u2026<\/strong><\/p>\n<p style=\"text-align: justify;\">Auch f\u00fcr Benefits gilt: Die \u00d6sterreicher lieben es weitgehend finanziell und traditionell. Pr\u00e4mien (88 Prozent), flexible Arbeitszeiten (87 Prozent) und ein Fahrtkostenzuschuss (86 Prozent) bilden die Top drei. 82 Prozent k\u00f6nnen sich gut mit zus\u00e4tzlichen Urlaubstagen anfreunden.<\/p>\n<p style=\"text-align: justify;\"><strong>\u2026 was Personalverantwortliche glauben \u2026<\/strong><\/p>\n<p style=\"text-align: justify;\">Die HR-Kr\u00e4fte haben, Zeiteinteilung und Heimarbeit ausgenommen, doch eine ziemlich andere Einsch\u00e4tzung: Aus ihrer Sicht rangieren bei Bewerbern flexible Arbeitszeiten an oberster Stelle (87 Prozent), auf Platz zwei folgen Home-Office bzw. Remote Work (70 Prozent), auf Platz drei eine unmittelbare Parkm\u00f6glichkeit (64 Prozent). Mit 60 Prozent kommen erst dann Pr\u00e4mien.<\/p>\n<p style=\"text-align: justify;\"><strong>\u2026 und was Unternehmen bieten<\/strong><\/p>\n<p style=\"text-align: justify;\">Danach gefragt, was Unternehmen ihren Mitarbeitern bieten, antworteten jeweils etwa drei Viertel der Personalentscheider mit einem guten Arbeitsklima (80 Prozent), interessanten Aufgaben (76 Prozent) und einem sicheren Arbeitsplatz (75 Prozent).<\/p>\n<p style=\"text-align: justify;\">\u201eGerade in Zeiten, in denen man mit Unsicherheiten konfrontiert ist, setzt man eher auf Leistungen, die sich im Geldb\u00f6rsel niederschlagen, als auf kostenlose Snacks und Fitnessm\u00f6glichkeiten\u201c, kommentiert Katzmaier die Ergebnisse.<\/p>\n<p style=\"text-align: justify;\"><strong>Sch\u00f6ne aktuelle Arbeitswelt<\/strong><\/p>\n<p style=\"text-align: justify;\">Mehr als drei Viertel der Berufst\u00e4tigen (78 Prozent) arbeiten gerne in ihrem Unternehmen. Gut zwei Drittel (67 Prozent) sind stolz darauf. 63 Prozent erkl\u00e4rten, dass sie sich mit der Firmenkultur gut identifizieren k\u00f6nnen.<br \/><br \/>\nNeues Spiel, neues Gl\u00fcck?<\/p>\n<p style=\"text-align: justify;\">Mehr als zwei Drittel der Arbeitnehmer (70 Prozent) machen sich Gedanken \u00fcber einen Jobwechsel. Unangefochtener Spitzenreiter bei den Anreizen, sich eine neue Arbeit zu suchen, ist mit 77 Prozent ein h\u00f6heres Gehalt. Ein sicherer Arbeitsplatz (45 Prozent) und flexiblere Arbeitszeiten (33 Prozent) landeten ebenfalls am Stockerl.<\/p>\n<p style=\"text-align: justify;\">Und wenn ein Unternehmen zwischen mehreren Bewerbern entscheiden muss? Dann ist die menschliche Qualifikation mit 80 Prozent der fachlichen (20 Prozent) ganz klar \u00fcberlegen.<\/p>\n<p style=\"text-align: justify;\"><strong>Digital fit? Mehr oder weniger<\/strong><\/p>\n<p style=\"text-align: justify;\">55 Prozent der Personalverantwortlichen sehen ihr Unternehmen f\u00fcr die fortschreitende Digitalisierung \u201esehr gut\u201c bzw. \u201eeher gut\u201c ger\u00fcstet. 76 Prozent wiederum erkl\u00e4rten, dass man den Mitarbeitern entsprechende Arbeitsmittel zur Verf\u00fcgung stellt, um sie f\u00fcr die Digitalisierung zu wappnen. 63 Prozent gaben Schulungen bzw. Weiterbildungen an.<\/p>\n<p style=\"text-align: justify;\">72 Prozent der Personaler erkl\u00e4rten, dass Artificial Intelligence in ihrem Unternehmen \u00fcberhaupt nicht angewandt wird. Bei 15 Prozent der befragten HR-Entscheider kommt KI in der Datenanalyse zum Einsatz, bei 9 Prozent in der Steuerung von Maschinen und Ger\u00e4ten, bei 7 Prozent in der Kundenbetreuung.<\/p>\n<p style=\"text-align: justify;\"><strong>Jobverlust und neue Arbeitspl\u00e4tze<\/strong><\/p>\n<p style=\"text-align: justify;\">Mehr als jeder Zweite \u2013 51 Prozent \u2013 f\u00fcrchtet durch die Digitalisierung den Verlust vieler Arbeitspl\u00e4tze. Bei den 18- bis 29-J\u00e4hrigen sowie Personen ohne Matura und Arbeitern ist der Anteil h\u00f6her. Insgesamt 18 Prozent plagen \u00c4ngste um den eigenen Job. Noch viel st\u00e4rker davon betroffen sind junge Menschen: In dieser Gruppe antworteten 29 Prozent so.<\/p>\n<p style=\"text-align: justify;\">Dagegen glauben nur 8 Prozent der Personaler, dass Mitarbeiter ihrer Firma Angst um ihren Job haben.<\/p>\n<p style=\"text-align: justify;\">Katzmaier ortet ein Warnsignal f\u00fcr HR-Verantwortliche: \u201eMit technischem Fortschritt gehen viele Herausforderungen einher. Zur Bew\u00e4ltigung brauchen die Besch\u00e4ftigten Sicherheit. Gerade F\u00fchrungskr\u00e4fte k\u00f6nnen f\u00fcr eine entsprechende Stimmung im Unternehmen sorgen.\u201c<\/p>\n<p style=\"text-align: justify;\">Alexander Katzmaier, Arbeitsphilosoph Frank Eilers und Ute Jahn von Marketagent.com pr\u00e4sentierten die Studienergebnisse am 17. September in Wien.<\/p>\n<p style=\"text-align: justify;\">Quelle: <a href=\"https:\/\/www.karriere.at\/presse\/karriereat-studie-revolution-arbeit-die-berufswelt-heute-und-morgen\" target=\"_blank\" rel=\"noopener nofollow\" class=\"external external_icon\">Karriere.at<\/a><\/p>\n<div class=\"shariff shariff-align-flex-start shariff-widget-align-flex-start\"><ul class=\"shariff-buttons theme-round orientation-horizontal buttonsize-medium\"><li class=\"shariff-button facebook shariff-nocustomcolor\" style=\"background-color:#4273c8\"><a href=\"https:\/\/www.facebook.com\/sharer\/sharer.php?u=https%3A%2F%2Fwww.weiterbildungsmarkt.net%2Fnews%2Ferwartungen-von-arbeitnehmern-und-arbeitgebern-die-zukunft-7677%2F\" title=\"Bei Facebook teilen\" aria-label=\"Bei Facebook teilen\" role=\"button\" rel=\"nofollow\" class=\"shariff-link external external_icon\" style=\"; background-color:#3b5998; color:#fff\" target=\"_blank\"><span class=\"shariff-icon\" style=\"\"><svg width=\"32px\" height=\"20px\" xmlns=\"http:\/\/www.w3.org\/2000\/svg\" viewBox=\"0 0 18 32\"><path fill=\"#3b5998\" d=\"M17.1 0.2v4.7h-2.8q-1.5 0-2.1 0.6t-0.5 1.9v3.4h5.2l-0.7 5.3h-4.5v13.6h-5.5v-13.6h-4.5v-5.3h4.5v-3.9q0-3.3 1.9-5.2t5-1.8q2.6 0 4.1 0.2z\"\/><\/svg><\/span><\/a><\/li><li class=\"shariff-button twitter shariff-nocustomcolor\" style=\"background-color:#595959\"><a href=\"https:\/\/twitter.com\/share?url=https%3A%2F%2Fwww.weiterbildungsmarkt.net%2Fnews%2Ferwartungen-von-arbeitnehmern-und-arbeitgebern-die-zukunft-7677%2F&text=Erwartungen%20von%20Arbeitnehmern%20und%20Arbeitgebern%20an%20die%20Zukunft\" title=\"Bei X teilen\" aria-label=\"Bei X teilen\" role=\"button\" rel=\"noopener nofollow\" class=\"shariff-link\" style=\"; background-color:#000; color:#fff\" target=\"_blank\"><span class=\"shariff-icon\" style=\"\"><svg width=\"32px\" height=\"20px\" xmlns=\"http:\/\/www.w3.org\/2000\/svg\" viewBox=\"0 0 24 24\"><path fill=\"#000\" d=\"M14.258 10.152L23.176 0h-2.113l-7.747 8.813L7.133 0H0l9.352 13.328L0 23.973h2.113l8.176-9.309 6.531 9.309h7.133zm-2.895 3.293l-.949-1.328L2.875 1.56h3.246l6.086 8.523.945 1.328 7.91 11.078h-3.246zm0 0\"\/><\/svg><\/span><\/a><\/li><li class=\"shariff-button xing shariff-nocustomcolor\" style=\"background-color:#29888a\"><a href=\"https:\/\/www.xing.com\/spi\/shares\/new?url=https%3A%2F%2Fwww.weiterbildungsmarkt.net%2Fnews%2Ferwartungen-von-arbeitnehmern-und-arbeitgebern-die-zukunft-7677%2F\" title=\"Bei XING teilen\" aria-label=\"Bei XING teilen\" role=\"button\" rel=\"noopener nofollow\" class=\"shariff-link external external_icon\" style=\"; background-color:#126567; color:#fff\" target=\"_blank\"><span class=\"shariff-icon\" style=\"\"><svg width=\"32px\" height=\"20px\" xmlns=\"http:\/\/www.w3.org\/2000\/svg\" viewBox=\"0 0 25 32\"><path fill=\"#126567\" d=\"M10.7 11.9q-0.2 0.3-4.6 8.2-0.5 0.8-1.2 0.8h-4.3q-0.4 0-0.5-0.3t0-0.6l4.5-8q0 0 0 0l-2.9-5q-0.2-0.4 0-0.7 0.2-0.3 0.5-0.3h4.3q0.7 0 1.2 0.8zM25.1 0.4q0.2 0.3 0 0.7l-9.4 16.7 6 11q0.2 0.4 0 0.6-0.2 0.3-0.6 0.3h-4.3q-0.7 0-1.2-0.8l-6-11.1q0.3-0.6 9.5-16.8 0.4-0.8 1.2-0.8h4.3q0.4 0 0.5 0.3z\"\/><\/svg><\/span><\/a><\/li><li class=\"shariff-button linkedin shariff-nocustomcolor\" style=\"background-color:#1488bf\"><a href=\"https:\/\/www.linkedin.com\/sharing\/share-offsite\/?url=https%3A%2F%2Fwww.weiterbildungsmarkt.net%2Fnews%2Ferwartungen-von-arbeitnehmern-und-arbeitgebern-die-zukunft-7677%2F\" title=\"Bei LinkedIn teilen\" aria-label=\"Bei LinkedIn teilen\" role=\"button\" rel=\"noopener nofollow\" class=\"shariff-link external external_icon\" style=\"; background-color:#0077b5; color:#fff\" target=\"_blank\"><span class=\"shariff-icon\" style=\"\"><svg width=\"32px\" height=\"20px\" xmlns=\"http:\/\/www.w3.org\/2000\/svg\" viewBox=\"0 0 27 32\"><path fill=\"#0077b5\" d=\"M6.2 11.2v17.7h-5.9v-17.7h5.9zM6.6 5.7q0 1.3-0.9 2.2t-2.4 0.9h0q-1.5 0-2.4-0.9t-0.9-2.2 0.9-2.2 2.4-0.9 2.4 0.9 0.9 2.2zM27.4 18.7v10.1h-5.9v-9.5q0-1.9-0.7-2.9t-2.3-1.1q-1.1 0-1.9 0.6t-1.2 1.5q-0.2 0.5-0.2 1.4v9.9h-5.9q0-7.1 0-11.6t0-5.3l0-0.9h5.9v2.6h0q0.4-0.6 0.7-1t1-0.9 1.6-0.8 2-0.3q3 0 4.9 2t1.9 6z\"\/><\/svg><\/span><\/a><\/li><li class=\"shariff-button whatsapp shariff-nocustomcolor\" style=\"background-color:#5cbe4a\"><a href=\"https:\/\/api.whatsapp.com\/send?text=https%3A%2F%2Fwww.weiterbildungsmarkt.net%2Fnews%2Ferwartungen-von-arbeitnehmern-und-arbeitgebern-die-zukunft-7677%2F%20Erwartungen%20von%20Arbeitnehmern%20und%20Arbeitgebern%20an%20die%20Zukunft\" title=\"Bei Whatsapp teilen\" aria-label=\"Bei Whatsapp teilen\" role=\"button\" rel=\"noopener nofollow\" class=\"shariff-link external external_icon\" style=\"; background-color:#34af23; color:#fff\" target=\"_blank\"><span class=\"shariff-icon\" style=\"\"><svg width=\"32px\" height=\"20px\" xmlns=\"http:\/\/www.w3.org\/2000\/svg\" viewBox=\"0 0 32 32\"><path fill=\"#34af23\" d=\"M17.6 17.4q0.2 0 1.7 0.8t1.6 0.9q0 0.1 0 0.3 0 0.6-0.3 1.4-0.3 0.7-1.3 1.2t-1.8 0.5q-1 0-3.4-1.1-1.7-0.8-3-2.1t-2.6-3.3q-1.3-1.9-1.3-3.5v-0.1q0.1-1.6 1.3-2.8 0.4-0.4 0.9-0.4 0.1 0 0.3 0t0.3 0q0.3 0 0.5 0.1t0.3 0.5q0.1 0.4 0.6 1.6t0.4 1.3q0 0.4-0.6 1t-0.6 0.8q0 0.1 0.1 0.3 0.6 1.3 1.8 2.4 1 0.9 2.7 1.8 0.2 0.1 0.4 0.1 0.3 0 1-0.9t0.9-0.9zM14 26.9q2.3 0 4.3-0.9t3.6-2.4 2.4-3.6 0.9-4.3-0.9-4.3-2.4-3.6-3.6-2.4-4.3-0.9-4.3 0.9-3.6 2.4-2.4 3.6-0.9 4.3q0 3.6 2.1 6.6l-1.4 4.2 4.3-1.4q2.8 1.9 6.2 1.9zM14 2.2q2.7 0 5.2 1.1t4.3 2.9 2.9 4.3 1.1 5.2-1.1 5.2-2.9 4.3-4.3 2.9-5.2 1.1q-3.5 0-6.5-1.7l-7.4 2.4 2.4-7.2q-1.9-3.2-1.9-6.9 0-2.7 1.1-5.2t2.9-4.3 4.3-2.9 5.2-1.1z\"\/><\/svg><\/span><\/a><\/li><li class=\"shariff-button pinterest shariff-nocustomcolor\" style=\"background-color:#e70f18\"><a href=\"https:\/\/www.pinterest.com\/pin\/create\/link\/?url=https%3A%2F%2Fwww.weiterbildungsmarkt.net%2Fnews%2Ferwartungen-von-arbeitnehmern-und-arbeitgebern-die-zukunft-7677%2F&media=https%3A%2F%2Fwww.weiterbildungsmarkt.net%2Fnews%2Fwp-content%2Fuploads%2F2017%2F11%2FNT174.png&description=Erwartungen%20von%20Arbeitnehmern%20und%20Arbeitgebern%20an%20die%20Zukunft\" title=\"Bei Pinterest pinnen\" aria-label=\"Bei Pinterest pinnen\" role=\"button\" rel=\"noopener nofollow\" class=\"shariff-link\" style=\"; background-color:#cb2027; color:#fff\" target=\"_blank\"><span class=\"shariff-icon\" style=\"\"><svg width=\"32px\" height=\"20px\" xmlns=\"http:\/\/www.w3.org\/2000\/svg\" viewBox=\"0 0 27 32\"><path fill=\"#cb2027\" d=\"M27.4 16q0 3.7-1.8 6.9t-5 5-6.9 1.9q-2 0-3.9-0.6 1.1-1.7 1.4-2.9 0.2-0.6 1-3.8 0.4 0.7 1.3 1.2t2 0.5q2.1 0 3.8-1.2t2.7-3.4 0.9-4.8q0-2-1.1-3.8t-3.1-2.9-4.5-1.2q-1.9 0-3.5 0.5t-2.8 1.4-2 2-1.2 2.3-0.4 2.4q0 1.9 0.7 3.3t2.1 2q0.5 0.2 0.7-0.4 0-0.1 0.1-0.5t0.2-0.5q0.1-0.4-0.2-0.8-0.9-1.1-0.9-2.7 0-2.7 1.9-4.6t4.9-2q2.7 0 4.2 1.5t1.5 3.8q0 3-1.2 5.2t-3.1 2.1q-1.1 0-1.7-0.8t-0.4-1.9q0.1-0.6 0.5-1.7t0.5-1.8 0.2-1.4q0-0.9-0.5-1.5t-1.4-0.6q-1.1 0-1.9 1t-0.8 2.6q0 1.3 0.4 2.2l-1.8 7.5q-0.3 1.2-0.2 3.2-3.7-1.6-6-5t-2.3-7.6q0-3.7 1.9-6.9t5-5 6.9-1.9 6.9 1.9 5 5 1.8 6.9z\"\/><\/svg><\/span><\/a><\/li><\/ul><\/div>","protected":false},"excerpt":{"rendered":"<p>karriere.at Studie: \u201e(R)Evolution Arbeit \u2013 die Berufswelt heute und morgen\u201c Marketagent.com befragte \u00d6sterreichs Arbeitnehmer und Arbeitgeber karriere.at hat gemeinsam mit dem Markt- und Meinungsforschungsinstitut Marketagent.com die Erwartungen von Arbeitnehmern und Arbeitgebern an die Zukunft erhoben. Das Ergebnis ist eine umfassende Studie \u2013 eine Analyse und Prognose und damit eine wertvolle Orientierungshilfe und Handlungsanleitung. Marketagent.com hat [&hellip;]<\/p>\n","protected":false},"author":192,"featured_media":6108,"comment_status":"closed","ping_status":"closed","sticky":false,"template":"","format":"standard","meta":{"_acf_changed":false,"footnotes":""},"categories":[112,110],"tags":[],"class_list":["post-7677","post","type-post","status-publish","format-standard","has-post-thumbnail","hentry","category-neuigkeiten","category-studien"],"acf":[],"_links":{"self":[{"href":"https:\/\/www.weiterbildungsmarkt.net\/news\/wp-json\/wp\/v2\/posts\/7677","targetHints":{"allow":["GET"]}}],"collection":[{"href":"https:\/\/www.weiterbildungsmarkt.net\/news\/wp-json\/wp\/v2\/posts"}],"about":[{"href":"https:\/\/www.weiterbildungsmarkt.net\/news\/wp-json\/wp\/v2\/types\/post"}],"author":[{"embeddable":true,"href":"https:\/\/www.weiterbildungsmarkt.net\/news\/wp-json\/wp\/v2\/users\/192"}],"replies":[{"embeddable":true,"href":"https:\/\/www.weiterbildungsmarkt.net\/news\/wp-json\/wp\/v2\/comments?post=7677"}],"version-history":[{"count":1,"href":"https:\/\/www.weiterbildungsmarkt.net\/news\/wp-json\/wp\/v2\/posts\/7677\/revisions"}],"predecessor-version":[{"id":7678,"href":"https:\/\/www.weiterbildungsmarkt.net\/news\/wp-json\/wp\/v2\/posts\/7677\/revisions\/7678"}],"wp:featuredmedia":[{"embeddable":true,"href":"https:\/\/www.weiterbildungsmarkt.net\/news\/wp-json\/wp\/v2\/media\/6108"}],"wp:attachment":[{"href":"https:\/\/www.weiterbildungsmarkt.net\/news\/wp-json\/wp\/v2\/media?parent=7677"}],"wp:term":[{"taxonomy":"category","embeddable":true,"href":"https:\/\/www.weiterbildungsmarkt.net\/news\/wp-json\/wp\/v2\/categories?post=7677"},{"taxonomy":"post_tag","embeddable":true,"href":"https:\/\/www.weiterbildungsmarkt.net\/news\/wp-json\/wp\/v2\/tags?post=7677"}],"curies":[{"name":"wp","href":"https:\/\/api.w.org\/{rel}","templated":true}]}}