{"id":7686,"date":"2019-10-23T13:47:26","date_gmt":"2019-10-23T11:47:26","guid":{"rendered":"https:\/\/www.weiterbildungsmarkt.net\/news\/?p=7686"},"modified":"2019-10-23T13:47:26","modified_gmt":"2019-10-23T11:47:26","slug":"ausbildung-zum-blended-learning-trainer","status":"publish","type":"post","link":"https:\/\/www.weiterbildungsmarkt.net\/news\/ausbildung-zum-blended-learning-trainer-7686\/","title":{"rendered":"Ausbildung zum Blended-Learning-Trainer"},"content":{"rendered":"<p style=\"text-align: justify;\"><strong>Seminar Consult Prohaska startet neue, offene Blended-Learning-Trainer-Ausbildung in Wien<\/strong><\/p>\n<p style=\"text-align: justify;\">Eine offene Blended-Learning-Trainer-Ausbildung startet das Wiener Trainings- und Beratungsunternehmen Seminar Consult Prohaska am 10. Februar 2020 in Wien. In der berufsbegleitenden Ausbildung erwerben die Teilnehmer die Kompetenz, Lern- und Trainingsarchitekturen zu entwickeln, die das Pr\u00e4senz- und Online-Lernen zu einer organischen Einheit verkn\u00fcpfen. Au\u00dferdem trainieren sie, Lerninhalte multimedial so aufzubereiten, dass sie online vermittelbar sind und die Teilnehmer zum eigenst\u00e4ndigen (Weiter-)Lernen animieren.<\/p>\n<p style=\"text-align: justify;\">Der offenen Blended-Learning-Trainer-Ausbildung liegt ein Konzept zugrunde, das Seminar Consult Prohaska schon mehrfach in Unternehmen realisierte. Dieses wurde im Herbst 2018 vom Berufsverband f\u00fcr Training, Beratung und Coaching (BDVT) mit dem \u201eEurop\u00e4ischen Preis f\u00fcr Training, Beratung und Coaching in Gold\u201c ausgezeichnet, da es \u2013 so die Juroren \u2013 \u201eauf bemerkenswerte Weise soziales Lernen und kollaboratives Arbeiten im virtuellen Raum miteinander verkn\u00fcpft\u201c. Zielgruppe der Ausbildung sind Personen, die \u2013 wie Trainer, Coaches oder Bildungsbeauftragte von Unternehmen \u2013 bereits eine fundierte Vorerfahrung im Vermitteln von Wissen haben, \u00a0jedoch vor der f\u00fcr sie neuen Herausforderung stehen, Blended Learning-Formate zu entwerfen oder bereits bestehende Pr\u00e4senzangebote entsprechend umzuwandeln.<\/p>\n<p style=\"text-align: justify;\">Die Ausbildung startet mit einem sogenannten Online pre work \u201e<strong>Einf\u00fchrung Blended Learning\u201c<\/strong>. Bei ihm wird den Teilnehmern unter anderem von Sabine Prohaska, der Inhaberin von Seminar Consult Prohaska, anhand des von ihr entworfenen Blended-Learning-Kompasses vermittelt, worauf beim Einf\u00fchren von E-Learning in Unternehmen zu achten ist. Zudem erfahren sie, welche Kompetenzen ein Blended-Learning-Trainer zum Beispiel zum Planen und Durchf\u00fchren von Webinaren und Online-Coachings brauchen. Intensiv wird zudem das Thema er\u00f6rtert, mit welchen Nutzen-Argumenten Weiterbildner Entscheider in Unternehmen f\u00fcr das Online-Lernen und Blended Learning erw\u00e4rmen k\u00f6nnen.<\/p>\n<p style=\"text-align: justify;\">Danach folgt am 28.\/29, Februar 2020 ein 1,5-t\u00e4giges Pr\u00e4senzseminar \u201eBlended Learning Didaktik und Methodik\u201c in Wien. In ihm setzen sich die Teilnehmer au\u00dfer mit dem Entwickeln von Blended-Learning-Architekturen unter anderem mit dem Thema Microlearning und Erstellen von Lern-Nuggets auseinander; zudem mit der Frage, wie die Teilnehmer-Interaktion und das soziale Lernen online stimuliert werden kann. Intensiv werden zudem solche Themen wie das Halten von Webinaren, Bereitstellen von Videos sowie Aufbereiten und Versenden von elektronischen Lernunterlagen er\u00f6rtert.<\/p>\n<p style=\"text-align: justify;\">Auf das Pr\u00e4senzseminar folgt ein Online follow up \u201eBlended Learning Praxisarbeit\u201c. In ihm erstellen die Teilnehmer ein Blended Learning-Seminarkonzept zu einem Thema ihrer Wahl. Hierbei werden sie online von den Ausbildern betreut. Ihre Praxisarbeiten pr\u00e4sentieren die Teilnehmer dann im Rahmen eines selbst organisierten Webinars und erhalten Feedback zu ihrem Konzept. Basierend auf ihrer Praxiserfahrung er\u00f6rtern die Teilnehmer zudem noch solche Themen wie Zeit- und Preiskalkulation bei Online- und Blended Learning-Konzepten.<\/p>\n<p style=\"text-align: justify;\">Daf\u00fcr die Blended-Learning-Trainer-Ausbildung ab 2020 auch als offene Ausbildung anzubieten, entschied sich Seminar Consult Prohaska laut Sabine Prohaska, weil das Trainings- und Beratungsunternehmen seit zwei, drei Jahren einen Paradigmen-Wechsel in den Unternehmen versp\u00fcrt. Standen viele Unternehmen dem Thema Online-Lernen bis vor wenigen Jahren noch eher reserviert gegen\u00fcber, fordern sie mittlerweile im Gefolge der Digitalen Transformation der Wirtschaft fast geradezu: Auch die betriebliche Aus- und Weiterbildung sowie Personalentwicklung soll die moderne Informations- und Kommunikationstechnik nutzen. \u00c4hnliche Forderungen werden von den sogenannten Digital Natives laut, die in den Unternehmen oft bereits Schl\u00fcsselpositionen innehaben. Entsprechend gro\u00df ist laut Prohaska \u201eder Druck auf Trainer, Berater und Coaches sowie firmeninterne Aus- und Weiterbildner sich im Bereich computer- und online-gest\u00fctztes Lernen weiterzubilden, zumindest wenn sie den digitalen Transformationsprozess in den Unternehmen aktiv mitgestalten m\u00f6chten\u201c.<\/p>\n<p style=\"text-align: justify;\">Die Zahl der Teilnehmer an der Blended-Learning-Trainer-Ausbildung ist auf 14 begrenzt. Die Teilnahme kostet 790 Euro (plus 20 Prozent Umsatzsteuer). N\u00e4here Infos finden Interessierte auf der Webseite <a href=\"http:\/\/www.seminarconsult.at\" target=\"_blank\" rel=\"noopener nofollow\" class=\"external external_icon\">www.seminarconsult.at<\/a> in der Rubrik Lehrg\u00e4nge.<\/p>\n<div class=\"shariff shariff-align-left shariff-widget-align-left\"><ul class=\"shariff-buttons theme-round orientation-horizontal buttonsize-medium\"><li class=\"shariff-button facebook shariff-nocustomcolor\" style=\"background-color:#4273c8\"><a href=\"https:\/\/www.facebook.com\/sharer\/sharer.php?u=https%3A%2F%2Fwww.weiterbildungsmarkt.net%2Fnews%2Fausbildung-zum-blended-learning-trainer-7686%2F\" title=\"Bei Facebook teilen\" aria-label=\"Bei Facebook teilen\" role=\"button\" rel=\"nofollow\" class=\"shariff-link external external_icon\" style=\"; background-color:#3b5998; color:#fff\" target=\"_blank\"><span class=\"shariff-icon\" style=\"\"><svg width=\"32px\" height=\"20px\" xmlns=\"http:\/\/www.w3.org\/2000\/svg\" viewBox=\"0 0 18 32\"><path fill=\"#3b5998\" d=\"M17.1 0.2v4.7h-2.8q-1.5 0-2.1 0.6t-0.5 1.9v3.4h5.2l-0.7 5.3h-4.5v13.6h-5.5v-13.6h-4.5v-5.3h4.5v-3.9q0-3.3 1.9-5.2t5-1.8q2.6 0 4.1 0.2z\"\/><\/svg><\/span><\/a><\/li><li class=\"shariff-button twitter shariff-nocustomcolor\" style=\"background-color:#595959\"><a href=\"https:\/\/twitter.com\/share?url=https%3A%2F%2Fwww.weiterbildungsmarkt.net%2Fnews%2Fausbildung-zum-blended-learning-trainer-7686%2F&text=Ausbildung%20zum%20Blended-Learning-Trainer\" title=\"Bei X teilen\" aria-label=\"Bei X teilen\" role=\"button\" rel=\"noopener nofollow\" class=\"shariff-link\" style=\"; background-color:#000; color:#fff\" target=\"_blank\"><span class=\"shariff-icon\" style=\"\"><svg width=\"32px\" height=\"20px\" xmlns=\"http:\/\/www.w3.org\/2000\/svg\" viewBox=\"0 0 24 24\"><path fill=\"#000\" d=\"M14.258 10.152L23.176 0h-2.113l-7.747 8.813L7.133 0H0l9.352 13.328L0 23.973h2.113l8.176-9.309 6.531 9.309h7.133zm-2.895 3.293l-.949-1.328L2.875 1.56h3.246l6.086 8.523.945 1.328 7.91 11.078h-3.246zm0 0\"\/><\/svg><\/span><\/a><\/li><li class=\"shariff-button xing shariff-nocustomcolor\" style=\"background-color:#29888a\"><a href=\"https:\/\/www.xing.com\/spi\/shares\/new?url=https%3A%2F%2Fwww.weiterbildungsmarkt.net%2Fnews%2Fausbildung-zum-blended-learning-trainer-7686%2F\" title=\"Bei XING teilen\" aria-label=\"Bei XING teilen\" role=\"button\" rel=\"noopener nofollow\" class=\"shariff-link external external_icon\" style=\"; background-color:#126567; color:#fff\" target=\"_blank\"><span class=\"shariff-icon\" style=\"\"><svg width=\"32px\" height=\"20px\" xmlns=\"http:\/\/www.w3.org\/2000\/svg\" viewBox=\"0 0 25 32\"><path fill=\"#126567\" d=\"M10.7 11.9q-0.2 0.3-4.6 8.2-0.5 0.8-1.2 0.8h-4.3q-0.4 0-0.5-0.3t0-0.6l4.5-8q0 0 0 0l-2.9-5q-0.2-0.4 0-0.7 0.2-0.3 0.5-0.3h4.3q0.7 0 1.2 0.8zM25.1 0.4q0.2 0.3 0 0.7l-9.4 16.7 6 11q0.2 0.4 0 0.6-0.2 0.3-0.6 0.3h-4.3q-0.7 0-1.2-0.8l-6-11.1q0.3-0.6 9.5-16.8 0.4-0.8 1.2-0.8h4.3q0.4 0 0.5 0.3z\"\/><\/svg><\/span><\/a><\/li><li class=\"shariff-button linkedin shariff-nocustomcolor\" style=\"background-color:#1488bf\"><a href=\"https:\/\/www.linkedin.com\/sharing\/share-offsite\/?url=https%3A%2F%2Fwww.weiterbildungsmarkt.net%2Fnews%2Fausbildung-zum-blended-learning-trainer-7686%2F\" title=\"Bei LinkedIn teilen\" aria-label=\"Bei LinkedIn teilen\" role=\"button\" rel=\"noopener nofollow\" class=\"shariff-link external external_icon\" style=\"; background-color:#0077b5; color:#fff\" target=\"_blank\"><span class=\"shariff-icon\" style=\"\"><svg width=\"32px\" height=\"20px\" xmlns=\"http:\/\/www.w3.org\/2000\/svg\" viewBox=\"0 0 27 32\"><path fill=\"#0077b5\" d=\"M6.2 11.2v17.7h-5.9v-17.7h5.9zM6.6 5.7q0 1.3-0.9 2.2t-2.4 0.9h0q-1.5 0-2.4-0.9t-0.9-2.2 0.9-2.2 2.4-0.9 2.4 0.9 0.9 2.2zM27.4 18.7v10.1h-5.9v-9.5q0-1.9-0.7-2.9t-2.3-1.1q-1.1 0-1.9 0.6t-1.2 1.5q-0.2 0.5-0.2 1.4v9.9h-5.9q0-7.1 0-11.6t0-5.3l0-0.9h5.9v2.6h0q0.4-0.6 0.7-1t1-0.9 1.6-0.8 2-0.3q3 0 4.9 2t1.9 6z\"\/><\/svg><\/span><\/a><\/li><li class=\"shariff-button whatsapp shariff-nocustomcolor\" style=\"background-color:#5cbe4a\"><a href=\"https:\/\/api.whatsapp.com\/send?text=https%3A%2F%2Fwww.weiterbildungsmarkt.net%2Fnews%2Fausbildung-zum-blended-learning-trainer-7686%2F%20Ausbildung%20zum%20Blended-Learning-Trainer\" title=\"Bei Whatsapp teilen\" aria-label=\"Bei Whatsapp teilen\" role=\"button\" rel=\"noopener nofollow\" class=\"shariff-link external external_icon\" style=\"; background-color:#34af23; color:#fff\" target=\"_blank\"><span class=\"shariff-icon\" style=\"\"><svg width=\"32px\" height=\"20px\" xmlns=\"http:\/\/www.w3.org\/2000\/svg\" viewBox=\"0 0 32 32\"><path fill=\"#34af23\" d=\"M17.6 17.4q0.2 0 1.7 0.8t1.6 0.9q0 0.1 0 0.3 0 0.6-0.3 1.4-0.3 0.7-1.3 1.2t-1.8 0.5q-1 0-3.4-1.1-1.7-0.8-3-2.1t-2.6-3.3q-1.3-1.9-1.3-3.5v-0.1q0.1-1.6 1.3-2.8 0.4-0.4 0.9-0.4 0.1 0 0.3 0t0.3 0q0.3 0 0.5 0.1t0.3 0.5q0.1 0.4 0.6 1.6t0.4 1.3q0 0.4-0.6 1t-0.6 0.8q0 0.1 0.1 0.3 0.6 1.3 1.8 2.4 1 0.9 2.7 1.8 0.2 0.1 0.4 0.1 0.3 0 1-0.9t0.9-0.9zM14 26.9q2.3 0 4.3-0.9t3.6-2.4 2.4-3.6 0.9-4.3-0.9-4.3-2.4-3.6-3.6-2.4-4.3-0.9-4.3 0.9-3.6 2.4-2.4 3.6-0.9 4.3q0 3.6 2.1 6.6l-1.4 4.2 4.3-1.4q2.8 1.9 6.2 1.9zM14 2.2q2.7 0 5.2 1.1t4.3 2.9 2.9 4.3 1.1 5.2-1.1 5.2-2.9 4.3-4.3 2.9-5.2 1.1q-3.5 0-6.5-1.7l-7.4 2.4 2.4-7.2q-1.9-3.2-1.9-6.9 0-2.7 1.1-5.2t2.9-4.3 4.3-2.9 5.2-1.1z\"\/><\/svg><\/span><\/a><\/li><li class=\"shariff-button pinterest shariff-nocustomcolor\" style=\"background-color:#e70f18\"><a href=\"https:\/\/www.pinterest.com\/pin\/create\/link\/?url=https%3A%2F%2Fwww.weiterbildungsmarkt.net%2Fnews%2Fausbildung-zum-blended-learning-trainer-7686%2F&media=https%3A%2F%2Fwww.weiterbildungsmarkt.net%2Fnews%2Fwp-content%2Fuploads%2F2018%2F04%2Fsemconslogobig.jpg&description=Ausbildung%20zum%20Blended-Learning-Trainer\" title=\"Bei Pinterest pinnen\" aria-label=\"Bei Pinterest pinnen\" role=\"button\" rel=\"noopener nofollow\" class=\"shariff-link\" style=\"; background-color:#cb2027; color:#fff\" target=\"_blank\"><span class=\"shariff-icon\" style=\"\"><svg width=\"32px\" height=\"20px\" xmlns=\"http:\/\/www.w3.org\/2000\/svg\" viewBox=\"0 0 27 32\"><path fill=\"#cb2027\" d=\"M27.4 16q0 3.7-1.8 6.9t-5 5-6.9 1.9q-2 0-3.9-0.6 1.1-1.7 1.4-2.9 0.2-0.6 1-3.8 0.4 0.7 1.3 1.2t2 0.5q2.1 0 3.8-1.2t2.7-3.4 0.9-4.8q0-2-1.1-3.8t-3.1-2.9-4.5-1.2q-1.9 0-3.5 0.5t-2.8 1.4-2 2-1.2 2.3-0.4 2.4q0 1.9 0.7 3.3t2.1 2q0.5 0.2 0.7-0.4 0-0.1 0.1-0.5t0.2-0.5q0.1-0.4-0.2-0.8-0.9-1.1-0.9-2.7 0-2.7 1.9-4.6t4.9-2q2.7 0 4.2 1.5t1.5 3.8q0 3-1.2 5.2t-3.1 2.1q-1.1 0-1.7-0.8t-0.4-1.9q0.1-0.6 0.5-1.7t0.5-1.8 0.2-1.4q0-0.9-0.5-1.5t-1.4-0.6q-1.1 0-1.9 1t-0.8 2.6q0 1.3 0.4 2.2l-1.8 7.5q-0.3 1.2-0.2 3.2-3.7-1.6-6-5t-2.3-7.6q0-3.7 1.9-6.9t5-5 6.9-1.9 6.9 1.9 5 5 1.8 6.9z\"\/><\/svg><\/span><\/a><\/li><\/ul><\/div>","protected":false},"excerpt":{"rendered":"<p>Seminar Consult Prohaska startet neue, offene Blended-Learning-Trainer-Ausbildung in Wien Eine offene Blended-Learning-Trainer-Ausbildung startet das Wiener Trainings- und Beratungsunternehmen Seminar Consult Prohaska am 10. Februar 2020 in Wien. In der berufsbegleitenden Ausbildung erwerben die Teilnehmer die Kompetenz, Lern- und Trainingsarchitekturen zu entwickeln, die das Pr\u00e4senz- und Online-Lernen zu einer organischen Einheit verkn\u00fcpfen. Au\u00dferdem trainieren sie, Lerninhalte [&hellip;]<\/p>\n","protected":false},"author":5,"featured_media":6653,"comment_status":"closed","ping_status":"closed","sticky":false,"template":"","format":"standard","meta":{"_acf_changed":false,"footnotes":""},"categories":[109,1],"tags":[],"class_list":["post-7686","post","type-post","status-publish","format-standard","has-post-thumbnail","hentry","category-termine","category-weiterbildung"],"acf":[],"_links":{"self":[{"href":"https:\/\/www.weiterbildungsmarkt.net\/news\/wp-json\/wp\/v2\/posts\/7686","targetHints":{"allow":["GET"]}}],"collection":[{"href":"https:\/\/www.weiterbildungsmarkt.net\/news\/wp-json\/wp\/v2\/posts"}],"about":[{"href":"https:\/\/www.weiterbildungsmarkt.net\/news\/wp-json\/wp\/v2\/types\/post"}],"author":[{"embeddable":true,"href":"https:\/\/www.weiterbildungsmarkt.net\/news\/wp-json\/wp\/v2\/users\/5"}],"replies":[{"embeddable":true,"href":"https:\/\/www.weiterbildungsmarkt.net\/news\/wp-json\/wp\/v2\/comments?post=7686"}],"version-history":[{"count":2,"href":"https:\/\/www.weiterbildungsmarkt.net\/news\/wp-json\/wp\/v2\/posts\/7686\/revisions"}],"predecessor-version":[{"id":7688,"href":"https:\/\/www.weiterbildungsmarkt.net\/news\/wp-json\/wp\/v2\/posts\/7686\/revisions\/7688"}],"wp:featuredmedia":[{"embeddable":true,"href":"https:\/\/www.weiterbildungsmarkt.net\/news\/wp-json\/wp\/v2\/media\/6653"}],"wp:attachment":[{"href":"https:\/\/www.weiterbildungsmarkt.net\/news\/wp-json\/wp\/v2\/media?parent=7686"}],"wp:term":[{"taxonomy":"category","embeddable":true,"href":"https:\/\/www.weiterbildungsmarkt.net\/news\/wp-json\/wp\/v2\/categories?post=7686"},{"taxonomy":"post_tag","embeddable":true,"href":"https:\/\/www.weiterbildungsmarkt.net\/news\/wp-json\/wp\/v2\/tags?post=7686"}],"curies":[{"name":"wp","href":"https:\/\/api.w.org\/{rel}","templated":true}]}}