{"id":7799,"date":"2020-03-25T13:02:51","date_gmt":"2020-03-25T12:02:51","guid":{"rendered":"https:\/\/www.weiterbildungsmarkt.net\/news\/?p=7799"},"modified":"2023-03-01T09:14:10","modified_gmt":"2023-03-01T08:14:10","slug":"mangel-digitalkompetenzen-bremst-digitalisierung-des-deutschen-mittelstands","status":"publish","type":"post","link":"https:\/\/www.weiterbildungsmarkt.net\/news\/mangel-digitalkompetenzen-bremst-digitalisierung-des-deutschen-mittelstands-7799\/","title":{"rendered":"Mangel an Digitalkompetenzen bremst Digitalisierung des deutschen Mittelstands"},"content":{"rendered":"<p style=\"text-align: justify;\"><strong>&#8211; Vier F\u00fcnftel der Unternehmen sind auf Personal mit <\/strong><br \/><br \/>\n<strong>Digitalkompetenzen angewiesen<\/strong><br \/><br \/>\n<strong>&#8211; Doch ein Drittel kann Bedarf an Digitalkompetenzen nicht decken<\/strong><br \/><br \/>\n<strong>&#8211; Weiterbildungsh\u00fcrden sind vor allem Kosten und Arbeitsausfall<\/strong><br \/><br \/>\n<strong>&#8211; E-Learning als Chance &#8211; vor allem f\u00fcr kleine Unternehmen<\/strong><\/p>\n<p style=\"text-align: justify;\">Der digitale Wandel ist zwar allm\u00e4hlich in der Breite des deutschen Mittelstands angekommen. Immer mehr kleine und mittlere Unternehmen f\u00fchren Digitalisierungsprojekte durch, d.h. sie setzen verst\u00e4rkt digitale Technologien in ihren Prozessen, Produkten und in der Kommunikation ein. Doch die Digitalisierung des Mittelstands wird zunehmend durch einen Mangel an einschl\u00e4gigen Kompetenzen in der Mitarbeitschaft gebremst: Ein Drittel der kleinen und mittleren Unternehmen kann den Bedarf an digitalem Knowhow und F\u00e4higkeiten aktuell nicht decken. 38 % der Firmen sehen im Jahr 2019 fehlende Kenntnisse des Personals als Digitalisierungsh\u00fcrde, wie eine neue repr\u00e4sentative Analyse von KfW Research zeigt. Zwei Jahre zuvor betrug dieser Anteil noch 29 %.<\/p>\n<p style=\"text-align: justify;\">Eine Sonderbefragung auf Basis des KfW-Mittelstandspanels belegt, dass die gro\u00dfe Mehrheit der mittelst\u00e4ndischen Unternehmen hierzulande auf digitale Grundkompetenzen angewiesen ist: 78 % konstatieren einen gro\u00dfen Bedarf an der Bedienung von Standardsoftware und digitalen Endger\u00e4ten. Onlinekompetenzen wie z. B. Internetrecherchen, Onlinemarketing oder der Umgang mit sozialen Medien sind f\u00fcr die H\u00e4lfte (51 %) der Mittelst\u00e4ndler von gro\u00dfer Bedeutung. Doch auch die Bedienung von Spezialsoftware bzw. digitalen Produktionsmaschinen ist f\u00fcr 45 % wichtig. Mitarbeiter mit fortgeschrittenen Digitalkompetenzen wie Programmieren oder statistischer Datenanalyse ben\u00f6tigen immerhin 24 % des Mittelstands.<\/p>\n<p style=\"text-align: justify;\">Zusammengefasst ist f\u00fcr 8 von 10 Mittelst\u00e4ndlern in Deutschland mindestens eine Digitalkompetenz von gro\u00dfer Bedeutung. Doch ein Drittel dieser Unternehmen kann den Bedarf nicht decken: 34 % verzeichnen Engp\u00e4sse bei mindestens einer Digitalkompetenz, bei 14 % bestehen sogar erhebliche Engp\u00e4sse, d. h. der Bedarf an mindestens einer Digitalkompetenz ist noch nicht einmal teilweise gedeckt. Besonders gro\u00df ist der Engpass bei komplexeren Kenntnissen: Fast die H\u00e4lfte der Mittelst\u00e4ndler mit Bedarf an Datenanalysten hat Probleme, den Bedarf zu decken (45 %).<\/p>\n<p style=\"text-align: justify;\">Unternehmen k\u00f6nnen sich Digitalkompetenzen auf drei Wegen beschaffen: Rekrutierung, Auslagerung und Weiterbildung. Letztere Strategie w\u00e4hlt der Mittelstand am h\u00e4ufigsten. F\u00fcr 70 % spielt Weiterbildung eine Rolle beim Aufbau von Digitalkompetenzen. Allerdings dominieren kurze Weiterbildungsma\u00dfnahmen mit oft begrenzter Qualifikationswirkung. H\u00fcrden f\u00fcr eine Intensivierung der Weiterbildung sind vor allem finanzieller Natur. Ein Drittel der Unternehmen bezeichnet die direkten Kosten als Problem (32 %), ein Viertel den Arbeitsausfall abwesender Mitarbeiter (26 %). F\u00fcr kleine Unternehmen mit ihren knapperen Personalressourcen ist diese H\u00fcrde besonders hoch, denn Abwesenheiten k\u00f6nnen oft schlechter durch Vertretung aufgefangen werden.<\/p>\n<p style=\"text-align: justify;\">Die Chefvolkswirtin der KfW, Dr. Fritzi K\u00f6hler-Geib, kommentiert die Ergebnisse der Studie so: &#8222;Die Digitalisierung des Mittelstands hat in den letzten Jahren zwar Fahrt aufgenommen. Doch ein Bremsklotz tritt immer deutlicher zutage: Die Digitalkompetenzen der Besch\u00e4ftigten bleiben hinter der Entwicklung zur\u00fcck. Weiterbildung ist die wichtigste L\u00f6sungsstrategie, wird aber zu oft aus Kosten- und Zeitgr\u00fcnden unterlassen. Digitale Lernformate sind in den letzten Jahren technisch und didaktisch besser geworden und k\u00f6nnen so die berufliche Weiterbildung in Deutschland beleben. E-Learning erm\u00f6glicht flexibles, zeit- und ortsunabh\u00e4ngiges Lernen &#8211; damit passt es besonders gut zu den Anforderungen kleiner Unternehmen.&#8220;<\/p>\n<p style=\"text-align: justify;\">Der aktuelle Fokus Volkswirtschaft von KfW Research zum Thema Digitalkompetenzen und Weiterbildung ist abrufbar unter www.kfw.de\/fokus<\/p>\n<p style=\"text-align: justify;\">Quelle: Presseportal.de<\/p>\n<div class=\"shariff shariff-align-flex-start shariff-widget-align-flex-start\"><ul class=\"shariff-buttons theme-round orientation-horizontal buttonsize-medium\"><li class=\"shariff-button facebook shariff-nocustomcolor\" style=\"background-color:#4273c8\"><a href=\"https:\/\/www.facebook.com\/sharer\/sharer.php?u=https%3A%2F%2Fwww.weiterbildungsmarkt.net%2Fnews%2Fmangel-digitalkompetenzen-bremst-digitalisierung-des-deutschen-mittelstands-7799%2F\" title=\"Bei Facebook teilen\" aria-label=\"Bei Facebook teilen\" role=\"button\" rel=\"nofollow\" class=\"shariff-link external external_icon\" style=\"; background-color:#3b5998; color:#fff\" target=\"_blank\"><span class=\"shariff-icon\" style=\"\"><svg width=\"32px\" height=\"20px\" xmlns=\"http:\/\/www.w3.org\/2000\/svg\" viewBox=\"0 0 18 32\"><path fill=\"#3b5998\" d=\"M17.1 0.2v4.7h-2.8q-1.5 0-2.1 0.6t-0.5 1.9v3.4h5.2l-0.7 5.3h-4.5v13.6h-5.5v-13.6h-4.5v-5.3h4.5v-3.9q0-3.3 1.9-5.2t5-1.8q2.6 0 4.1 0.2z\"\/><\/svg><\/span><\/a><\/li><li class=\"shariff-button twitter shariff-nocustomcolor\" style=\"background-color:#595959\"><a href=\"https:\/\/twitter.com\/share?url=https%3A%2F%2Fwww.weiterbildungsmarkt.net%2Fnews%2Fmangel-digitalkompetenzen-bremst-digitalisierung-des-deutschen-mittelstands-7799%2F&text=Mangel%20an%20Digitalkompetenzen%20bremst%20Digitalisierung%20des%20deutschen%20Mittelstands\" title=\"Bei X teilen\" aria-label=\"Bei X teilen\" role=\"button\" rel=\"noopener nofollow\" class=\"shariff-link\" style=\"; background-color:#000; color:#fff\" target=\"_blank\"><span class=\"shariff-icon\" style=\"\"><svg width=\"32px\" height=\"20px\" xmlns=\"http:\/\/www.w3.org\/2000\/svg\" viewBox=\"0 0 24 24\"><path fill=\"#000\" d=\"M14.258 10.152L23.176 0h-2.113l-7.747 8.813L7.133 0H0l9.352 13.328L0 23.973h2.113l8.176-9.309 6.531 9.309h7.133zm-2.895 3.293l-.949-1.328L2.875 1.56h3.246l6.086 8.523.945 1.328 7.91 11.078h-3.246zm0 0\"\/><\/svg><\/span><\/a><\/li><li class=\"shariff-button xing shariff-nocustomcolor\" style=\"background-color:#29888a\"><a href=\"https:\/\/www.xing.com\/spi\/shares\/new?url=https%3A%2F%2Fwww.weiterbildungsmarkt.net%2Fnews%2Fmangel-digitalkompetenzen-bremst-digitalisierung-des-deutschen-mittelstands-7799%2F\" title=\"Bei XING teilen\" aria-label=\"Bei XING teilen\" role=\"button\" rel=\"noopener nofollow\" class=\"shariff-link external external_icon\" style=\"; background-color:#126567; color:#fff\" target=\"_blank\"><span class=\"shariff-icon\" style=\"\"><svg width=\"32px\" height=\"20px\" xmlns=\"http:\/\/www.w3.org\/2000\/svg\" viewBox=\"0 0 25 32\"><path fill=\"#126567\" d=\"M10.7 11.9q-0.2 0.3-4.6 8.2-0.5 0.8-1.2 0.8h-4.3q-0.4 0-0.5-0.3t0-0.6l4.5-8q0 0 0 0l-2.9-5q-0.2-0.4 0-0.7 0.2-0.3 0.5-0.3h4.3q0.7 0 1.2 0.8zM25.1 0.4q0.2 0.3 0 0.7l-9.4 16.7 6 11q0.2 0.4 0 0.6-0.2 0.3-0.6 0.3h-4.3q-0.7 0-1.2-0.8l-6-11.1q0.3-0.6 9.5-16.8 0.4-0.8 1.2-0.8h4.3q0.4 0 0.5 0.3z\"\/><\/svg><\/span><\/a><\/li><li class=\"shariff-button linkedin shariff-nocustomcolor\" style=\"background-color:#1488bf\"><a href=\"https:\/\/www.linkedin.com\/sharing\/share-offsite\/?url=https%3A%2F%2Fwww.weiterbildungsmarkt.net%2Fnews%2Fmangel-digitalkompetenzen-bremst-digitalisierung-des-deutschen-mittelstands-7799%2F\" title=\"Bei LinkedIn teilen\" aria-label=\"Bei LinkedIn teilen\" role=\"button\" rel=\"noopener nofollow\" class=\"shariff-link external external_icon\" style=\"; background-color:#0077b5; color:#fff\" target=\"_blank\"><span class=\"shariff-icon\" style=\"\"><svg width=\"32px\" height=\"20px\" xmlns=\"http:\/\/www.w3.org\/2000\/svg\" viewBox=\"0 0 27 32\"><path fill=\"#0077b5\" d=\"M6.2 11.2v17.7h-5.9v-17.7h5.9zM6.6 5.7q0 1.3-0.9 2.2t-2.4 0.9h0q-1.5 0-2.4-0.9t-0.9-2.2 0.9-2.2 2.4-0.9 2.4 0.9 0.9 2.2zM27.4 18.7v10.1h-5.9v-9.5q0-1.9-0.7-2.9t-2.3-1.1q-1.1 0-1.9 0.6t-1.2 1.5q-0.2 0.5-0.2 1.4v9.9h-5.9q0-7.1 0-11.6t0-5.3l0-0.9h5.9v2.6h0q0.4-0.6 0.7-1t1-0.9 1.6-0.8 2-0.3q3 0 4.9 2t1.9 6z\"\/><\/svg><\/span><\/a><\/li><li class=\"shariff-button whatsapp shariff-nocustomcolor\" style=\"background-color:#5cbe4a\"><a href=\"https:\/\/api.whatsapp.com\/send?text=https%3A%2F%2Fwww.weiterbildungsmarkt.net%2Fnews%2Fmangel-digitalkompetenzen-bremst-digitalisierung-des-deutschen-mittelstands-7799%2F%20Mangel%20an%20Digitalkompetenzen%20bremst%20Digitalisierung%20des%20deutschen%20Mittelstands\" title=\"Bei Whatsapp teilen\" aria-label=\"Bei Whatsapp teilen\" role=\"button\" rel=\"noopener nofollow\" class=\"shariff-link external external_icon\" style=\"; background-color:#34af23; color:#fff\" target=\"_blank\"><span class=\"shariff-icon\" style=\"\"><svg width=\"32px\" height=\"20px\" xmlns=\"http:\/\/www.w3.org\/2000\/svg\" viewBox=\"0 0 32 32\"><path fill=\"#34af23\" d=\"M17.6 17.4q0.2 0 1.7 0.8t1.6 0.9q0 0.1 0 0.3 0 0.6-0.3 1.4-0.3 0.7-1.3 1.2t-1.8 0.5q-1 0-3.4-1.1-1.7-0.8-3-2.1t-2.6-3.3q-1.3-1.9-1.3-3.5v-0.1q0.1-1.6 1.3-2.8 0.4-0.4 0.9-0.4 0.1 0 0.3 0t0.3 0q0.3 0 0.5 0.1t0.3 0.5q0.1 0.4 0.6 1.6t0.4 1.3q0 0.4-0.6 1t-0.6 0.8q0 0.1 0.1 0.3 0.6 1.3 1.8 2.4 1 0.9 2.7 1.8 0.2 0.1 0.4 0.1 0.3 0 1-0.9t0.9-0.9zM14 26.9q2.3 0 4.3-0.9t3.6-2.4 2.4-3.6 0.9-4.3-0.9-4.3-2.4-3.6-3.6-2.4-4.3-0.9-4.3 0.9-3.6 2.4-2.4 3.6-0.9 4.3q0 3.6 2.1 6.6l-1.4 4.2 4.3-1.4q2.8 1.9 6.2 1.9zM14 2.2q2.7 0 5.2 1.1t4.3 2.9 2.9 4.3 1.1 5.2-1.1 5.2-2.9 4.3-4.3 2.9-5.2 1.1q-3.5 0-6.5-1.7l-7.4 2.4 2.4-7.2q-1.9-3.2-1.9-6.9 0-2.7 1.1-5.2t2.9-4.3 4.3-2.9 5.2-1.1z\"\/><\/svg><\/span><\/a><\/li><li class=\"shariff-button pinterest shariff-nocustomcolor\" style=\"background-color:#e70f18\"><a href=\"https:\/\/www.pinterest.com\/pin\/create\/link\/?url=https%3A%2F%2Fwww.weiterbildungsmarkt.net%2Fnews%2Fmangel-digitalkompetenzen-bremst-digitalisierung-des-deutschen-mittelstands-7799%2F&media=https%3A%2F%2Fwww.weiterbildungsmarkt.net%2Fnews%2Fwp-content%2Fuploads%2F2017%2F11%2FNT174.png&description=Mangel%20an%20Digitalkompetenzen%20bremst%20Digitalisierung%20des%20deutschen%20Mittelstands\" title=\"Bei Pinterest pinnen\" aria-label=\"Bei Pinterest pinnen\" role=\"button\" rel=\"noopener nofollow\" class=\"shariff-link\" style=\"; background-color:#cb2027; color:#fff\" target=\"_blank\"><span class=\"shariff-icon\" style=\"\"><svg width=\"32px\" height=\"20px\" xmlns=\"http:\/\/www.w3.org\/2000\/svg\" viewBox=\"0 0 27 32\"><path fill=\"#cb2027\" d=\"M27.4 16q0 3.7-1.8 6.9t-5 5-6.9 1.9q-2 0-3.9-0.6 1.1-1.7 1.4-2.9 0.2-0.6 1-3.8 0.4 0.7 1.3 1.2t2 0.5q2.1 0 3.8-1.2t2.7-3.4 0.9-4.8q0-2-1.1-3.8t-3.1-2.9-4.5-1.2q-1.9 0-3.5 0.5t-2.8 1.4-2 2-1.2 2.3-0.4 2.4q0 1.9 0.7 3.3t2.1 2q0.5 0.2 0.7-0.4 0-0.1 0.1-0.5t0.2-0.5q0.1-0.4-0.2-0.8-0.9-1.1-0.9-2.7 0-2.7 1.9-4.6t4.9-2q2.7 0 4.2 1.5t1.5 3.8q0 3-1.2 5.2t-3.1 2.1q-1.1 0-1.7-0.8t-0.4-1.9q0.1-0.6 0.5-1.7t0.5-1.8 0.2-1.4q0-0.9-0.5-1.5t-1.4-0.6q-1.1 0-1.9 1t-0.8 2.6q0 1.3 0.4 2.2l-1.8 7.5q-0.3 1.2-0.2 3.2-3.7-1.6-6-5t-2.3-7.6q0-3.7 1.9-6.9t5-5 6.9-1.9 6.9 1.9 5 5 1.8 6.9z\"\/><\/svg><\/span><\/a><\/li><\/ul><\/div>","protected":false},"excerpt":{"rendered":"<p>&#8211; Vier F\u00fcnftel der Unternehmen sind auf Personal mit Digitalkompetenzen angewiesen &#8211; Doch ein Drittel kann Bedarf an Digitalkompetenzen nicht decken &#8211; Weiterbildungsh\u00fcrden sind vor allem Kosten und Arbeitsausfall &#8211; E-Learning als Chance &#8211; vor allem f\u00fcr kleine Unternehmen Der digitale Wandel ist zwar allm\u00e4hlich in der Breite des deutschen Mittelstands angekommen. Immer mehr kleine [&hellip;]<\/p>\n","protected":false},"author":192,"featured_media":6108,"comment_status":"closed","ping_status":"closed","sticky":false,"template":"","format":"standard","meta":{"_acf_changed":false,"footnotes":""},"categories":[112,110,1],"tags":[],"class_list":["post-7799","post","type-post","status-publish","format-standard","has-post-thumbnail","hentry","category-neuigkeiten","category-studien","category-weiterbildung"],"acf":[],"_links":{"self":[{"href":"https:\/\/www.weiterbildungsmarkt.net\/news\/wp-json\/wp\/v2\/posts\/7799","targetHints":{"allow":["GET"]}}],"collection":[{"href":"https:\/\/www.weiterbildungsmarkt.net\/news\/wp-json\/wp\/v2\/posts"}],"about":[{"href":"https:\/\/www.weiterbildungsmarkt.net\/news\/wp-json\/wp\/v2\/types\/post"}],"author":[{"embeddable":true,"href":"https:\/\/www.weiterbildungsmarkt.net\/news\/wp-json\/wp\/v2\/users\/192"}],"replies":[{"embeddable":true,"href":"https:\/\/www.weiterbildungsmarkt.net\/news\/wp-json\/wp\/v2\/comments?post=7799"}],"version-history":[{"count":2,"href":"https:\/\/www.weiterbildungsmarkt.net\/news\/wp-json\/wp\/v2\/posts\/7799\/revisions"}],"predecessor-version":[{"id":8950,"href":"https:\/\/www.weiterbildungsmarkt.net\/news\/wp-json\/wp\/v2\/posts\/7799\/revisions\/8950"}],"wp:featuredmedia":[{"embeddable":true,"href":"https:\/\/www.weiterbildungsmarkt.net\/news\/wp-json\/wp\/v2\/media\/6108"}],"wp:attachment":[{"href":"https:\/\/www.weiterbildungsmarkt.net\/news\/wp-json\/wp\/v2\/media?parent=7799"}],"wp:term":[{"taxonomy":"category","embeddable":true,"href":"https:\/\/www.weiterbildungsmarkt.net\/news\/wp-json\/wp\/v2\/categories?post=7799"},{"taxonomy":"post_tag","embeddable":true,"href":"https:\/\/www.weiterbildungsmarkt.net\/news\/wp-json\/wp\/v2\/tags?post=7799"}],"curies":[{"name":"wp","href":"https:\/\/api.w.org\/{rel}","templated":true}]}}