{"id":7870,"date":"2020-05-06T10:46:19","date_gmt":"2020-05-06T08:46:19","guid":{"rendered":"https:\/\/www.weiterbildungsmarkt.net\/news\/?p=7870"},"modified":"2020-02-12T15:47:45","modified_gmt":"2020-02-12T14:47:45","slug":"kann-alzheimer-mit-cortisonaehnlichem-wirkstoff-behandelt-werden","status":"publish","type":"post","link":"https:\/\/www.weiterbildungsmarkt.net\/news\/kann-alzheimer-mit-cortisonaehnlichem-wirkstoff-behandelt-werden-7870\/","title":{"rendered":"Kann Alzheimer mit cortison\u00e4hnlichem Wirkstoff behandelt werden?"},"content":{"rendered":"<p style=\"text-align: justify;\"><strong>Eine Analyse von Krankenkassendaten hat zu einem spannenden Hinweis gef\u00fchrt: Menschen, die Glucocorticosteroide (GCC) als Nasenspray zu sich nahmen, erkrankten sp\u00e4ter seltener an Alzheimer. Der Grund k\u00f6nnte in der entz\u00fcndungshemmenden Wirkung von GCC liegen, zu denen auch Cortison geh\u00f6rt. Denn Forschungsergebnisse zeigen, dass Entz\u00fcndungsvorg\u00e4nge im Gehirn eine bedeutende Rolle bei der Alzheimer-Krankheit spielen und den Krankheitsfortschritt beschleunigen. Dr. Kristin Oberl\u00e4nder vom Deutschen Zentrum f\u00fcr Neurodegenerative Erkrankungen (DZNE) am Standort Bonn geht der Frage nach, ob GCC die Entz\u00fcndungen im Gehirn tats\u00e4chlich hemmen k\u00f6nnen und ob dadurch Lern- und Ged\u00e4chtnisvorg\u00e4nge verbessert und das Nervenzellsterben aufgehalten werden. Gef\u00f6rdert wird das zweij\u00e4hrige Forschungsprojekt von der gemeinn\u00fctzigen Alzheimer Forschung Initiative e.V. (AFI) mit 40.000 Euro.<\/strong><\/p>\n<p style=\"text-align: justify;\">Die Forscherin arbeitet mit so genannten Alzheimer-M\u00e4usen, die mit wenigen Monaten bereits f\u00fcr Alzheimer typische Symptome zeigen. Eine Gruppe wird bereits nach den ersten sechs Lebenswochen mit GCC-Nasentropfen aus Budesonid behandelt. Zu diesem Zeitpunkt haben sich bei den M\u00e4usen noch keine f\u00fcr die Alzheimer-Krankheit typischen Eiwei\u00dfablagerungen aus Beta-Amyloid gebildet. Bei einer zweiten Gruppe beginnt die Behandlung nach vier Monaten, wenn bereits erste Symptome zu beobachten sind. Auf diesem Weg soll der beste Zeitpunkt f\u00fcr eine m\u00f6gliche Therapie ermittelt werden. Neben einem Ged\u00e4chtnistest werden die M\u00e4use auf Entz\u00fcndungsvorg\u00e4nge, Beta-Amyloid-Ablagerungen und den Gesundheitszustand der Nervenzellen im Gehirn untersucht.<\/p>\n<p style=\"text-align: justify;\">&#8222;Wenn diese Untersuchungen positiv verlaufen, k\u00f6nnte im Anschluss eine klinische Studie mit einem GCC-haltigen Wirkstoff folgen, um langfristig eine wirkungsvolle Alzheimer-Therapie entwickeln zu k\u00f6nnen&#8220;, sagt Dr. Oberl\u00e4nder.<\/p>\n<p style=\"text-align: justify;\">Die AFI ist der gr\u00f6\u00dfte private F\u00f6rderer der Alzheimer-Forschung an deutschen Universit\u00e4ten und \u00f6ffentlichen Einrichtungen. Aktuell kann die AFI zw\u00f6lf neue Forschungsprojekte mit der Rekordsumme von insgesamt 956.920 Euro unterst\u00fctzen. Insgesamt konnten bislang 288 Forschungsaktivit\u00e4ten von engagierten Wissenschaftlern mit \u00fcber 11,2 Millionen Euro finanziert werden.<\/p>\n<p style=\"text-align: justify;\">Die f\u00f6rderungsw\u00fcrdigen Projekte wurden vom Wissenschaftlichen Beirat der AFI unter dem Vorsitz von Prof. Thomas Arendt (Universit\u00e4t Leipzig) zusammen mit den Beir\u00e4ten der internationalen Kooperationspartner Alzheimer Nederland in den Niederlanden und Fondation Vaincre Alzheimer in Frankreich sowie externen Fachleuten im peer-review ausgew\u00e4hlt. Gef\u00f6rdert werden Projekte in den Bereichen Ursachen-, Diagnose-, Pr\u00e4ventions- und Wirkstoffforschung an den Hochschul- und Institutsstandorten Bochum, Bonn, Dresden, Freiburg, G\u00f6ttingen, Greifswald, Hamburg, J\u00fclich, Kaiserslautern, Leipzig, M\u00fcnchen und T\u00fcbingen.<\/p>\n<p style=\"text-align: justify;\">Beschreibungen zu allen Projekten finden Sie auf unserer Webseite: www.alzheimer-forschung.de\/forschung\/forschungsprojekte\/projektdatenbank\/<\/p>\n<p style=\"text-align: justify;\">Weitere Informationen zur Alzheimer-Krankheit: www.alzheimer-forschung.de\/alzheimer<\/p>\n<p style=\"text-align: justify;\">\u00dcber die Alzheimer Forschung Initiative e.V. Die Alzheimer Forschung Initiative e.V. (AFI) ist ein gemeinn\u00fctziger Verein, der das Spendenzertifikat des Deutschen Spendenrats e.V. tr\u00e4gt. Seit 1995 f\u00f6rdert die AFI mit Spendengeldern Forschungsprojekte engagierter Alzheimer-Forscher und stellt kostenloses Informationsmaterial f\u00fcr die \u00d6ffentlichkeit bereit. Bis heute konnte die AFI 288 Forschungsaktivit\u00e4ten mit \u00fcber 11,2 Millionen Euro unterst\u00fctzen und rund 855.000 Ratgeber und Brosch\u00fcren verteilen. Interessierte und Betroffene k\u00f6nnen sich auf www.alzheimer-forschung.de fundiert \u00fcber die Alzheimer-Krankheit informieren und Aufkl\u00e4rungsmaterial anfordern. Ebenso finden sich auf der Webseite Informationen zur Arbeit des Vereins und allen Spendenm\u00f6glichkeiten. Botschafterin der AFI ist die Journalistin und Sportmoderatorin Okka Gundel.<\/p>\n<p style=\"text-align: justify;\">Quelle: <a href=\"https:\/\/www.presseportal.de\/pm\/7969\/4518193\" target=\"_blank\" rel=\"noopener nofollow\" class=\"external external_icon\">Presseportal.de<\/a><\/p>\n<div class=\"shariff shariff-align-left shariff-widget-align-left\"><ul class=\"shariff-buttons theme-round orientation-horizontal buttonsize-medium\"><li class=\"shariff-button facebook shariff-nocustomcolor\" style=\"background-color:#4273c8\"><a href=\"https:\/\/www.facebook.com\/sharer\/sharer.php?u=https%3A%2F%2Fwww.weiterbildungsmarkt.net%2Fnews%2Fkann-alzheimer-mit-cortisonaehnlichem-wirkstoff-behandelt-werden-7870%2F\" title=\"Bei Facebook teilen\" aria-label=\"Bei Facebook teilen\" role=\"button\" rel=\"nofollow\" class=\"shariff-link external external_icon\" style=\"; background-color:#3b5998; color:#fff\" target=\"_blank\"><span class=\"shariff-icon\" style=\"\"><svg width=\"32px\" height=\"20px\" xmlns=\"http:\/\/www.w3.org\/2000\/svg\" viewBox=\"0 0 18 32\"><path fill=\"#3b5998\" d=\"M17.1 0.2v4.7h-2.8q-1.5 0-2.1 0.6t-0.5 1.9v3.4h5.2l-0.7 5.3h-4.5v13.6h-5.5v-13.6h-4.5v-5.3h4.5v-3.9q0-3.3 1.9-5.2t5-1.8q2.6 0 4.1 0.2z\"\/><\/svg><\/span><\/a><\/li><li class=\"shariff-button twitter shariff-nocustomcolor\" style=\"background-color:#595959\"><a href=\"https:\/\/twitter.com\/share?url=https%3A%2F%2Fwww.weiterbildungsmarkt.net%2Fnews%2Fkann-alzheimer-mit-cortisonaehnlichem-wirkstoff-behandelt-werden-7870%2F&text=Kann%20Alzheimer%20mit%20cortison%C3%A4hnlichem%20Wirkstoff%20behandelt%20werden%3F\" title=\"Bei X teilen\" aria-label=\"Bei X teilen\" role=\"button\" rel=\"noopener nofollow\" class=\"shariff-link\" style=\"; background-color:#000; color:#fff\" target=\"_blank\"><span class=\"shariff-icon\" style=\"\"><svg width=\"32px\" height=\"20px\" xmlns=\"http:\/\/www.w3.org\/2000\/svg\" viewBox=\"0 0 24 24\"><path fill=\"#000\" d=\"M14.258 10.152L23.176 0h-2.113l-7.747 8.813L7.133 0H0l9.352 13.328L0 23.973h2.113l8.176-9.309 6.531 9.309h7.133zm-2.895 3.293l-.949-1.328L2.875 1.56h3.246l6.086 8.523.945 1.328 7.91 11.078h-3.246zm0 0\"\/><\/svg><\/span><\/a><\/li><li class=\"shariff-button xing shariff-nocustomcolor\" style=\"background-color:#29888a\"><a href=\"https:\/\/www.xing.com\/spi\/shares\/new?url=https%3A%2F%2Fwww.weiterbildungsmarkt.net%2Fnews%2Fkann-alzheimer-mit-cortisonaehnlichem-wirkstoff-behandelt-werden-7870%2F\" title=\"Bei XING teilen\" aria-label=\"Bei XING teilen\" role=\"button\" rel=\"noopener nofollow\" class=\"shariff-link external external_icon\" style=\"; background-color:#126567; color:#fff\" target=\"_blank\"><span class=\"shariff-icon\" style=\"\"><svg width=\"32px\" height=\"20px\" xmlns=\"http:\/\/www.w3.org\/2000\/svg\" viewBox=\"0 0 25 32\"><path fill=\"#126567\" d=\"M10.7 11.9q-0.2 0.3-4.6 8.2-0.5 0.8-1.2 0.8h-4.3q-0.4 0-0.5-0.3t0-0.6l4.5-8q0 0 0 0l-2.9-5q-0.2-0.4 0-0.7 0.2-0.3 0.5-0.3h4.3q0.7 0 1.2 0.8zM25.1 0.4q0.2 0.3 0 0.7l-9.4 16.7 6 11q0.2 0.4 0 0.6-0.2 0.3-0.6 0.3h-4.3q-0.7 0-1.2-0.8l-6-11.1q0.3-0.6 9.5-16.8 0.4-0.8 1.2-0.8h4.3q0.4 0 0.5 0.3z\"\/><\/svg><\/span><\/a><\/li><li class=\"shariff-button linkedin shariff-nocustomcolor\" style=\"background-color:#1488bf\"><a href=\"https:\/\/www.linkedin.com\/sharing\/share-offsite\/?url=https%3A%2F%2Fwww.weiterbildungsmarkt.net%2Fnews%2Fkann-alzheimer-mit-cortisonaehnlichem-wirkstoff-behandelt-werden-7870%2F\" title=\"Bei LinkedIn teilen\" aria-label=\"Bei LinkedIn teilen\" role=\"button\" rel=\"noopener nofollow\" class=\"shariff-link external external_icon\" style=\"; background-color:#0077b5; color:#fff\" target=\"_blank\"><span class=\"shariff-icon\" style=\"\"><svg width=\"32px\" height=\"20px\" xmlns=\"http:\/\/www.w3.org\/2000\/svg\" viewBox=\"0 0 27 32\"><path fill=\"#0077b5\" d=\"M6.2 11.2v17.7h-5.9v-17.7h5.9zM6.6 5.7q0 1.3-0.9 2.2t-2.4 0.9h0q-1.5 0-2.4-0.9t-0.9-2.2 0.9-2.2 2.4-0.9 2.4 0.9 0.9 2.2zM27.4 18.7v10.1h-5.9v-9.5q0-1.9-0.7-2.9t-2.3-1.1q-1.1 0-1.9 0.6t-1.2 1.5q-0.2 0.5-0.2 1.4v9.9h-5.9q0-7.1 0-11.6t0-5.3l0-0.9h5.9v2.6h0q0.4-0.6 0.7-1t1-0.9 1.6-0.8 2-0.3q3 0 4.9 2t1.9 6z\"\/><\/svg><\/span><\/a><\/li><li class=\"shariff-button whatsapp shariff-nocustomcolor\" style=\"background-color:#5cbe4a\"><a href=\"https:\/\/api.whatsapp.com\/send?text=https%3A%2F%2Fwww.weiterbildungsmarkt.net%2Fnews%2Fkann-alzheimer-mit-cortisonaehnlichem-wirkstoff-behandelt-werden-7870%2F%20Kann%20Alzheimer%20mit%20cortison%C3%A4hnlichem%20Wirkstoff%20behandelt%20werden%3F\" title=\"Bei Whatsapp teilen\" aria-label=\"Bei Whatsapp teilen\" role=\"button\" rel=\"noopener nofollow\" class=\"shariff-link external external_icon\" style=\"; background-color:#34af23; color:#fff\" target=\"_blank\"><span class=\"shariff-icon\" style=\"\"><svg width=\"32px\" height=\"20px\" xmlns=\"http:\/\/www.w3.org\/2000\/svg\" viewBox=\"0 0 32 32\"><path fill=\"#34af23\" d=\"M17.6 17.4q0.2 0 1.7 0.8t1.6 0.9q0 0.1 0 0.3 0 0.6-0.3 1.4-0.3 0.7-1.3 1.2t-1.8 0.5q-1 0-3.4-1.1-1.7-0.8-3-2.1t-2.6-3.3q-1.3-1.9-1.3-3.5v-0.1q0.1-1.6 1.3-2.8 0.4-0.4 0.9-0.4 0.1 0 0.3 0t0.3 0q0.3 0 0.5 0.1t0.3 0.5q0.1 0.4 0.6 1.6t0.4 1.3q0 0.4-0.6 1t-0.6 0.8q0 0.1 0.1 0.3 0.6 1.3 1.8 2.4 1 0.9 2.7 1.8 0.2 0.1 0.4 0.1 0.3 0 1-0.9t0.9-0.9zM14 26.9q2.3 0 4.3-0.9t3.6-2.4 2.4-3.6 0.9-4.3-0.9-4.3-2.4-3.6-3.6-2.4-4.3-0.9-4.3 0.9-3.6 2.4-2.4 3.6-0.9 4.3q0 3.6 2.1 6.6l-1.4 4.2 4.3-1.4q2.8 1.9 6.2 1.9zM14 2.2q2.7 0 5.2 1.1t4.3 2.9 2.9 4.3 1.1 5.2-1.1 5.2-2.9 4.3-4.3 2.9-5.2 1.1q-3.5 0-6.5-1.7l-7.4 2.4 2.4-7.2q-1.9-3.2-1.9-6.9 0-2.7 1.1-5.2t2.9-4.3 4.3-2.9 5.2-1.1z\"\/><\/svg><\/span><\/a><\/li><li class=\"shariff-button pinterest shariff-nocustomcolor\" style=\"background-color:#e70f18\"><a href=\"https:\/\/www.pinterest.com\/pin\/create\/link\/?url=https%3A%2F%2Fwww.weiterbildungsmarkt.net%2Fnews%2Fkann-alzheimer-mit-cortisonaehnlichem-wirkstoff-behandelt-werden-7870%2F&media=https%3A%2F%2Fwww.weiterbildungsmarkt.net%2Fnews%2Fwp-content%2Fuploads%2F2017%2F11%2FNT174.png&description=Kann%20Alzheimer%20mit%20cortison%C3%A4hnlichem%20Wirkstoff%20behandelt%20werden%3F\" title=\"Bei Pinterest pinnen\" aria-label=\"Bei Pinterest pinnen\" role=\"button\" rel=\"noopener nofollow\" class=\"shariff-link\" style=\"; background-color:#cb2027; color:#fff\" target=\"_blank\"><span class=\"shariff-icon\" style=\"\"><svg width=\"32px\" height=\"20px\" xmlns=\"http:\/\/www.w3.org\/2000\/svg\" viewBox=\"0 0 27 32\"><path fill=\"#cb2027\" d=\"M27.4 16q0 3.7-1.8 6.9t-5 5-6.9 1.9q-2 0-3.9-0.6 1.1-1.7 1.4-2.9 0.2-0.6 1-3.8 0.4 0.7 1.3 1.2t2 0.5q2.1 0 3.8-1.2t2.7-3.4 0.9-4.8q0-2-1.1-3.8t-3.1-2.9-4.5-1.2q-1.9 0-3.5 0.5t-2.8 1.4-2 2-1.2 2.3-0.4 2.4q0 1.9 0.7 3.3t2.1 2q0.5 0.2 0.7-0.4 0-0.1 0.1-0.5t0.2-0.5q0.1-0.4-0.2-0.8-0.9-1.1-0.9-2.7 0-2.7 1.9-4.6t4.9-2q2.7 0 4.2 1.5t1.5 3.8q0 3-1.2 5.2t-3.1 2.1q-1.1 0-1.7-0.8t-0.4-1.9q0.1-0.6 0.5-1.7t0.5-1.8 0.2-1.4q0-0.9-0.5-1.5t-1.4-0.6q-1.1 0-1.9 1t-0.8 2.6q0 1.3 0.4 2.2l-1.8 7.5q-0.3 1.2-0.2 3.2-3.7-1.6-6-5t-2.3-7.6q0-3.7 1.9-6.9t5-5 6.9-1.9 6.9 1.9 5 5 1.8 6.9z\"\/><\/svg><\/span><\/a><\/li><\/ul><\/div>","protected":false},"excerpt":{"rendered":"<p>Eine Analyse von Krankenkassendaten hat zu einem spannenden Hinweis gef\u00fchrt: Menschen, die Glucocorticosteroide (GCC) als Nasenspray zu sich nahmen, erkrankten sp\u00e4ter seltener an Alzheimer. Der Grund k\u00f6nnte in der entz\u00fcndungshemmenden Wirkung von GCC liegen, zu denen auch Cortison geh\u00f6rt. Denn Forschungsergebnisse zeigen, dass Entz\u00fcndungsvorg\u00e4nge im Gehirn eine bedeutende Rolle bei der Alzheimer-Krankheit spielen und den [&hellip;]<\/p>\n","protected":false},"author":192,"featured_media":6108,"comment_status":"closed","ping_status":"closed","sticky":false,"template":"","format":"standard","meta":{"_acf_changed":false,"footnotes":""},"categories":[110,426,112],"tags":[],"class_list":["post-7870","post","type-post","status-publish","format-standard","has-post-thumbnail","hentry","category-studien","category-forschung","category-neuigkeiten"],"acf":[],"_links":{"self":[{"href":"https:\/\/www.weiterbildungsmarkt.net\/news\/wp-json\/wp\/v2\/posts\/7870","targetHints":{"allow":["GET"]}}],"collection":[{"href":"https:\/\/www.weiterbildungsmarkt.net\/news\/wp-json\/wp\/v2\/posts"}],"about":[{"href":"https:\/\/www.weiterbildungsmarkt.net\/news\/wp-json\/wp\/v2\/types\/post"}],"author":[{"embeddable":true,"href":"https:\/\/www.weiterbildungsmarkt.net\/news\/wp-json\/wp\/v2\/users\/192"}],"replies":[{"embeddable":true,"href":"https:\/\/www.weiterbildungsmarkt.net\/news\/wp-json\/wp\/v2\/comments?post=7870"}],"version-history":[{"count":1,"href":"https:\/\/www.weiterbildungsmarkt.net\/news\/wp-json\/wp\/v2\/posts\/7870\/revisions"}],"predecessor-version":[{"id":7871,"href":"https:\/\/www.weiterbildungsmarkt.net\/news\/wp-json\/wp\/v2\/posts\/7870\/revisions\/7871"}],"wp:featuredmedia":[{"embeddable":true,"href":"https:\/\/www.weiterbildungsmarkt.net\/news\/wp-json\/wp\/v2\/media\/6108"}],"wp:attachment":[{"href":"https:\/\/www.weiterbildungsmarkt.net\/news\/wp-json\/wp\/v2\/media?parent=7870"}],"wp:term":[{"taxonomy":"category","embeddable":true,"href":"https:\/\/www.weiterbildungsmarkt.net\/news\/wp-json\/wp\/v2\/categories?post=7870"},{"taxonomy":"post_tag","embeddable":true,"href":"https:\/\/www.weiterbildungsmarkt.net\/news\/wp-json\/wp\/v2\/tags?post=7870"}],"curies":[{"name":"wp","href":"https:\/\/api.w.org\/{rel}","templated":true}]}}