{"id":8024,"date":"2020-08-27T09:14:02","date_gmt":"2020-08-27T07:14:02","guid":{"rendered":"https:\/\/www.weiterbildungsmarkt.net\/news\/?p=8024"},"modified":"2024-11-09T14:12:44","modified_gmt":"2024-11-09T13:12:44","slug":"bilanz-zu-2-jahren-dsgvo-besser-werden-muss","status":"publish","type":"post","link":"https:\/\/www.weiterbildungsmarkt.net\/news\/bilanz-zu-2-jahren-dsgvo-besser-werden-muss-8024\/","title":{"rendered":"Bilanz zu 2 Jahren DSGVO &#8211; Was besser werden muss&#8230;"},"content":{"rendered":"<p style=\"text-align: justify;\"><strong>Vor mehr als zwei Jahren ver\u00e4nderte die DSGVO radikal unseren Umgang mit Daten sowie die Macht- und Abh\u00e4ngigkeitsverh\u00e4ltnisse im Onlinemarketing und bei der Onlinewerbung. Zum zweiten Jahrestag stellt die EU die Verordnung allerdings planm\u00e4\u00dfig auf den Pr\u00fcfstand. Dazu legt die Kommission einen Bericht mit \u00c4nderungsvorschl\u00e4gen vor.<\/strong><\/p>\n<figure id=\"attachment_8026\" aria-describedby=\"caption-attachment-8026\" style=\"width: 817px\" class=\"wp-caption aligncenter\"><img loading=\"lazy\" decoding=\"async\" class=\"size-full wp-image-8026\" src=\"https:\/\/www.weiterbildungsmarkt.net\/news\/wp-content\/uploads\/2020\/05\/Vorschaubild_Red.hinis_Bilanz_DSGVO.jpg\" alt=\"Vorschaubild_Red.hin~is_Bilanz_DSGVO\" width=\"817\" height=\"878\" srcset=\"https:\/\/www.weiterbildungsmarkt.net\/news\/wp-content\/uploads\/2020\/05\/Vorschaubild_Red.hinis_Bilanz_DSGVO.jpg 817w, https:\/\/www.weiterbildungsmarkt.net\/news\/wp-content\/uploads\/2020\/05\/Vorschaubild_Red.hinis_Bilanz_DSGVO-279x300.jpg 279w, https:\/\/www.weiterbildungsmarkt.net\/news\/wp-content\/uploads\/2020\/05\/Vorschaubild_Red.hinis_Bilanz_DSGVO-768x825.jpg 768w, https:\/\/www.weiterbildungsmarkt.net\/news\/wp-content\/uploads\/2020\/05\/Vorschaubild_Red.hinis_Bilanz_DSGVO-391x420.jpg 391w\" sizes=\"auto, (max-width: 817px) 100vw, 817px\" \/><figcaption id=\"caption-attachment-8026\" class=\"wp-caption-text\">Ausschnitt der Infografik &#8222;Alles, was Sie \u00fcber zwei Jahre DSGVO wissen m\u00fcssen&#8220; von emetriq.<br \/>Bildnachweis: emetriq<\/figcaption><\/figure><br \/>\n<figure id=\"attachment_8025\" aria-describedby=\"caption-attachment-8025\" style=\"width: 598px\" class=\"wp-caption aligncenter\"><img loading=\"lazy\" decoding=\"async\" class=\"size-full wp-image-8025\" src=\"https:\/\/www.weiterbildungsmarkt.net\/news\/wp-content\/uploads\/2020\/05\/DSGVO_Infografik-scaled.jpg\" alt=\"DSGVO Infografik\" width=\"598\" height=\"2560\" srcset=\"https:\/\/www.weiterbildungsmarkt.net\/news\/wp-content\/uploads\/2020\/05\/DSGVO_Infografik-scaled.jpg 598w, https:\/\/www.weiterbildungsmarkt.net\/news\/wp-content\/uploads\/2020\/05\/DSGVO_Infografik-70x300.jpg 70w, https:\/\/www.weiterbildungsmarkt.net\/news\/wp-content\/uploads\/2020\/05\/DSGVO_Infografik-239x1024.jpg 239w, https:\/\/www.weiterbildungsmarkt.net\/news\/wp-content\/uploads\/2020\/05\/DSGVO_Infografik-359x1536.jpg 359w, https:\/\/www.weiterbildungsmarkt.net\/news\/wp-content\/uploads\/2020\/05\/DSGVO_Infografik-98x420.jpg 98w\" sizes=\"auto, (max-width: 598px) 100vw, 598px\" \/><figcaption id=\"caption-attachment-8025\" class=\"wp-caption-text\">Bildnachweis: emetriq<\/figcaption><\/figure><br \/>\n<p style=\"text-align: justify;\">Wir haben Experten und Macher aus der Digitalwirtschaft gefragt: Wenn Sie eine Minute mit Thierry Breton, dem zust\u00e4ndigen EU-Kommissar, im Fahrstuhl h\u00e4tten, welche \u00c4nderungen w\u00fcrden Sie ihm dann vorschlagen? Was sollte dringend an der DSGVO verbessert werden?<\/p>\n<p style=\"text-align: justify;\">Weiter unten finden Sie alle Statements sowie eine Infografik von emetriq \u00fcber alles, was man zu zwei Jahren DSGVO wissen muss. Alle Statements, Bilder und Grafiken stehen zu Ihrer freien Verwendung. Wenn Sie noch Fragen haben, melden Sie sich gern bei uns.<\/p>\n<p style=\"text-align: justify;\">Statements der Digitalexperten<\/p>\n<p style=\"text-align: justify;\">Barbara Nietzer, Legal Director EMEA von Criteo | Portr\u00e4t(Bildnachweis: Criteo)<\/p>\n<p style=\"text-align: justify;\">\u201eEines hat die DSGVO klar gezeigt: Europa ist im Umgang mit dem Datenschutz und der Privatsph\u00e4re seiner B\u00fcrger f\u00fchrend, vergisst dar\u00fcber aber auch nicht die Verantwortung gegen\u00fcber seinen Unternehmen. Gerade global agierende AdTech-Unternehmen mit europ\u00e4ischen Wurzeln wie Criteo ben\u00f6tigen entsprechende einheitliche Leitlinien, wie sie mit welchen Daten umgehen sollen.Dennoch gibt es Baustellen. Die nationalen Datenschutzbeh\u00f6rden sind beispielsweise immer noch nicht personell so gut aufgestellt, dass sie die gro\u00dfen Plattformen entsprechend ihrer marktbeherrschenden Stellung ausreichend kontrollieren, geschweige denn ein gemeinsames Vorgehen europaweit einheitlich koordinieren k\u00f6nnen. Auch eine klare gemeinsame Ausrichtung aller europ\u00e4ischen Datenschutzbeh\u00f6rden fehlt noch. Das sp\u00fcren Unternehmen besonders deutlich, wenn es um die Einwilligung in die Verarbeitung personenbezogener Daten von EU-B\u00fcrgern und damit um eine konsistente strategische Ausrichtung ihres Gesch\u00e4fts in ganz Europa geht.\u201c<\/p>\n<p style=\"text-align: justify;\">Claas Voigt, Gesch\u00e4ftsf\u00fchrer von emetriq | Portr\u00e4t(Bildnachweis: emetriq)<\/p>\n<p style=\"text-align: justify;\">\u201eIch w\u00fcrde mit Thierry Breton kl\u00e4ren, dass er den Cookie retten muss. Mit der Sandbox in Chrome wird der 3rd-Party-Cookie sterben. Wir diskutieren heute schon mit den Juristen der Telekom, ob dies nicht eine Wettbewerbsverletzung von Google darstellt. H\u00e4lt Google an seinen Pl\u00e4nen fest, kommt dies einer Monopolisierung des Werbemarkts gleich. Die DSGVO hat f\u00fcr einen komplett gegenteiligen Effekt gesorgt. Statt f\u00fcr mehr Markt, Vielfalt und Freiheit zu sorgen, treibt uns die Verordnung immer weiter in die Arme von Google und Facebook.\u201c<\/p>\n<p style=\"text-align: justify;\">Andreas Fruth, Managing Director bei Global Savings Group | Portr\u00e4t(Bildnachweis: Golbal Savings Group)<\/p>\n<p style=\"text-align: justify;\">\u201eWir w\u00fcnschen uns nicht weniger Datenschutz, sondern klarere Regeln. Der Raum f\u00fcr Interpretation f\u00fchrte bisher dazu, dass eine eigentlich europ\u00e4ische Regelung in den Mitgliedsstaaten ganz unterschiedlich restriktiv ausgelegt wird. So erreichen wir auch das EU-Ziel, globaler Vorreiter im Datenschutz zu sein, nicht. Ein zweites weitreichendes Problem ist, dass die DSGVO gemeinsame Verantwortlichkeiten f\u00fcr die Datenverarbeitung vorsieht. Wer wann wie beteiligt ist am Schutz beispielsweise sensibler Kundendaten, wird bisher auf Einzelfallbasis entschieden. Das schafft unn\u00f6tige Unsicherheiten und Aufwand, wo man sich eigentlich auf das Ziel fokussieren will: Dem Kunden trotz Datensparsamkeit ein attraktives, idealerweise zugeschnittenes Angebot zu machen.\u201c<\/p>\n<p style=\"text-align: justify;\">Willms Buhse, Gr\u00fcnder und CEO der Hamburger Managementberatung doubleYUU und des Weiterbildungspartners d-cademy | Portr\u00e4t(Bildnachweis: doubleyuu)<\/p>\n<p style=\"text-align: justify;\">\u201eBitte forciert endlich auch einen nutzerfreundlichen Umgang mit der DSGVO und verbindet eine Daten- mit einer echten Zustimmungssparsamkeit. Erfindet doch bitte eine M\u00f6glichkeit, dass nicht jeder Besucher st\u00e4ndig den Cookies auf jeder Webseite zustimmen muss. Das w\u00e4re schon einmal ein erster guter Schritt.\u201c<\/p>\n<p style=\"text-align: justify;\">Dr. Dirk Kall, Gesch\u00e4ftsf\u00fchrer der PIA Group | Portr\u00e4t(Bildnachweis: PIA Group)<\/p>\n<p style=\"text-align: justify;\">\u201eDie Zielsetzung der DSGVO-Einf\u00fchrung wurde bislang nur zum Teil erreicht. Ohne Zweifel ist der Schutz von Verbraucherdaten erh\u00f6ht. Aber zu welchem Preis? Nur mit einem \u00fcberm\u00e4\u00dfigen administrativen Aufwand f\u00fcr alle Unternehmen und Organisationen. Diese sind mit der Umsetzung des DSGVO-Regelwerkes nach wie vor in gro\u00dfen Teilen \u00fcberfordert. Ganz zu schweigen von den in Aussicht gestellten positiven wirtschaftlichen Auswirkungen. Im Fokus der anstehenden Evaluierung der DSGVO muss deshalb eine kritische Bewertung und \u00c4nderung der geschaffenen erh\u00f6hten Datenschutzb\u00fcrokratie sowie der ausgebliebenen wirtschaftlichen Effekte sowohl auf Unternehmens- wie auch auf Verbraucherseite stehen.Dazu ist eine enge Verzahnung mit der weiterhin ungekl\u00e4rten Ausgestaltung der zuk\u00fcnftigen E-Privacy-Verordnung anzustreben. DSGVO und E-Privacy-Verordnung m\u00fcssen inhaltlich Hand in Hand gehen. Das versteht sonst weder ein werbungtreibendes Unternehmen noch irgendein Verbraucher, der sich in digitalen Medien informiert und Onlinek\u00e4ufe t\u00e4tigt. Alleine bei der inhaltlichen und zeitlichen Ausgestaltung der angestrebten E-Privacy-Verordnung besteht vor dem Hintergrund der aktuellen Unsicherheit auf allen Seiten nach wie vor ganz erheblicher Handlungsdruck. Hier ist die Politik gefragt, endlich klare L\u00f6sungen zu schaffen und Entscheidungen vorzubereiten.\u201c<\/p>\n<p style=\"text-align: justify;\">\u00dcber die Agentur Frau Wenk +++ GmbH<br \/><br \/>\nFrau Wenk ist eine PR-Boutique f\u00fcr Internettechnologieunternehmen und Plattformen.Seit 2008 ber\u00e4t die Agentur Unternehmen aus Europa und den USA bei der kommunikativenAu\u00dfendarstellung in Wirtschafts- und Fachmedien sowie bei digitalen Influencern.In mehr als zehn Jahren Beratungst\u00e4tigkeit hat die Agentur \u00fcber 130 Tech-Unternehmenund Start-ups mit digitalem Gesch\u00e4ftsmodell so zu mehr Sichtbarkeit und Erfolg verholfen.Frau Wenk ist als Content-Spezialist f\u00fcr digitale Themen Herausgeber von Clutch,dem Gesellschaftsmagazin f\u00fcr die digitale Welt. Als Agentur mit hoher digitaler Expertisetreibt Frau Wenk das Thema disruptive PR voran, unter anderem als Veranstalterder globalen Communications Week\u00ae f\u00fcr PR-Profis im DACH-Raum. Zu den langj\u00e4hrigenKunden der Agentur z\u00e4hlen unter anderem emetriq, Xandr, Teads und Laterpay.#PassionateThoughtLeaders #DisruptivePR www.frauwenk.de<\/p>\n<p style=\"text-align: justify;\">Quelle: Presseportal.de<\/p>\n<div class=\"shariff shariff-align-left shariff-widget-align-left\"><ul class=\"shariff-buttons theme-round orientation-horizontal buttonsize-medium\"><li class=\"shariff-button facebook shariff-nocustomcolor\" style=\"background-color:#4273c8\"><a href=\"https:\/\/www.facebook.com\/sharer\/sharer.php?u=https%3A%2F%2Fwww.weiterbildungsmarkt.net%2Fnews%2Fbilanz-zu-2-jahren-dsgvo-besser-werden-muss-8024%2F\" title=\"Bei Facebook teilen\" aria-label=\"Bei Facebook teilen\" role=\"button\" rel=\"nofollow\" class=\"shariff-link external external_icon\" style=\"; background-color:#3b5998; color:#fff\" target=\"_blank\"><span class=\"shariff-icon\" style=\"\"><svg width=\"32px\" height=\"20px\" xmlns=\"http:\/\/www.w3.org\/2000\/svg\" viewBox=\"0 0 18 32\"><path fill=\"#3b5998\" d=\"M17.1 0.2v4.7h-2.8q-1.5 0-2.1 0.6t-0.5 1.9v3.4h5.2l-0.7 5.3h-4.5v13.6h-5.5v-13.6h-4.5v-5.3h4.5v-3.9q0-3.3 1.9-5.2t5-1.8q2.6 0 4.1 0.2z\"\/><\/svg><\/span><\/a><\/li><li class=\"shariff-button twitter shariff-nocustomcolor\" style=\"background-color:#595959\"><a href=\"https:\/\/twitter.com\/share?url=https%3A%2F%2Fwww.weiterbildungsmarkt.net%2Fnews%2Fbilanz-zu-2-jahren-dsgvo-besser-werden-muss-8024%2F&text=Bilanz%20zu%202%20Jahren%20DSGVO%20%E2%80%93%20Was%20besser%20werden%20muss%E2%80%A6\" title=\"Bei X teilen\" aria-label=\"Bei X teilen\" role=\"button\" rel=\"noopener nofollow\" class=\"shariff-link\" style=\"; background-color:#000; color:#fff\" target=\"_blank\"><span class=\"shariff-icon\" style=\"\"><svg width=\"32px\" height=\"20px\" xmlns=\"http:\/\/www.w3.org\/2000\/svg\" viewBox=\"0 0 24 24\"><path fill=\"#000\" d=\"M14.258 10.152L23.176 0h-2.113l-7.747 8.813L7.133 0H0l9.352 13.328L0 23.973h2.113l8.176-9.309 6.531 9.309h7.133zm-2.895 3.293l-.949-1.328L2.875 1.56h3.246l6.086 8.523.945 1.328 7.91 11.078h-3.246zm0 0\"\/><\/svg><\/span><\/a><\/li><li class=\"shariff-button xing shariff-nocustomcolor\" style=\"background-color:#29888a\"><a href=\"https:\/\/www.xing.com\/spi\/shares\/new?url=https%3A%2F%2Fwww.weiterbildungsmarkt.net%2Fnews%2Fbilanz-zu-2-jahren-dsgvo-besser-werden-muss-8024%2F\" title=\"Bei XING teilen\" aria-label=\"Bei XING teilen\" role=\"button\" rel=\"noopener nofollow\" class=\"shariff-link external external_icon\" style=\"; background-color:#126567; color:#fff\" target=\"_blank\"><span class=\"shariff-icon\" style=\"\"><svg width=\"32px\" height=\"20px\" xmlns=\"http:\/\/www.w3.org\/2000\/svg\" viewBox=\"0 0 25 32\"><path fill=\"#126567\" d=\"M10.7 11.9q-0.2 0.3-4.6 8.2-0.5 0.8-1.2 0.8h-4.3q-0.4 0-0.5-0.3t0-0.6l4.5-8q0 0 0 0l-2.9-5q-0.2-0.4 0-0.7 0.2-0.3 0.5-0.3h4.3q0.7 0 1.2 0.8zM25.1 0.4q0.2 0.3 0 0.7l-9.4 16.7 6 11q0.2 0.4 0 0.6-0.2 0.3-0.6 0.3h-4.3q-0.7 0-1.2-0.8l-6-11.1q0.3-0.6 9.5-16.8 0.4-0.8 1.2-0.8h4.3q0.4 0 0.5 0.3z\"\/><\/svg><\/span><\/a><\/li><li class=\"shariff-button linkedin shariff-nocustomcolor\" style=\"background-color:#1488bf\"><a href=\"https:\/\/www.linkedin.com\/sharing\/share-offsite\/?url=https%3A%2F%2Fwww.weiterbildungsmarkt.net%2Fnews%2Fbilanz-zu-2-jahren-dsgvo-besser-werden-muss-8024%2F\" title=\"Bei LinkedIn teilen\" aria-label=\"Bei LinkedIn teilen\" role=\"button\" rel=\"noopener nofollow\" class=\"shariff-link external external_icon\" style=\"; background-color:#0077b5; color:#fff\" target=\"_blank\"><span class=\"shariff-icon\" style=\"\"><svg width=\"32px\" height=\"20px\" xmlns=\"http:\/\/www.w3.org\/2000\/svg\" viewBox=\"0 0 27 32\"><path fill=\"#0077b5\" d=\"M6.2 11.2v17.7h-5.9v-17.7h5.9zM6.6 5.7q0 1.3-0.9 2.2t-2.4 0.9h0q-1.5 0-2.4-0.9t-0.9-2.2 0.9-2.2 2.4-0.9 2.4 0.9 0.9 2.2zM27.4 18.7v10.1h-5.9v-9.5q0-1.9-0.7-2.9t-2.3-1.1q-1.1 0-1.9 0.6t-1.2 1.5q-0.2 0.5-0.2 1.4v9.9h-5.9q0-7.1 0-11.6t0-5.3l0-0.9h5.9v2.6h0q0.4-0.6 0.7-1t1-0.9 1.6-0.8 2-0.3q3 0 4.9 2t1.9 6z\"\/><\/svg><\/span><\/a><\/li><li class=\"shariff-button whatsapp shariff-nocustomcolor\" style=\"background-color:#5cbe4a\"><a href=\"https:\/\/api.whatsapp.com\/send?text=https%3A%2F%2Fwww.weiterbildungsmarkt.net%2Fnews%2Fbilanz-zu-2-jahren-dsgvo-besser-werden-muss-8024%2F%20Bilanz%20zu%202%20Jahren%20DSGVO%20%E2%80%93%20Was%20besser%20werden%20muss%E2%80%A6\" title=\"Bei Whatsapp teilen\" aria-label=\"Bei Whatsapp teilen\" role=\"button\" rel=\"noopener nofollow\" class=\"shariff-link external external_icon\" style=\"; background-color:#34af23; color:#fff\" target=\"_blank\"><span class=\"shariff-icon\" style=\"\"><svg width=\"32px\" height=\"20px\" xmlns=\"http:\/\/www.w3.org\/2000\/svg\" viewBox=\"0 0 32 32\"><path fill=\"#34af23\" d=\"M17.6 17.4q0.2 0 1.7 0.8t1.6 0.9q0 0.1 0 0.3 0 0.6-0.3 1.4-0.3 0.7-1.3 1.2t-1.8 0.5q-1 0-3.4-1.1-1.7-0.8-3-2.1t-2.6-3.3q-1.3-1.9-1.3-3.5v-0.1q0.1-1.6 1.3-2.8 0.4-0.4 0.9-0.4 0.1 0 0.3 0t0.3 0q0.3 0 0.5 0.1t0.3 0.5q0.1 0.4 0.6 1.6t0.4 1.3q0 0.4-0.6 1t-0.6 0.8q0 0.1 0.1 0.3 0.6 1.3 1.8 2.4 1 0.9 2.7 1.8 0.2 0.1 0.4 0.1 0.3 0 1-0.9t0.9-0.9zM14 26.9q2.3 0 4.3-0.9t3.6-2.4 2.4-3.6 0.9-4.3-0.9-4.3-2.4-3.6-3.6-2.4-4.3-0.9-4.3 0.9-3.6 2.4-2.4 3.6-0.9 4.3q0 3.6 2.1 6.6l-1.4 4.2 4.3-1.4q2.8 1.9 6.2 1.9zM14 2.2q2.7 0 5.2 1.1t4.3 2.9 2.9 4.3 1.1 5.2-1.1 5.2-2.9 4.3-4.3 2.9-5.2 1.1q-3.5 0-6.5-1.7l-7.4 2.4 2.4-7.2q-1.9-3.2-1.9-6.9 0-2.7 1.1-5.2t2.9-4.3 4.3-2.9 5.2-1.1z\"\/><\/svg><\/span><\/a><\/li><li class=\"shariff-button pinterest shariff-nocustomcolor\" style=\"background-color:#e70f18\"><a href=\"https:\/\/www.pinterest.com\/pin\/create\/link\/?url=https%3A%2F%2Fwww.weiterbildungsmarkt.net%2Fnews%2Fbilanz-zu-2-jahren-dsgvo-besser-werden-muss-8024%2F&media=https%3A%2F%2Fwww.weiterbildungsmarkt.net%2Fnews%2Fwp-content%2Fuploads%2F2017%2F02%2FInfografik2-1.jpg&description=Bilanz%20zu%202%20Jahren%20DSGVO%20%E2%80%93%20Was%20besser%20werden%20muss%E2%80%A6\" title=\"Bei Pinterest pinnen\" aria-label=\"Bei Pinterest pinnen\" role=\"button\" rel=\"noopener nofollow\" class=\"shariff-link\" style=\"; background-color:#cb2027; color:#fff\" target=\"_blank\"><span class=\"shariff-icon\" style=\"\"><svg width=\"32px\" height=\"20px\" xmlns=\"http:\/\/www.w3.org\/2000\/svg\" viewBox=\"0 0 27 32\"><path fill=\"#cb2027\" d=\"M27.4 16q0 3.7-1.8 6.9t-5 5-6.9 1.9q-2 0-3.9-0.6 1.1-1.7 1.4-2.9 0.2-0.6 1-3.8 0.4 0.7 1.3 1.2t2 0.5q2.1 0 3.8-1.2t2.7-3.4 0.9-4.8q0-2-1.1-3.8t-3.1-2.9-4.5-1.2q-1.9 0-3.5 0.5t-2.8 1.4-2 2-1.2 2.3-0.4 2.4q0 1.9 0.7 3.3t2.1 2q0.5 0.2 0.7-0.4 0-0.1 0.1-0.5t0.2-0.5q0.1-0.4-0.2-0.8-0.9-1.1-0.9-2.7 0-2.7 1.9-4.6t4.9-2q2.7 0 4.2 1.5t1.5 3.8q0 3-1.2 5.2t-3.1 2.1q-1.1 0-1.7-0.8t-0.4-1.9q0.1-0.6 0.5-1.7t0.5-1.8 0.2-1.4q0-0.9-0.5-1.5t-1.4-0.6q-1.1 0-1.9 1t-0.8 2.6q0 1.3 0.4 2.2l-1.8 7.5q-0.3 1.2-0.2 3.2-3.7-1.6-6-5t-2.3-7.6q0-3.7 1.9-6.9t5-5 6.9-1.9 6.9 1.9 5 5 1.8 6.9z\"\/><\/svg><\/span><\/a><\/li><\/ul><\/div>","protected":false},"excerpt":{"rendered":"<p>Vor mehr als zwei Jahren ver\u00e4nderte die DSGVO radikal unseren Umgang mit Daten sowie die Macht- und Abh\u00e4ngigkeitsverh\u00e4ltnisse im Onlinemarketing und bei der Onlinewerbung. Zum zweiten Jahrestag stellt die EU die Verordnung allerdings planm\u00e4\u00dfig auf den Pr\u00fcfstand. Dazu legt die Kommission einen Bericht mit \u00c4nderungsvorschl\u00e4gen vor. Wir haben Experten und Macher aus der Digitalwirtschaft gefragt: [&hellip;]<\/p>\n","protected":false},"author":173,"featured_media":4472,"comment_status":"closed","ping_status":"closed","sticky":false,"template":"","format":"standard","meta":{"_acf_changed":false,"footnotes":""},"categories":[371,112],"tags":[],"class_list":["post-8024","post","type-post","status-publish","format-standard","has-post-thumbnail","hentry","category-infografik","category-neuigkeiten"],"acf":[],"_links":{"self":[{"href":"https:\/\/www.weiterbildungsmarkt.net\/news\/wp-json\/wp\/v2\/posts\/8024","targetHints":{"allow":["GET"]}}],"collection":[{"href":"https:\/\/www.weiterbildungsmarkt.net\/news\/wp-json\/wp\/v2\/posts"}],"about":[{"href":"https:\/\/www.weiterbildungsmarkt.net\/news\/wp-json\/wp\/v2\/types\/post"}],"author":[{"embeddable":true,"href":"https:\/\/www.weiterbildungsmarkt.net\/news\/wp-json\/wp\/v2\/users\/173"}],"replies":[{"embeddable":true,"href":"https:\/\/www.weiterbildungsmarkt.net\/news\/wp-json\/wp\/v2\/comments?post=8024"}],"version-history":[{"count":2,"href":"https:\/\/www.weiterbildungsmarkt.net\/news\/wp-json\/wp\/v2\/posts\/8024\/revisions"}],"predecessor-version":[{"id":9350,"href":"https:\/\/www.weiterbildungsmarkt.net\/news\/wp-json\/wp\/v2\/posts\/8024\/revisions\/9350"}],"wp:featuredmedia":[{"embeddable":true,"href":"https:\/\/www.weiterbildungsmarkt.net\/news\/wp-json\/wp\/v2\/media\/4472"}],"wp:attachment":[{"href":"https:\/\/www.weiterbildungsmarkt.net\/news\/wp-json\/wp\/v2\/media?parent=8024"}],"wp:term":[{"taxonomy":"category","embeddable":true,"href":"https:\/\/www.weiterbildungsmarkt.net\/news\/wp-json\/wp\/v2\/categories?post=8024"},{"taxonomy":"post_tag","embeddable":true,"href":"https:\/\/www.weiterbildungsmarkt.net\/news\/wp-json\/wp\/v2\/tags?post=8024"}],"curies":[{"name":"wp","href":"https:\/\/api.w.org\/{rel}","templated":true}]}}