{"id":8069,"date":"2020-09-10T10:43:46","date_gmt":"2020-09-10T08:43:46","guid":{"rendered":"https:\/\/www.weiterbildungsmarkt.net\/news\/?p=8069"},"modified":"2020-07-17T10:45:03","modified_gmt":"2020-07-17T08:45:03","slug":"pandemie-beschleunigt-digitale-transformation-der-weiterbildung","status":"publish","type":"post","link":"https:\/\/www.weiterbildungsmarkt.net\/news\/pandemie-beschleunigt-digitale-transformation-der-weiterbildung-8069\/","title":{"rendered":"Pandemie beschleunigt digitale Transformation in der Weiterbildung"},"content":{"rendered":"<p style=\"text-align: justify;\"><strong>Der Wuppertaler Kreis e.V. als der Verband der f\u00fchrenden Weiterbildungsdienstleister der Wirtschaft ver\u00f6ffentlicht regelm\u00e4\u00dfig Mitte des Jahres seine Trendstudie zur betrieblichen Weiterbildung und informiert \u00fcber aktuelle Entwicklungen im Weiterbildungsmarkt.<\/strong><\/p>\n<p style=\"text-align: justify;\">Die gesetzlichen Beschr\u00e4nkungen zur Eind\u00e4mmung der COVID-19-Pandemie haben erhebliche Auswirkungen auf die Arbeit der Weiterbildung. Die Mitglieder des Wuppertaler Kreises erwarten f\u00fcr 2020 zum Teil deutliche Umsatzr\u00fcckg\u00e4nge, mehr als die H\u00e4lfte der Dienstleister mussten Kurzarbeit anmelden. Der Gesch\u00e4ftslage-Indikator Weiterbildung des Wuppertaler Kreises, ein Gradmesser f\u00fcr die wirtschaftliche Stimmung in der Weiterbildungsbranche, sinkt f\u00fcr 2020 mit 86 Punkten erstmals seit der Finanzkrise auf einen Wert unter 100.<\/p>\n<p style=\"text-align: justify;\">Die Digitalisierung ist weiterhin der herausragende Entwicklungsmotor in den Unternehmen. Die Ver\u00e4nderungen betreffen nahezu alle Gesch\u00e4ftsprozesse und f\u00fchren zu einem hohen Qualifizierungs- und Weiterbildungsbedarf. Es sind verst\u00e4rkt Investitionen in Weiterbildung erforderlich, die gerade in Krisenzeiten antizyklisch aufrechterhalten werden sollten.<\/p>\n<p style=\"text-align: justify;\">Gleichzeitig ist die Pandemie auch ein Turbo f\u00fcr die Digitalisierung der Weiterbildung. Die technologische Entwicklung bietet hier die M\u00f6glichkeit, neue Weiterbildungsformen und -instrumente zu entwickeln. Mobile Arbeitsformen und Arbeit aus dem Homeoffice haben die Voraussetzungen, diese Produkte am Markt zu etablieren, erheblich verbessert.<\/p>\n<p style=\"text-align: justify;\">Beispiele daf\u00fcr sind digitale Lernplattformen, von denen Lerninhalte wie z.B. Videosequenzen von Besch\u00e4ftigten im Arbeitsprozess von mobilen Endger\u00e4ten abgerufen werden k\u00f6nnen. Ein Schl\u00fcsselfaktor ist dabei auch die Integration verschiedener Lernformen und die Ansprache unterschiedlicher Sinneskan\u00e4le (Audio, Video, Feedback-Systeme). Auch die Entwicklung virtueller Umgebungen, die Arbeitsabl\u00e4ufe simulieren und unmittelbar Feedback leisten, wird als sehr zukunftstr\u00e4chtig eingesch\u00e4tzt. Es ist zu erwarten, dass digitale Bildungsangebote in Zukunft deutlich an Bedeutung gewinnen und immer h\u00e4ufiger auch in Pr\u00e4senzformate integriert werden.<\/p>\n<p style=\"text-align: justify;\">F\u00fcr die Weiterbildungsanbieter im Wuppertaler Kreis hat die Kooperation mit Anbietern von Lern- und Wissensplattformen aktuell hohe Bedeutung. Sie sprechen sich daf\u00fcr aus, dass es weiterhin eine Vielfalt branchen- und zielgruppenorientierter Plattformen geben soll und erteilen damit einer Zentralisierung in einer staatlichen Plattform, wie sie von Seiten der Politik vorgeschlagen wurde, eine Absage. Der Aufbau einer staatlichen Plattform ist kein erfolgversprechender Weg, um die Beteiligung an beruflicher Weiterbildung zu erh\u00f6hen.<\/p>\n<p style=\"text-align: justify;\">Im Jahr 2019 haben \u00fcber 1,3 Millionen Personen an Weiterbildungsveranstaltungen der Mitglieder des Wuppertaler Kreises teilgenommen. Die Weiterbildungsdienstleister erzielten damit einen Jahresumsatz von deutlich mehr als einer Milliarde Euro.<\/p>\n<p style=\"text-align: justify;\">Quelle: <a href=\"https:\/\/www.presseportal.de\/pm\/114343\/4631637\" target=\"_blank\" rel=\"noopener nofollow\" class=\"external external_icon\">Presseportal.de<\/a><\/p>\n<div class=\"shariff shariff-align-left shariff-widget-align-left\"><ul class=\"shariff-buttons theme-round orientation-horizontal buttonsize-medium\"><li class=\"shariff-button facebook shariff-nocustomcolor\" style=\"background-color:#4273c8\"><a href=\"https:\/\/www.facebook.com\/sharer\/sharer.php?u=https%3A%2F%2Fwww.weiterbildungsmarkt.net%2Fnews%2Fpandemie-beschleunigt-digitale-transformation-der-weiterbildung-8069%2F\" title=\"Bei Facebook teilen\" aria-label=\"Bei Facebook teilen\" role=\"button\" rel=\"nofollow\" class=\"shariff-link external external_icon\" style=\"; background-color:#3b5998; color:#fff\" target=\"_blank\"><span class=\"shariff-icon\" style=\"\"><svg width=\"32px\" height=\"20px\" xmlns=\"http:\/\/www.w3.org\/2000\/svg\" viewBox=\"0 0 18 32\"><path fill=\"#3b5998\" d=\"M17.1 0.2v4.7h-2.8q-1.5 0-2.1 0.6t-0.5 1.9v3.4h5.2l-0.7 5.3h-4.5v13.6h-5.5v-13.6h-4.5v-5.3h4.5v-3.9q0-3.3 1.9-5.2t5-1.8q2.6 0 4.1 0.2z\"\/><\/svg><\/span><\/a><\/li><li class=\"shariff-button twitter shariff-nocustomcolor\" style=\"background-color:#595959\"><a href=\"https:\/\/twitter.com\/share?url=https%3A%2F%2Fwww.weiterbildungsmarkt.net%2Fnews%2Fpandemie-beschleunigt-digitale-transformation-der-weiterbildung-8069%2F&text=Pandemie%20beschleunigt%20digitale%20Transformation%20in%20der%20Weiterbildung\" title=\"Bei X teilen\" aria-label=\"Bei X teilen\" role=\"button\" rel=\"noopener nofollow\" class=\"shariff-link\" style=\"; background-color:#000; color:#fff\" target=\"_blank\"><span class=\"shariff-icon\" style=\"\"><svg width=\"32px\" height=\"20px\" xmlns=\"http:\/\/www.w3.org\/2000\/svg\" viewBox=\"0 0 24 24\"><path fill=\"#000\" d=\"M14.258 10.152L23.176 0h-2.113l-7.747 8.813L7.133 0H0l9.352 13.328L0 23.973h2.113l8.176-9.309 6.531 9.309h7.133zm-2.895 3.293l-.949-1.328L2.875 1.56h3.246l6.086 8.523.945 1.328 7.91 11.078h-3.246zm0 0\"\/><\/svg><\/span><\/a><\/li><li class=\"shariff-button xing shariff-nocustomcolor\" style=\"background-color:#29888a\"><a href=\"https:\/\/www.xing.com\/spi\/shares\/new?url=https%3A%2F%2Fwww.weiterbildungsmarkt.net%2Fnews%2Fpandemie-beschleunigt-digitale-transformation-der-weiterbildung-8069%2F\" title=\"Bei XING teilen\" aria-label=\"Bei XING teilen\" role=\"button\" rel=\"noopener nofollow\" class=\"shariff-link external external_icon\" style=\"; background-color:#126567; color:#fff\" target=\"_blank\"><span class=\"shariff-icon\" style=\"\"><svg width=\"32px\" height=\"20px\" xmlns=\"http:\/\/www.w3.org\/2000\/svg\" viewBox=\"0 0 25 32\"><path fill=\"#126567\" d=\"M10.7 11.9q-0.2 0.3-4.6 8.2-0.5 0.8-1.2 0.8h-4.3q-0.4 0-0.5-0.3t0-0.6l4.5-8q0 0 0 0l-2.9-5q-0.2-0.4 0-0.7 0.2-0.3 0.5-0.3h4.3q0.7 0 1.2 0.8zM25.1 0.4q0.2 0.3 0 0.7l-9.4 16.7 6 11q0.2 0.4 0 0.6-0.2 0.3-0.6 0.3h-4.3q-0.7 0-1.2-0.8l-6-11.1q0.3-0.6 9.5-16.8 0.4-0.8 1.2-0.8h4.3q0.4 0 0.5 0.3z\"\/><\/svg><\/span><\/a><\/li><li class=\"shariff-button linkedin shariff-nocustomcolor\" style=\"background-color:#1488bf\"><a href=\"https:\/\/www.linkedin.com\/sharing\/share-offsite\/?url=https%3A%2F%2Fwww.weiterbildungsmarkt.net%2Fnews%2Fpandemie-beschleunigt-digitale-transformation-der-weiterbildung-8069%2F\" title=\"Bei LinkedIn teilen\" aria-label=\"Bei LinkedIn teilen\" role=\"button\" rel=\"noopener nofollow\" class=\"shariff-link external external_icon\" style=\"; background-color:#0077b5; color:#fff\" target=\"_blank\"><span class=\"shariff-icon\" style=\"\"><svg width=\"32px\" height=\"20px\" xmlns=\"http:\/\/www.w3.org\/2000\/svg\" viewBox=\"0 0 27 32\"><path fill=\"#0077b5\" d=\"M6.2 11.2v17.7h-5.9v-17.7h5.9zM6.6 5.7q0 1.3-0.9 2.2t-2.4 0.9h0q-1.5 0-2.4-0.9t-0.9-2.2 0.9-2.2 2.4-0.9 2.4 0.9 0.9 2.2zM27.4 18.7v10.1h-5.9v-9.5q0-1.9-0.7-2.9t-2.3-1.1q-1.1 0-1.9 0.6t-1.2 1.5q-0.2 0.5-0.2 1.4v9.9h-5.9q0-7.1 0-11.6t0-5.3l0-0.9h5.9v2.6h0q0.4-0.6 0.7-1t1-0.9 1.6-0.8 2-0.3q3 0 4.9 2t1.9 6z\"\/><\/svg><\/span><\/a><\/li><li class=\"shariff-button whatsapp shariff-nocustomcolor\" style=\"background-color:#5cbe4a\"><a href=\"https:\/\/api.whatsapp.com\/send?text=https%3A%2F%2Fwww.weiterbildungsmarkt.net%2Fnews%2Fpandemie-beschleunigt-digitale-transformation-der-weiterbildung-8069%2F%20Pandemie%20beschleunigt%20digitale%20Transformation%20in%20der%20Weiterbildung\" title=\"Bei Whatsapp teilen\" aria-label=\"Bei Whatsapp teilen\" role=\"button\" rel=\"noopener nofollow\" class=\"shariff-link external external_icon\" style=\"; background-color:#34af23; color:#fff\" target=\"_blank\"><span class=\"shariff-icon\" style=\"\"><svg width=\"32px\" height=\"20px\" xmlns=\"http:\/\/www.w3.org\/2000\/svg\" viewBox=\"0 0 32 32\"><path fill=\"#34af23\" d=\"M17.6 17.4q0.2 0 1.7 0.8t1.6 0.9q0 0.1 0 0.3 0 0.6-0.3 1.4-0.3 0.7-1.3 1.2t-1.8 0.5q-1 0-3.4-1.1-1.7-0.8-3-2.1t-2.6-3.3q-1.3-1.9-1.3-3.5v-0.1q0.1-1.6 1.3-2.8 0.4-0.4 0.9-0.4 0.1 0 0.3 0t0.3 0q0.3 0 0.5 0.1t0.3 0.5q0.1 0.4 0.6 1.6t0.4 1.3q0 0.4-0.6 1t-0.6 0.8q0 0.1 0.1 0.3 0.6 1.3 1.8 2.4 1 0.9 2.7 1.8 0.2 0.1 0.4 0.1 0.3 0 1-0.9t0.9-0.9zM14 26.9q2.3 0 4.3-0.9t3.6-2.4 2.4-3.6 0.9-4.3-0.9-4.3-2.4-3.6-3.6-2.4-4.3-0.9-4.3 0.9-3.6 2.4-2.4 3.6-0.9 4.3q0 3.6 2.1 6.6l-1.4 4.2 4.3-1.4q2.8 1.9 6.2 1.9zM14 2.2q2.7 0 5.2 1.1t4.3 2.9 2.9 4.3 1.1 5.2-1.1 5.2-2.9 4.3-4.3 2.9-5.2 1.1q-3.5 0-6.5-1.7l-7.4 2.4 2.4-7.2q-1.9-3.2-1.9-6.9 0-2.7 1.1-5.2t2.9-4.3 4.3-2.9 5.2-1.1z\"\/><\/svg><\/span><\/a><\/li><li class=\"shariff-button pinterest shariff-nocustomcolor\" style=\"background-color:#e70f18\"><a href=\"https:\/\/www.pinterest.com\/pin\/create\/link\/?url=https%3A%2F%2Fwww.weiterbildungsmarkt.net%2Fnews%2Fpandemie-beschleunigt-digitale-transformation-der-weiterbildung-8069%2F&media=https%3A%2F%2Fwww.weiterbildungsmarkt.net%2Fnews%2Fwp-content%2Fuploads%2F2017%2F11%2FNT174.png&description=Pandemie%20beschleunigt%20digitale%20Transformation%20in%20der%20Weiterbildung\" title=\"Bei Pinterest pinnen\" aria-label=\"Bei Pinterest pinnen\" role=\"button\" rel=\"noopener nofollow\" class=\"shariff-link\" style=\"; background-color:#cb2027; color:#fff\" target=\"_blank\"><span class=\"shariff-icon\" style=\"\"><svg width=\"32px\" height=\"20px\" xmlns=\"http:\/\/www.w3.org\/2000\/svg\" viewBox=\"0 0 27 32\"><path fill=\"#cb2027\" d=\"M27.4 16q0 3.7-1.8 6.9t-5 5-6.9 1.9q-2 0-3.9-0.6 1.1-1.7 1.4-2.9 0.2-0.6 1-3.8 0.4 0.7 1.3 1.2t2 0.5q2.1 0 3.8-1.2t2.7-3.4 0.9-4.8q0-2-1.1-3.8t-3.1-2.9-4.5-1.2q-1.9 0-3.5 0.5t-2.8 1.4-2 2-1.2 2.3-0.4 2.4q0 1.9 0.7 3.3t2.1 2q0.5 0.2 0.7-0.4 0-0.1 0.1-0.5t0.2-0.5q0.1-0.4-0.2-0.8-0.9-1.1-0.9-2.7 0-2.7 1.9-4.6t4.9-2q2.7 0 4.2 1.5t1.5 3.8q0 3-1.2 5.2t-3.1 2.1q-1.1 0-1.7-0.8t-0.4-1.9q0.1-0.6 0.5-1.7t0.5-1.8 0.2-1.4q0-0.9-0.5-1.5t-1.4-0.6q-1.1 0-1.9 1t-0.8 2.6q0 1.3 0.4 2.2l-1.8 7.5q-0.3 1.2-0.2 3.2-3.7-1.6-6-5t-2.3-7.6q0-3.7 1.9-6.9t5-5 6.9-1.9 6.9 1.9 5 5 1.8 6.9z\"\/><\/svg><\/span><\/a><\/li><\/ul><\/div>","protected":false},"excerpt":{"rendered":"<p>Der Wuppertaler Kreis e.V. als der Verband der f\u00fchrenden Weiterbildungsdienstleister der Wirtschaft ver\u00f6ffentlicht regelm\u00e4\u00dfig Mitte des Jahres seine Trendstudie zur betrieblichen Weiterbildung und informiert \u00fcber aktuelle Entwicklungen im Weiterbildungsmarkt. Die gesetzlichen Beschr\u00e4nkungen zur Eind\u00e4mmung der COVID-19-Pandemie haben erhebliche Auswirkungen auf die Arbeit der Weiterbildung. Die Mitglieder des Wuppertaler Kreises erwarten f\u00fcr 2020 zum Teil deutliche [&hellip;]<\/p>\n","protected":false},"author":192,"featured_media":6108,"comment_status":"closed","ping_status":"closed","sticky":false,"template":"","format":"standard","meta":{"_acf_changed":false,"footnotes":""},"categories":[110,112],"tags":[],"class_list":["post-8069","post","type-post","status-publish","format-standard","has-post-thumbnail","hentry","category-studien","category-neuigkeiten"],"acf":[],"_links":{"self":[{"href":"https:\/\/www.weiterbildungsmarkt.net\/news\/wp-json\/wp\/v2\/posts\/8069","targetHints":{"allow":["GET"]}}],"collection":[{"href":"https:\/\/www.weiterbildungsmarkt.net\/news\/wp-json\/wp\/v2\/posts"}],"about":[{"href":"https:\/\/www.weiterbildungsmarkt.net\/news\/wp-json\/wp\/v2\/types\/post"}],"author":[{"embeddable":true,"href":"https:\/\/www.weiterbildungsmarkt.net\/news\/wp-json\/wp\/v2\/users\/192"}],"replies":[{"embeddable":true,"href":"https:\/\/www.weiterbildungsmarkt.net\/news\/wp-json\/wp\/v2\/comments?post=8069"}],"version-history":[{"count":1,"href":"https:\/\/www.weiterbildungsmarkt.net\/news\/wp-json\/wp\/v2\/posts\/8069\/revisions"}],"predecessor-version":[{"id":8070,"href":"https:\/\/www.weiterbildungsmarkt.net\/news\/wp-json\/wp\/v2\/posts\/8069\/revisions\/8070"}],"wp:featuredmedia":[{"embeddable":true,"href":"https:\/\/www.weiterbildungsmarkt.net\/news\/wp-json\/wp\/v2\/media\/6108"}],"wp:attachment":[{"href":"https:\/\/www.weiterbildungsmarkt.net\/news\/wp-json\/wp\/v2\/media?parent=8069"}],"wp:term":[{"taxonomy":"category","embeddable":true,"href":"https:\/\/www.weiterbildungsmarkt.net\/news\/wp-json\/wp\/v2\/categories?post=8069"},{"taxonomy":"post_tag","embeddable":true,"href":"https:\/\/www.weiterbildungsmarkt.net\/news\/wp-json\/wp\/v2\/tags?post=8069"}],"curies":[{"name":"wp","href":"https:\/\/api.w.org\/{rel}","templated":true}]}}