{"id":8240,"date":"2020-12-09T15:09:37","date_gmt":"2020-12-09T14:09:37","guid":{"rendered":"https:\/\/www.weiterbildungsmarkt.net\/news\/?p=8240"},"modified":"2020-11-24T15:14:36","modified_gmt":"2020-11-24T14:14:36","slug":"hays-studie-wissensarbeit-im-digitalen-wandel","status":"publish","type":"post","link":"https:\/\/www.weiterbildungsmarkt.net\/news\/hays-studie-wissensarbeit-im-digitalen-wandel-8240\/","title":{"rendered":"Hays-Studie: Wissensarbeit im digitalen Wandel"},"content":{"rendered":"<p style=\"text-align: justify;\"><strong>Neue digitale Technologien sorgen f\u00fcr eine h\u00f6here Produktivit\u00e4t, konstatieren 57 Prozent der \u00fcber 1.000 befragten Wissensarbeiter der neuen Hays-Studie. Doch gehen diese Produktivit\u00e4tszuw\u00e4chse mit einem erh\u00f6hten Leistungsdruck (59%) und einer st\u00e4rkeren Arbeitsbelastung (58%) einher. Hinzu kommen die vielf\u00e4ltigen Herausforderungen der VUCA-Welt, die f\u00fcr nahezu alle Wissensarbeiter sp\u00fcrbar sind, wie die Studie aufzeigt.<\/strong><\/p>\n<figure id=\"attachment_8243\" aria-describedby=\"caption-attachment-8243\" style=\"width: 2053px\" class=\"wp-caption aligncenter\"><img loading=\"lazy\" decoding=\"async\" class=\"size-full wp-image-8243\" src=\"https:\/\/www.weiterbildungsmarkt.net\/news\/wp-content\/uploads\/2020\/12\/Persoenliche-Strategien-um-Veraenderungen-im-Arbeitsumfeld-zu-begegnen-scaled.jpg\" alt=\"Hays-Studie: Wissensarbeit im digitalen Wandel\" width=\"2053\" height=\"2560\" srcset=\"https:\/\/www.weiterbildungsmarkt.net\/news\/wp-content\/uploads\/2020\/12\/Persoenliche-Strategien-um-Veraenderungen-im-Arbeitsumfeld-zu-begegnen-scaled.jpg 2053w, https:\/\/www.weiterbildungsmarkt.net\/news\/wp-content\/uploads\/2020\/12\/Persoenliche-Strategien-um-Veraenderungen-im-Arbeitsumfeld-zu-begegnen-241x300.jpg 241w, https:\/\/www.weiterbildungsmarkt.net\/news\/wp-content\/uploads\/2020\/12\/Persoenliche-Strategien-um-Veraenderungen-im-Arbeitsumfeld-zu-begegnen-821x1024.jpg 821w, https:\/\/www.weiterbildungsmarkt.net\/news\/wp-content\/uploads\/2020\/12\/Persoenliche-Strategien-um-Veraenderungen-im-Arbeitsumfeld-zu-begegnen-768x958.jpg 768w, https:\/\/www.weiterbildungsmarkt.net\/news\/wp-content\/uploads\/2020\/12\/Persoenliche-Strategien-um-Veraenderungen-im-Arbeitsumfeld-zu-begegnen-1232x1536.jpg 1232w, https:\/\/www.weiterbildungsmarkt.net\/news\/wp-content\/uploads\/2020\/12\/Persoenliche-Strategien-um-Veraenderungen-im-Arbeitsumfeld-zu-begegnen-1643x2048.jpg 1643w, https:\/\/www.weiterbildungsmarkt.net\/news\/wp-content\/uploads\/2020\/12\/Persoenliche-Strategien-um-Veraenderungen-im-Arbeitsumfeld-zu-begegnen-1068x1332.jpg 1068w, https:\/\/www.weiterbildungsmarkt.net\/news\/wp-content\/uploads\/2020\/12\/Persoenliche-Strategien-um-Veraenderungen-im-Arbeitsumfeld-zu-begegnen-337x420.jpg 337w, https:\/\/www.weiterbildungsmarkt.net\/news\/wp-content\/uploads\/2020\/12\/Persoenliche-Strategien-um-Veraenderungen-im-Arbeitsumfeld-zu-begegnen-1920x2394.jpg 1920w\" sizes=\"auto, (max-width: 2053px) 100vw, 2053px\" \/><figcaption id=\"caption-attachment-8243\" class=\"wp-caption-text\">Pers\u00f6nliche Strategien, um Ver\u00e4nderungen im Arbeitsumfeld zu begegnen \/ Quellenangabe: &#8222;obs\/Hays AG&#8220;<\/figcaption><\/figure><br \/>\n<p style=\"text-align: justify;\">Allerdings zeigen sich je nach der Gruppe der Befragten deutliche Unterschiede bei der Frage, wie schwer der Umgang mit diesen Herausforderungen f\u00e4llt: Freiberuflich t\u00e4tigen Wissensarbeitern f\u00e4llt der Umgang mit der zunehmenden Verdichtung der Arbeit (43 zu 68 %), den kurzen Planungshorizonten (40 zu 60 %), der Komplexit\u00e4t (35 zu 62%) oder der Ungewissheit \u00fcber den richtigen Weg (36 zu 54%) nicht so schwer wie festangestellten F\u00fchrungskr\u00e4ften.<\/p>\n<p style=\"text-align: justify;\">Um den Ver\u00e4nderungen in ihrem Arbeitsumfeld ad\u00e4quat zu begegnen, w\u00e4hlen Freiberufler und Festangestellte zum Teil sehr unterschiedliche Strategien. So setzen Freiberufler vor allem auf fachliche Netzwerke (74%) und Investments in ihre Weiterbildung (77%). Dagegen steht bei Festangestellten der R\u00fcckzug ins private im Vordergrund (53%). F\u00fcr sie spielt Weiterbildung eine deutlich geringere Rolle (41%), w\u00e4hrend dies bei den Freiberuflern auf die Familienfokussierung zutrifft (38%).<\/p>\n<p style=\"text-align: justify;\">Deutliche Unterschiede zwischen den beiden Gruppen zeigen sich auch beim Thema Routinet\u00e4tigkeiten. F\u00fcr Freiberufler spielen sie nur eine marginale Rolle (Median: 25%), f\u00fcr festangestellte Wissensarbeiter lautet der Wert dagegen 49 Prozent. Deshalb \u00fcberrascht es nicht, dass Freiberufler ein h\u00f6heres Ma\u00df an Freiheit bei ihrer T\u00e4tigkeit eher wahrnehmen (48%) als angestellte Wissensarbeiter (32%).<\/p>\n<p style=\"text-align: justify;\">&#8222;Die Automatisierung von Routineaufgaben ist eines der Themen mit dem gr\u00f6\u00dften Digitalisierungsbedarf. Um die Kreativit\u00e4t besser zu nutzen, kommen viele Unternehmen jedoch nicht darum herum, auch ihre unz\u00e4hligen b\u00fcrokratischen Regelungen auf den Pr\u00fcfstand zu stellen&#8220;, r\u00e4t Dirk Hahn, CEO der Hays AG.<\/p>\n<p style=\"text-align: justify;\">F\u00fcr die Studie &#8222;Wissensarbeit im digitalen Wandel&#8220; wurden mehr als 1.000 hochqualifizierte Fachkr\u00e4fte aus Deutschland mit einem akademischen Abschluss befragt. 770 der befragten Wissensarbeiter sind fest angestellt und 272 freiberuflich t\u00e4tig. Von den fest angestellten Fachkr\u00e4ften ist etwa die H\u00e4lfte in einer F\u00fchrungsrolle und circa acht Prozent in der Gesch\u00e4fts- bzw. Unternehmensleitung t\u00e4tig.<\/p>\n<p style=\"text-align: justify;\"><strong>\u00dcber Hays<\/strong><\/p>\n<p style=\"text-align: justify;\">Hays plc ist ein weltweit f\u00fchrender Personaldienstleister f\u00fcr die Rekrutierung von hoch qualifizierten Spezialisten. Hays ist im privaten wie im \u00f6ffentlichen Sektor t\u00e4tig und vermittelt Spezialisten f\u00fcr Festanstellungen, Projektarbeit und in Arbeitnehmer\u00fcberlassung. Das Unternehmen besch\u00e4ftigt weltweit \u00fcber 11.500 Mitarbeiter in 33 L\u00e4ndern und erzielte im Gesch\u00e4ftsjahr 2019\/2020 Erl\u00f6se in H\u00f6he von 6,55 Mrd. Euro. In Deutschland vermittelt Hays Spezialisten aus den Bereichen IT, Engineering, Construction &amp; Property, Life Sciences, Finance, Sales &amp; Marketing, Legal, Retail, Healthcare und HR.<\/p>\n<p style=\"text-align: justify;\">Quelle: <a href=\"https:\/\/www.presseportal.de\/pm\/63173\/4719949\" target=\"_blank\" rel=\"noopener nofollow\" class=\"external external_icon\">Presseportal.de<\/a><\/p>\n<div class=\"shariff shariff-align-flex-start shariff-widget-align-flex-start\"><ul class=\"shariff-buttons theme-round orientation-horizontal buttonsize-medium\"><li class=\"shariff-button facebook shariff-nocustomcolor\" style=\"background-color:#4273c8\"><a href=\"https:\/\/www.facebook.com\/sharer\/sharer.php?u=https%3A%2F%2Fwww.weiterbildungsmarkt.net%2Fnews%2Fhays-studie-wissensarbeit-im-digitalen-wandel-8240%2F\" title=\"Bei Facebook teilen\" aria-label=\"Bei Facebook teilen\" role=\"button\" rel=\"nofollow\" class=\"shariff-link external external_icon\" style=\"; background-color:#3b5998; color:#fff\" target=\"_blank\"><span class=\"shariff-icon\" style=\"\"><svg width=\"32px\" height=\"20px\" xmlns=\"http:\/\/www.w3.org\/2000\/svg\" viewBox=\"0 0 18 32\"><path fill=\"#3b5998\" d=\"M17.1 0.2v4.7h-2.8q-1.5 0-2.1 0.6t-0.5 1.9v3.4h5.2l-0.7 5.3h-4.5v13.6h-5.5v-13.6h-4.5v-5.3h4.5v-3.9q0-3.3 1.9-5.2t5-1.8q2.6 0 4.1 0.2z\"\/><\/svg><\/span><\/a><\/li><li class=\"shariff-button twitter shariff-nocustomcolor\" style=\"background-color:#595959\"><a href=\"https:\/\/twitter.com\/share?url=https%3A%2F%2Fwww.weiterbildungsmarkt.net%2Fnews%2Fhays-studie-wissensarbeit-im-digitalen-wandel-8240%2F&text=Hays-Studie%3A%20Wissensarbeit%20im%20digitalen%20Wandel\" title=\"Bei X teilen\" aria-label=\"Bei X teilen\" role=\"button\" rel=\"noopener nofollow\" class=\"shariff-link\" style=\"; background-color:#000; color:#fff\" target=\"_blank\"><span class=\"shariff-icon\" style=\"\"><svg width=\"32px\" height=\"20px\" xmlns=\"http:\/\/www.w3.org\/2000\/svg\" viewBox=\"0 0 24 24\"><path fill=\"#000\" d=\"M14.258 10.152L23.176 0h-2.113l-7.747 8.813L7.133 0H0l9.352 13.328L0 23.973h2.113l8.176-9.309 6.531 9.309h7.133zm-2.895 3.293l-.949-1.328L2.875 1.56h3.246l6.086 8.523.945 1.328 7.91 11.078h-3.246zm0 0\"\/><\/svg><\/span><\/a><\/li><li class=\"shariff-button xing shariff-nocustomcolor\" style=\"background-color:#29888a\"><a href=\"https:\/\/www.xing.com\/spi\/shares\/new?url=https%3A%2F%2Fwww.weiterbildungsmarkt.net%2Fnews%2Fhays-studie-wissensarbeit-im-digitalen-wandel-8240%2F\" title=\"Bei XING teilen\" aria-label=\"Bei XING teilen\" role=\"button\" rel=\"noopener nofollow\" class=\"shariff-link external external_icon\" style=\"; background-color:#126567; color:#fff\" target=\"_blank\"><span class=\"shariff-icon\" style=\"\"><svg width=\"32px\" height=\"20px\" xmlns=\"http:\/\/www.w3.org\/2000\/svg\" viewBox=\"0 0 25 32\"><path fill=\"#126567\" d=\"M10.7 11.9q-0.2 0.3-4.6 8.2-0.5 0.8-1.2 0.8h-4.3q-0.4 0-0.5-0.3t0-0.6l4.5-8q0 0 0 0l-2.9-5q-0.2-0.4 0-0.7 0.2-0.3 0.5-0.3h4.3q0.7 0 1.2 0.8zM25.1 0.4q0.2 0.3 0 0.7l-9.4 16.7 6 11q0.2 0.4 0 0.6-0.2 0.3-0.6 0.3h-4.3q-0.7 0-1.2-0.8l-6-11.1q0.3-0.6 9.5-16.8 0.4-0.8 1.2-0.8h4.3q0.4 0 0.5 0.3z\"\/><\/svg><\/span><\/a><\/li><li class=\"shariff-button linkedin shariff-nocustomcolor\" style=\"background-color:#1488bf\"><a href=\"https:\/\/www.linkedin.com\/sharing\/share-offsite\/?url=https%3A%2F%2Fwww.weiterbildungsmarkt.net%2Fnews%2Fhays-studie-wissensarbeit-im-digitalen-wandel-8240%2F\" title=\"Bei LinkedIn teilen\" aria-label=\"Bei LinkedIn teilen\" role=\"button\" rel=\"noopener nofollow\" class=\"shariff-link external external_icon\" style=\"; background-color:#0077b5; color:#fff\" target=\"_blank\"><span class=\"shariff-icon\" style=\"\"><svg width=\"32px\" height=\"20px\" xmlns=\"http:\/\/www.w3.org\/2000\/svg\" viewBox=\"0 0 27 32\"><path fill=\"#0077b5\" d=\"M6.2 11.2v17.7h-5.9v-17.7h5.9zM6.6 5.7q0 1.3-0.9 2.2t-2.4 0.9h0q-1.5 0-2.4-0.9t-0.9-2.2 0.9-2.2 2.4-0.9 2.4 0.9 0.9 2.2zM27.4 18.7v10.1h-5.9v-9.5q0-1.9-0.7-2.9t-2.3-1.1q-1.1 0-1.9 0.6t-1.2 1.5q-0.2 0.5-0.2 1.4v9.9h-5.9q0-7.1 0-11.6t0-5.3l0-0.9h5.9v2.6h0q0.4-0.6 0.7-1t1-0.9 1.6-0.8 2-0.3q3 0 4.9 2t1.9 6z\"\/><\/svg><\/span><\/a><\/li><li class=\"shariff-button whatsapp shariff-nocustomcolor\" style=\"background-color:#5cbe4a\"><a href=\"https:\/\/api.whatsapp.com\/send?text=https%3A%2F%2Fwww.weiterbildungsmarkt.net%2Fnews%2Fhays-studie-wissensarbeit-im-digitalen-wandel-8240%2F%20Hays-Studie%3A%20Wissensarbeit%20im%20digitalen%20Wandel\" title=\"Bei Whatsapp teilen\" aria-label=\"Bei Whatsapp teilen\" role=\"button\" rel=\"noopener nofollow\" class=\"shariff-link external external_icon\" style=\"; background-color:#34af23; color:#fff\" target=\"_blank\"><span class=\"shariff-icon\" style=\"\"><svg width=\"32px\" height=\"20px\" xmlns=\"http:\/\/www.w3.org\/2000\/svg\" viewBox=\"0 0 32 32\"><path fill=\"#34af23\" d=\"M17.6 17.4q0.2 0 1.7 0.8t1.6 0.9q0 0.1 0 0.3 0 0.6-0.3 1.4-0.3 0.7-1.3 1.2t-1.8 0.5q-1 0-3.4-1.1-1.7-0.8-3-2.1t-2.6-3.3q-1.3-1.9-1.3-3.5v-0.1q0.1-1.6 1.3-2.8 0.4-0.4 0.9-0.4 0.1 0 0.3 0t0.3 0q0.3 0 0.5 0.1t0.3 0.5q0.1 0.4 0.6 1.6t0.4 1.3q0 0.4-0.6 1t-0.6 0.8q0 0.1 0.1 0.3 0.6 1.3 1.8 2.4 1 0.9 2.7 1.8 0.2 0.1 0.4 0.1 0.3 0 1-0.9t0.9-0.9zM14 26.9q2.3 0 4.3-0.9t3.6-2.4 2.4-3.6 0.9-4.3-0.9-4.3-2.4-3.6-3.6-2.4-4.3-0.9-4.3 0.9-3.6 2.4-2.4 3.6-0.9 4.3q0 3.6 2.1 6.6l-1.4 4.2 4.3-1.4q2.8 1.9 6.2 1.9zM14 2.2q2.7 0 5.2 1.1t4.3 2.9 2.9 4.3 1.1 5.2-1.1 5.2-2.9 4.3-4.3 2.9-5.2 1.1q-3.5 0-6.5-1.7l-7.4 2.4 2.4-7.2q-1.9-3.2-1.9-6.9 0-2.7 1.1-5.2t2.9-4.3 4.3-2.9 5.2-1.1z\"\/><\/svg><\/span><\/a><\/li><li class=\"shariff-button pinterest shariff-nocustomcolor\" style=\"background-color:#e70f18\"><a href=\"https:\/\/www.pinterest.com\/pin\/create\/link\/?url=https%3A%2F%2Fwww.weiterbildungsmarkt.net%2Fnews%2Fhays-studie-wissensarbeit-im-digitalen-wandel-8240%2F&media=https%3A%2F%2Fwww.weiterbildungsmarkt.net%2Fnews%2Fwp-content%2Fuploads%2F2017%2F02%2FInfografik2-1.jpg&description=Hays-Studie%3A%20Wissensarbeit%20im%20digitalen%20Wandel\" title=\"Bei Pinterest pinnen\" aria-label=\"Bei Pinterest pinnen\" role=\"button\" rel=\"noopener nofollow\" class=\"shariff-link\" style=\"; background-color:#cb2027; color:#fff\" target=\"_blank\"><span class=\"shariff-icon\" style=\"\"><svg width=\"32px\" height=\"20px\" xmlns=\"http:\/\/www.w3.org\/2000\/svg\" viewBox=\"0 0 27 32\"><path fill=\"#cb2027\" d=\"M27.4 16q0 3.7-1.8 6.9t-5 5-6.9 1.9q-2 0-3.9-0.6 1.1-1.7 1.4-2.9 0.2-0.6 1-3.8 0.4 0.7 1.3 1.2t2 0.5q2.1 0 3.8-1.2t2.7-3.4 0.9-4.8q0-2-1.1-3.8t-3.1-2.9-4.5-1.2q-1.9 0-3.5 0.5t-2.8 1.4-2 2-1.2 2.3-0.4 2.4q0 1.9 0.7 3.3t2.1 2q0.5 0.2 0.7-0.4 0-0.1 0.1-0.5t0.2-0.5q0.1-0.4-0.2-0.8-0.9-1.1-0.9-2.7 0-2.7 1.9-4.6t4.9-2q2.7 0 4.2 1.5t1.5 3.8q0 3-1.2 5.2t-3.1 2.1q-1.1 0-1.7-0.8t-0.4-1.9q0.1-0.6 0.5-1.7t0.5-1.8 0.2-1.4q0-0.9-0.5-1.5t-1.4-0.6q-1.1 0-1.9 1t-0.8 2.6q0 1.3 0.4 2.2l-1.8 7.5q-0.3 1.2-0.2 3.2-3.7-1.6-6-5t-2.3-7.6q0-3.7 1.9-6.9t5-5 6.9-1.9 6.9 1.9 5 5 1.8 6.9z\"\/><\/svg><\/span><\/a><\/li><\/ul><\/div>","protected":false},"excerpt":{"rendered":"<p>Neue digitale Technologien sorgen f\u00fcr eine h\u00f6here Produktivit\u00e4t, konstatieren 57 Prozent der \u00fcber 1.000 befragten Wissensarbeiter der neuen Hays-Studie. Doch gehen diese Produktivit\u00e4tszuw\u00e4chse mit einem erh\u00f6hten Leistungsdruck (59%) und einer st\u00e4rkeren Arbeitsbelastung (58%) einher. Hinzu kommen die vielf\u00e4ltigen Herausforderungen der VUCA-Welt, die f\u00fcr nahezu alle Wissensarbeiter sp\u00fcrbar sind, wie die Studie aufzeigt. Allerdings zeigen sich [&hellip;]<\/p>\n","protected":false},"author":173,"featured_media":4472,"comment_status":"closed","ping_status":"closed","sticky":false,"template":"","format":"standard","meta":{"_acf_changed":false,"footnotes":""},"categories":[371,112,110],"tags":[],"class_list":["post-8240","post","type-post","status-publish","format-standard","has-post-thumbnail","hentry","category-infografik","category-neuigkeiten","category-studien"],"acf":[],"_links":{"self":[{"href":"https:\/\/www.weiterbildungsmarkt.net\/news\/wp-json\/wp\/v2\/posts\/8240","targetHints":{"allow":["GET"]}}],"collection":[{"href":"https:\/\/www.weiterbildungsmarkt.net\/news\/wp-json\/wp\/v2\/posts"}],"about":[{"href":"https:\/\/www.weiterbildungsmarkt.net\/news\/wp-json\/wp\/v2\/types\/post"}],"author":[{"embeddable":true,"href":"https:\/\/www.weiterbildungsmarkt.net\/news\/wp-json\/wp\/v2\/users\/173"}],"replies":[{"embeddable":true,"href":"https:\/\/www.weiterbildungsmarkt.net\/news\/wp-json\/wp\/v2\/comments?post=8240"}],"version-history":[{"count":3,"href":"https:\/\/www.weiterbildungsmarkt.net\/news\/wp-json\/wp\/v2\/posts\/8240\/revisions"}],"predecessor-version":[{"id":8244,"href":"https:\/\/www.weiterbildungsmarkt.net\/news\/wp-json\/wp\/v2\/posts\/8240\/revisions\/8244"}],"wp:featuredmedia":[{"embeddable":true,"href":"https:\/\/www.weiterbildungsmarkt.net\/news\/wp-json\/wp\/v2\/media\/4472"}],"wp:attachment":[{"href":"https:\/\/www.weiterbildungsmarkt.net\/news\/wp-json\/wp\/v2\/media?parent=8240"}],"wp:term":[{"taxonomy":"category","embeddable":true,"href":"https:\/\/www.weiterbildungsmarkt.net\/news\/wp-json\/wp\/v2\/categories?post=8240"},{"taxonomy":"post_tag","embeddable":true,"href":"https:\/\/www.weiterbildungsmarkt.net\/news\/wp-json\/wp\/v2\/tags?post=8240"}],"curies":[{"name":"wp","href":"https:\/\/api.w.org\/{rel}","templated":true}]}}