{"id":8331,"date":"2021-05-05T10:17:43","date_gmt":"2021-05-05T08:17:43","guid":{"rendered":"https:\/\/www.weiterbildungsmarkt.net\/news\/?p=8331"},"modified":"2023-04-24T13:42:54","modified_gmt":"2023-04-24T11:42:54","slug":"weiterbildung-bricht-corona-krise-ein-bedarf-digitalkompetenzen-steigt","status":"publish","type":"post","link":"https:\/\/www.weiterbildungsmarkt.net\/news\/weiterbildung-bricht-corona-krise-ein-bedarf-digitalkompetenzen-steigt-8331\/","title":{"rendered":"Weiterbildung bricht in Corona-Krise ein &#8211; Bedarf an Digitalkompetenzen steigt"},"content":{"rendered":"<p style=\"text-align: justify;\"><strong>&#8211; 38% des Mittelstands reduzieren 2020 Weiterbildung, die H\u00e4lfte davon auf null<\/strong><br \/><br \/>\n<strong>&#8211; Je st\u00e4rker die Krisenbetroffenheit, desto h\u00e4ufiger der R\u00fcckzug<\/strong><br \/><br \/>\n<strong>&#8211; Gr\u00f6\u00dfter Weiterbildungsbedarf bei Digitalkompetenzen &#8211; deutlicher Anstieg in 2020<\/strong><\/p>\n<p style=\"text-align: justify;\">Die betriebliche Weiterbildung im Mittelstand ist im Corona-Jahr 2020 regelrecht eingebrochen: 38% der kleinen und mittleren Unternehmen haben die Weiterbildungsaktivit\u00e4ten f\u00fcr ihre Belegschaft reduziert, gut jedes zweite davon (20%) auf null. Das zeigt eine neue Analyse von KfW Research auf Basis des repr\u00e4sentativen KfW-Mittelstandspanels. Da bei weiteren 29% der Mittelst\u00e4ndler im Jahr 2020 unver\u00e4ndert keine Fortbildung durchgef\u00fchrt wurde, lag die Weiterqualifizierung der Mitarbeiterinnen und Mitarbeiter im vergangenen Jahr bei der H\u00e4lfte aller mittelst\u00e4ndischen Firmen auf Eis &#8211; das sind rund 1,89 Mio. Unternehmen.<\/p>\n<p style=\"text-align: justify;\">Der wesentliche Grund liegt auf der Hand: In der Krise geht es f\u00fcr viele Unternehmen um akute Existenzsicherung. Daher haben kurzfristige Stabilisierungsma\u00dfnahmen Vorrang. Zudem fehlt es durch Umsatzr\u00fcckg\u00e4nge oftmals an den notwendigen Finanzmitteln f\u00fcr Weiterbildungsausgaben. Hinzu kommen fehlende Planungskapazit\u00e4ten und unsichere Zukunftsaussichten &#8211; auch hinsichtlich des Personals. Dementsprechend ist der R\u00fcckzug aus der Weiterbildung bei Unternehmen umso ausgepr\u00e4gter, je st\u00e4rker die Betroffenheit durch die Corona-Krise ist. Von den mittelst\u00e4ndischen Firmen, die sich in ihrer Existenz bedroht sehen (25%), hat jedes zweite die Weiterbildung im vergangenen Jahr eingestellt.<\/p>\n<p style=\"text-align: justify;\">Zus\u00e4tzlich zu diesem Nachfrageschock verursacht die Corona-Pandemie auch einen Angebotsschock: Fortbildungen finden normalerweise weit \u00fcberwiegend als Pr\u00e4senzveranstaltung statt &#8211; was nur schwer mit dem Infektionsschutz vereinbar ist. Digitale Weiterbildungsangebote lassen sich nicht ohne Weiteres beliebig ausweiten. Zudem haben sie neben dem gro\u00dfen Vorteil r\u00e4umlicher und zeitlicher Flexibilit\u00e4t auch Nachteile, die sich als Teilnahmeh\u00fcrde erweisen k\u00f6nnen: Digitale Formate setzen ein gewisses Ma\u00df an technischer Ausstattung, Medienkompetenz und Eigenmotivation voraus<\/p>\n<p style=\"text-align: justify;\">Der Bedarf an Weiterbildung besteht aus Sicht der Unternehmen in der Krise allerdings nahezu unver\u00e4ndert fort. Auf einem Gebiet ist der Weiterbildungsbedarf im Jahr 2020 sogar kr\u00e4ftig gestiegen, wie die KfW-Befragung belegt: bei den Digitalkompetenzen. Knapp die H\u00e4lfte der mittelst\u00e4ndischen Unternehmen (46 %) hat hier zu Beginn des Jahres 2021 mittleren oder gro\u00dfen Bedarf &#8211; und damit mittlerweile mehr als bei den berufsfachlichen Kernkompetenzen (44%) oder jedem anderen Thema. Die F\u00e4higkeiten, die sich hinter dem Begriff &#8222;Digitalkompetenzen&#8220; verbergen, erstrecken sich von der Bedienung von Computern\/Tablets und Standardsoftware, dem Umgang mit sozialen Medien \u00fcber Spezialsoftware und digitale Produktionsmaschinen bis hin zu Programmierkenntnissen und &#8218;Data Science&#8216;. In der Krise r\u00fccken vor allem die grundlegenden, relativ kurzfristig zu erlernenden Digitalkompetenzen in den Vordergrund.<\/p>\n<p style=\"text-align: justify;\">&#8222;Die betriebliche Weiterbildung wurde im Jahr 2020 durch die Corona-Krise hart ausgebremst, weil es vielen Unternehmen an Geld, Zeit und Planungssicherheit mangelt. Kurzfristige Ma\u00dfnahmen zur Stabilisierung von Umsatz und Liquidit\u00e4t haben Vorrang. Aus gesamtwirtschaftlicher Perspektive ist das eine Herausforderung, vor allem, weil wir uns mitten im digitalen Strukturwandel befinden&#8220;, sagt Dr. Fritzi K\u00f6hler-Geib, Chefvolkswirtin der KfW. &#8222;Fehlende Kompetenzen der Besch\u00e4ftigten sind eine der gr\u00f6\u00dften H\u00fcrden der Digitalisierung im Mittelstand. Schon vor der Krise hatte ein Drittel der Unternehmen Engp\u00e4sse bei Digitalkompetenzen. Ohne eine erhebliche Steigerung der Weiterbildungsaktivit\u00e4ten &#8211; am besten noch w\u00e4hrend der Krise &#8211; wird die Wettbewerbsf\u00e4higkeit des Mittelstands Schaden nehmen&#8220;, so K\u00f6hler-Geib. Die Unternehmen seien mehr als zuvor auf Unterst\u00fctzung bei der Weiterbildung angewiesen. &#8222;Hierzu k\u00f6nnte neben F\u00f6rderkrediten und Kostenerstattung auch eine steuerliche F\u00f6rderung von Weiterbildungsausgaben geh\u00f6ren, die Humankapitalinvestitionen analog zu Sachinvestitionen behandelt und Abschreibungen erm\u00f6glicht.&#8220;<\/p>\n<p style=\"text-align: justify;\">Hinweis:<\/p>\n<p style=\"text-align: justify;\">Die aktuelle Analyse von KfW Research zu Weiterbildung und Digitalkompetenzen ist abrufbar unter www.kfw.de\/fokus<\/p>\n<p style=\"text-align: justify;\">Zum Datenhintergrund:<\/p>\n<p style=\"text-align: justify;\">Die aktuelle Analyse basiert auf einer Sonderbefragungen im Rahmen des repr\u00e4sentativem KfW-Mittelstandspanels, die vom 12.-22.01.2021 durchgef\u00fchrt wurde. Hierf\u00fcr wurden durch die GfK SE im Auftrag der KfW s\u00e4mtliche Unternehmen, die bereits fr\u00fcher an einer Welle des KfW-Mittelstandspanels teilgenommen hatten und von denen eine valide E-Mail-Adresse vorliegt, online befragt. Insgesamt konnten Antworten von ca. 2.800 Unternehmen ber\u00fccksichtigt werden. Aufgrund der Anbindung an den Grunddatensatz des KfW-Mittelstandspanels erlauben die Daten f\u00fcr den Mittelstand repr\u00e4sentative Auswertungen.<\/p>\n<p style=\"text-align: justify;\">Quelle: Presseportal.de<\/p>\n<div class=\"shariff shariff-align-flex-start shariff-widget-align-flex-start\"><ul class=\"shariff-buttons theme-round orientation-horizontal buttonsize-medium\"><li class=\"shariff-button facebook shariff-nocustomcolor\" style=\"background-color:#4273c8\"><a href=\"https:\/\/www.facebook.com\/sharer\/sharer.php?u=https%3A%2F%2Fwww.weiterbildungsmarkt.net%2Fnews%2Fweiterbildung-bricht-corona-krise-ein-bedarf-digitalkompetenzen-steigt-8331%2F\" title=\"Bei Facebook teilen\" aria-label=\"Bei Facebook teilen\" role=\"button\" rel=\"nofollow\" class=\"shariff-link external external_icon\" style=\"; background-color:#3b5998; color:#fff\" target=\"_blank\"><span class=\"shariff-icon\" style=\"\"><svg width=\"32px\" height=\"20px\" xmlns=\"http:\/\/www.w3.org\/2000\/svg\" viewBox=\"0 0 18 32\"><path fill=\"#3b5998\" d=\"M17.1 0.2v4.7h-2.8q-1.5 0-2.1 0.6t-0.5 1.9v3.4h5.2l-0.7 5.3h-4.5v13.6h-5.5v-13.6h-4.5v-5.3h4.5v-3.9q0-3.3 1.9-5.2t5-1.8q2.6 0 4.1 0.2z\"\/><\/svg><\/span><\/a><\/li><li class=\"shariff-button twitter shariff-nocustomcolor\" style=\"background-color:#595959\"><a href=\"https:\/\/twitter.com\/share?url=https%3A%2F%2Fwww.weiterbildungsmarkt.net%2Fnews%2Fweiterbildung-bricht-corona-krise-ein-bedarf-digitalkompetenzen-steigt-8331%2F&text=Weiterbildung%20bricht%20in%20Corona-Krise%20ein%20%E2%80%93%20Bedarf%20an%20Digitalkompetenzen%20steigt\" title=\"Bei X teilen\" aria-label=\"Bei X teilen\" role=\"button\" rel=\"noopener nofollow\" class=\"shariff-link\" style=\"; background-color:#000; color:#fff\" target=\"_blank\"><span class=\"shariff-icon\" style=\"\"><svg width=\"32px\" height=\"20px\" xmlns=\"http:\/\/www.w3.org\/2000\/svg\" viewBox=\"0 0 24 24\"><path fill=\"#000\" d=\"M14.258 10.152L23.176 0h-2.113l-7.747 8.813L7.133 0H0l9.352 13.328L0 23.973h2.113l8.176-9.309 6.531 9.309h7.133zm-2.895 3.293l-.949-1.328L2.875 1.56h3.246l6.086 8.523.945 1.328 7.91 11.078h-3.246zm0 0\"\/><\/svg><\/span><\/a><\/li><li class=\"shariff-button xing shariff-nocustomcolor\" style=\"background-color:#29888a\"><a href=\"https:\/\/www.xing.com\/spi\/shares\/new?url=https%3A%2F%2Fwww.weiterbildungsmarkt.net%2Fnews%2Fweiterbildung-bricht-corona-krise-ein-bedarf-digitalkompetenzen-steigt-8331%2F\" title=\"Bei XING teilen\" aria-label=\"Bei XING teilen\" role=\"button\" rel=\"noopener nofollow\" class=\"shariff-link external external_icon\" style=\"; background-color:#126567; color:#fff\" target=\"_blank\"><span class=\"shariff-icon\" style=\"\"><svg width=\"32px\" height=\"20px\" xmlns=\"http:\/\/www.w3.org\/2000\/svg\" viewBox=\"0 0 25 32\"><path fill=\"#126567\" d=\"M10.7 11.9q-0.2 0.3-4.6 8.2-0.5 0.8-1.2 0.8h-4.3q-0.4 0-0.5-0.3t0-0.6l4.5-8q0 0 0 0l-2.9-5q-0.2-0.4 0-0.7 0.2-0.3 0.5-0.3h4.3q0.7 0 1.2 0.8zM25.1 0.4q0.2 0.3 0 0.7l-9.4 16.7 6 11q0.2 0.4 0 0.6-0.2 0.3-0.6 0.3h-4.3q-0.7 0-1.2-0.8l-6-11.1q0.3-0.6 9.5-16.8 0.4-0.8 1.2-0.8h4.3q0.4 0 0.5 0.3z\"\/><\/svg><\/span><\/a><\/li><li class=\"shariff-button linkedin shariff-nocustomcolor\" style=\"background-color:#1488bf\"><a href=\"https:\/\/www.linkedin.com\/sharing\/share-offsite\/?url=https%3A%2F%2Fwww.weiterbildungsmarkt.net%2Fnews%2Fweiterbildung-bricht-corona-krise-ein-bedarf-digitalkompetenzen-steigt-8331%2F\" title=\"Bei LinkedIn teilen\" aria-label=\"Bei LinkedIn teilen\" role=\"button\" rel=\"noopener nofollow\" class=\"shariff-link external external_icon\" style=\"; background-color:#0077b5; color:#fff\" target=\"_blank\"><span class=\"shariff-icon\" style=\"\"><svg width=\"32px\" height=\"20px\" xmlns=\"http:\/\/www.w3.org\/2000\/svg\" viewBox=\"0 0 27 32\"><path fill=\"#0077b5\" d=\"M6.2 11.2v17.7h-5.9v-17.7h5.9zM6.6 5.7q0 1.3-0.9 2.2t-2.4 0.9h0q-1.5 0-2.4-0.9t-0.9-2.2 0.9-2.2 2.4-0.9 2.4 0.9 0.9 2.2zM27.4 18.7v10.1h-5.9v-9.5q0-1.9-0.7-2.9t-2.3-1.1q-1.1 0-1.9 0.6t-1.2 1.5q-0.2 0.5-0.2 1.4v9.9h-5.9q0-7.1 0-11.6t0-5.3l0-0.9h5.9v2.6h0q0.4-0.6 0.7-1t1-0.9 1.6-0.8 2-0.3q3 0 4.9 2t1.9 6z\"\/><\/svg><\/span><\/a><\/li><li class=\"shariff-button whatsapp shariff-nocustomcolor\" style=\"background-color:#5cbe4a\"><a href=\"https:\/\/api.whatsapp.com\/send?text=https%3A%2F%2Fwww.weiterbildungsmarkt.net%2Fnews%2Fweiterbildung-bricht-corona-krise-ein-bedarf-digitalkompetenzen-steigt-8331%2F%20Weiterbildung%20bricht%20in%20Corona-Krise%20ein%20%E2%80%93%20Bedarf%20an%20Digitalkompetenzen%20steigt\" title=\"Bei Whatsapp teilen\" aria-label=\"Bei Whatsapp teilen\" role=\"button\" rel=\"noopener nofollow\" class=\"shariff-link external external_icon\" style=\"; background-color:#34af23; color:#fff\" target=\"_blank\"><span class=\"shariff-icon\" style=\"\"><svg width=\"32px\" height=\"20px\" xmlns=\"http:\/\/www.w3.org\/2000\/svg\" viewBox=\"0 0 32 32\"><path fill=\"#34af23\" d=\"M17.6 17.4q0.2 0 1.7 0.8t1.6 0.9q0 0.1 0 0.3 0 0.6-0.3 1.4-0.3 0.7-1.3 1.2t-1.8 0.5q-1 0-3.4-1.1-1.7-0.8-3-2.1t-2.6-3.3q-1.3-1.9-1.3-3.5v-0.1q0.1-1.6 1.3-2.8 0.4-0.4 0.9-0.4 0.1 0 0.3 0t0.3 0q0.3 0 0.5 0.1t0.3 0.5q0.1 0.4 0.6 1.6t0.4 1.3q0 0.4-0.6 1t-0.6 0.8q0 0.1 0.1 0.3 0.6 1.3 1.8 2.4 1 0.9 2.7 1.8 0.2 0.1 0.4 0.1 0.3 0 1-0.9t0.9-0.9zM14 26.9q2.3 0 4.3-0.9t3.6-2.4 2.4-3.6 0.9-4.3-0.9-4.3-2.4-3.6-3.6-2.4-4.3-0.9-4.3 0.9-3.6 2.4-2.4 3.6-0.9 4.3q0 3.6 2.1 6.6l-1.4 4.2 4.3-1.4q2.8 1.9 6.2 1.9zM14 2.2q2.7 0 5.2 1.1t4.3 2.9 2.9 4.3 1.1 5.2-1.1 5.2-2.9 4.3-4.3 2.9-5.2 1.1q-3.5 0-6.5-1.7l-7.4 2.4 2.4-7.2q-1.9-3.2-1.9-6.9 0-2.7 1.1-5.2t2.9-4.3 4.3-2.9 5.2-1.1z\"\/><\/svg><\/span><\/a><\/li><li class=\"shariff-button pinterest shariff-nocustomcolor\" style=\"background-color:#e70f18\"><a href=\"https:\/\/www.pinterest.com\/pin\/create\/link\/?url=https%3A%2F%2Fwww.weiterbildungsmarkt.net%2Fnews%2Fweiterbildung-bricht-corona-krise-ein-bedarf-digitalkompetenzen-steigt-8331%2F&media=https%3A%2F%2Fwww.weiterbildungsmarkt.net%2Fnews%2Fwp-content%2Fuploads%2F2017%2F11%2FNT174.png&description=Weiterbildung%20bricht%20in%20Corona-Krise%20ein%20%E2%80%93%20Bedarf%20an%20Digitalkompetenzen%20steigt\" title=\"Bei Pinterest pinnen\" aria-label=\"Bei Pinterest pinnen\" role=\"button\" rel=\"noopener nofollow\" class=\"shariff-link\" style=\"; background-color:#cb2027; color:#fff\" target=\"_blank\"><span class=\"shariff-icon\" style=\"\"><svg width=\"32px\" height=\"20px\" xmlns=\"http:\/\/www.w3.org\/2000\/svg\" viewBox=\"0 0 27 32\"><path fill=\"#cb2027\" d=\"M27.4 16q0 3.7-1.8 6.9t-5 5-6.9 1.9q-2 0-3.9-0.6 1.1-1.7 1.4-2.9 0.2-0.6 1-3.8 0.4 0.7 1.3 1.2t2 0.5q2.1 0 3.8-1.2t2.7-3.4 0.9-4.8q0-2-1.1-3.8t-3.1-2.9-4.5-1.2q-1.9 0-3.5 0.5t-2.8 1.4-2 2-1.2 2.3-0.4 2.4q0 1.9 0.7 3.3t2.1 2q0.5 0.2 0.7-0.4 0-0.1 0.1-0.5t0.2-0.5q0.1-0.4-0.2-0.8-0.9-1.1-0.9-2.7 0-2.7 1.9-4.6t4.9-2q2.7 0 4.2 1.5t1.5 3.8q0 3-1.2 5.2t-3.1 2.1q-1.1 0-1.7-0.8t-0.4-1.9q0.1-0.6 0.5-1.7t0.5-1.8 0.2-1.4q0-0.9-0.5-1.5t-1.4-0.6q-1.1 0-1.9 1t-0.8 2.6q0 1.3 0.4 2.2l-1.8 7.5q-0.3 1.2-0.2 3.2-3.7-1.6-6-5t-2.3-7.6q0-3.7 1.9-6.9t5-5 6.9-1.9 6.9 1.9 5 5 1.8 6.9z\"\/><\/svg><\/span><\/a><\/li><\/ul><\/div>","protected":false},"excerpt":{"rendered":"<p>&#8211; 38% des Mittelstands reduzieren 2020 Weiterbildung, die H\u00e4lfte davon auf null &#8211; Je st\u00e4rker die Krisenbetroffenheit, desto h\u00e4ufiger der R\u00fcckzug &#8211; Gr\u00f6\u00dfter Weiterbildungsbedarf bei Digitalkompetenzen &#8211; deutlicher Anstieg in 2020 Die betriebliche Weiterbildung im Mittelstand ist im Corona-Jahr 2020 regelrecht eingebrochen: 38% der kleinen und mittleren Unternehmen haben die Weiterbildungsaktivit\u00e4ten f\u00fcr ihre Belegschaft reduziert, [&hellip;]<\/p>\n","protected":false},"author":192,"featured_media":6108,"comment_status":"closed","ping_status":"closed","sticky":false,"template":"","format":"standard","meta":{"_acf_changed":false,"footnotes":""},"categories":[1,112,110],"tags":[],"class_list":["post-8331","post","type-post","status-publish","format-standard","has-post-thumbnail","hentry","category-weiterbildung","category-neuigkeiten","category-studien"],"acf":[],"_links":{"self":[{"href":"https:\/\/www.weiterbildungsmarkt.net\/news\/wp-json\/wp\/v2\/posts\/8331","targetHints":{"allow":["GET"]}}],"collection":[{"href":"https:\/\/www.weiterbildungsmarkt.net\/news\/wp-json\/wp\/v2\/posts"}],"about":[{"href":"https:\/\/www.weiterbildungsmarkt.net\/news\/wp-json\/wp\/v2\/types\/post"}],"author":[{"embeddable":true,"href":"https:\/\/www.weiterbildungsmarkt.net\/news\/wp-json\/wp\/v2\/users\/192"}],"replies":[{"embeddable":true,"href":"https:\/\/www.weiterbildungsmarkt.net\/news\/wp-json\/wp\/v2\/comments?post=8331"}],"version-history":[{"count":2,"href":"https:\/\/www.weiterbildungsmarkt.net\/news\/wp-json\/wp\/v2\/posts\/8331\/revisions"}],"predecessor-version":[{"id":9017,"href":"https:\/\/www.weiterbildungsmarkt.net\/news\/wp-json\/wp\/v2\/posts\/8331\/revisions\/9017"}],"wp:featuredmedia":[{"embeddable":true,"href":"https:\/\/www.weiterbildungsmarkt.net\/news\/wp-json\/wp\/v2\/media\/6108"}],"wp:attachment":[{"href":"https:\/\/www.weiterbildungsmarkt.net\/news\/wp-json\/wp\/v2\/media?parent=8331"}],"wp:term":[{"taxonomy":"category","embeddable":true,"href":"https:\/\/www.weiterbildungsmarkt.net\/news\/wp-json\/wp\/v2\/categories?post=8331"},{"taxonomy":"post_tag","embeddable":true,"href":"https:\/\/www.weiterbildungsmarkt.net\/news\/wp-json\/wp\/v2\/tags?post=8331"}],"curies":[{"name":"wp","href":"https:\/\/api.w.org\/{rel}","templated":true}]}}