{"id":8379,"date":"2021-07-07T11:14:07","date_gmt":"2021-07-07T09:14:07","guid":{"rendered":"https:\/\/www.weiterbildungsmarkt.net\/news\/?p=8379"},"modified":"2021-06-09T11:23:24","modified_gmt":"2021-06-09T09:23:24","slug":"neues-buch-ein-kompass-fuer-die-e-learning-welt-von-morgen","status":"publish","type":"post","link":"https:\/\/www.weiterbildungsmarkt.net\/news\/neues-buch-ein-kompass-fuer-die-e-learning-welt-von-morgen-8379\/","title":{"rendered":"Neues Buch: Ein Kompass f\u00fcr die E-Learning-Welt von morgen"},"content":{"rendered":"<p style=\"text-align: justify;\"><strong>In ihrem neuen Buch beschreibt Sabine Prohaska, wie man moderne E- und Blended-Learning-Konzepte entwickelt und welche Kompetenzen Trainer f\u00fcr deren Realisierung brauchen.<\/strong><\/p>\n<p style=\"text-align: justify;\">\u201eTraining und Seminare im digitalen Wandel: Der E-Learning-Kompass f\u00fcr erfolgreiche Schulungskonzepte\u201c \u2013 so lautet der Titel eines neuen Buchs der Wiener Wirtschaftspsychologin Sabine Prohaska, das im Junfermann-Verlag erschienen ist. In ihm erl\u00e4utert die Trainer- und Coach-Ausbilderin, die auch Unternehmen beim Entwickeln einer neuen Lernkultur unterst\u00fctzt, was es beim Entwickeln von digitalen Lernkonzepten und Blended-Learning-Konzepten, die das Online-Lernen mit dem Pr\u00e4senzlernen verkn\u00fcpfen, zu beachten gilt. Au\u00dferdem beschreibt sie, wie sich in dem neuen Lernumfeld die Rolle der Trainer und Coaches bzw. der Lernunterst\u00fctzer wandelt und welche neuen Kompetenzen diese brauchen.<\/p>\n<p style=\"text-align: justify;\">Das 176-seitige Buch ist in sechs Kapitel gegliedert, auf die ein umfangreicher Anhang mit Materialen wie Checklisten und How-to-do-Listen folgt. Das erste Kapitel tr\u00e4gt die \u00dcberschrift \u201eLernen im digitalen Wandel \u2013 anderes Denken und Handeln\u201c. In ihm erl\u00e4utert die Autorin, warum der Bildungs- und Weiterbildungssektor zurzeit einen radikalen Wandel durchl\u00e4uft und warum die Kombination von Online- und Pr\u00e4senzlernen k\u00fcnftig zumindest im betrieblichen Kontext das neue Normal sein wird. In Kapitel 2 \u201eBlickrichtung Lernarchitektur\u201c schildert sie dann, welche Anforderungen k\u00fcnftig moderne Lernarrangements erf\u00fcllen m\u00fcssen. Zudem beschreibt sie detailliert, wie man Schritt f\u00fcr Schritt von der Grob- und Feinkonzept- sowie Materialienerstellung hin zum fertigen Lernkonzept im Lernmanagementsystem gelangt, mit dem die Lerner zum Beispiel aufgrund des praktizierten Gamification-Ansatzes gerne lernen.<\/p>\n<p style=\"text-align: justify;\">In Kapitel 3 \u201eBlickrichtung Trainerrolle\u201c schildert Prohaska, wie sich durch die fortschreitende Digitalisierung des Lehr- und Lernprozesses auch die Trainerrolle wandelt und welche neuen Kompetenzen Trainer k\u00fcnftig brauchen \u2013 nicht nur im Digitalbereich, sondern auch im didaktischen und kommunikativen Bereich, wenn sie den Rollenwechsel vom reinen Pr\u00e4senz- hin zum Online- und Blended-Learning-Trainer vollziehen m\u00f6chten. In diese Schilderung flie\u00dfen auch ihre Erfahrungen aus den Blended-Learning-Trainer-Ausbildungen ihres Unternehmens Seminar Consult Prohaska ein. Diese Ausbildung wurde mit dem BDVT-Trainingspreis in Gold ausgezeichnet.<\/p>\n<p style=\"text-align: justify;\">In Kapitel 4 \u201eBlickrichtung Unternehmenskultur\u201c schildert die Wirtschaftspsychologin dann, welche strukturellen und kulturellen Rahmenbedingungen in Unternehmen gegeben sein m\u00fcssen, damit sich in ihnen eine Lernkultur entwickeln kann, in der das Lernen ein Teil des Arbeitsalltags ist und die Mitarbeiter weitgehend eigenst\u00e4ndig mit Hilfe der ihnen zur Verf\u00fcgung gestellten digitalen Lerntools lernen; au\u00dferdem, was dies f\u00fcr die Personalentwicklung bedeutet. In Kapitel 5 richtet Sabine Prohaska ihren Blick dann auf die genutzte Technik und beschreibt unter anderem, was Unternehmen bei der Auswahl und Administration der genutzten Lernplattform beachten sollten. Dabei ist es der Autorin wichtig, dass bei allen Planungs- und Umsetzungsprozessen nie der Faktor Mensch aus dem Blick ger\u00e4t. Folgerichtig tr\u00e4gt denn auch das sechste und letzte Kapitel die \u00dcberschrift \u201eder Mensch im Mittelpunkt&#8220;. In ihm schildert sie nochmals, welche menschlichen Bed\u00fcrfnisse moderne Lern-und Qualifizierungskonzepte erf\u00fcllen m\u00fcssen, damit sie bei den Adressaten auf Akzeptanz sto\u00dfen und die gew\u00fcnschte Wirkung entfalten.<\/p>\n<p style=\"text-align: justify;\"><strong>Das Buch \u201e<a href=\"https:\/\/amzn.to\/3cw7uH0\" target=\"_blank\" rel=\"noopener nofollow\" class=\"external external_icon\">Training und Seminare im digitalen Wandel<\/a>: \u2026\u201c<\/strong> kostet 29 Euro. Die gedruckten B\u00fccher enthalten alle einen Code, der es den K\u00e4ufern zudem erm\u00f6glicht, sich kostenlos das zugeh\u00f6rige E-Book, in einem von ihnen gew\u00e4hlten Format herunterzuladen.<\/p>\n<div class=\"shariff shariff-align-left shariff-widget-align-left\"><ul class=\"shariff-buttons theme-round orientation-horizontal buttonsize-medium\"><li class=\"shariff-button facebook shariff-nocustomcolor\" style=\"background-color:#4273c8\"><a href=\"https:\/\/www.facebook.com\/sharer\/sharer.php?u=https%3A%2F%2Fwww.weiterbildungsmarkt.net%2Fnews%2Fneues-buch-ein-kompass-fuer-die-e-learning-welt-von-morgen-8379%2F\" title=\"Bei Facebook teilen\" aria-label=\"Bei Facebook teilen\" role=\"button\" rel=\"nofollow\" class=\"shariff-link external external_icon\" style=\"; background-color:#3b5998; color:#fff\" target=\"_blank\"><span class=\"shariff-icon\" style=\"\"><svg width=\"32px\" height=\"20px\" xmlns=\"http:\/\/www.w3.org\/2000\/svg\" viewBox=\"0 0 18 32\"><path fill=\"#3b5998\" d=\"M17.1 0.2v4.7h-2.8q-1.5 0-2.1 0.6t-0.5 1.9v3.4h5.2l-0.7 5.3h-4.5v13.6h-5.5v-13.6h-4.5v-5.3h4.5v-3.9q0-3.3 1.9-5.2t5-1.8q2.6 0 4.1 0.2z\"\/><\/svg><\/span><\/a><\/li><li class=\"shariff-button twitter shariff-nocustomcolor\" style=\"background-color:#595959\"><a href=\"https:\/\/twitter.com\/share?url=https%3A%2F%2Fwww.weiterbildungsmarkt.net%2Fnews%2Fneues-buch-ein-kompass-fuer-die-e-learning-welt-von-morgen-8379%2F&text=Neues%20Buch%3A%20Ein%20Kompass%20f%C3%BCr%20die%20E-Learning-Welt%20von%20morgen\" title=\"Bei X teilen\" aria-label=\"Bei X teilen\" role=\"button\" rel=\"noopener nofollow\" class=\"shariff-link\" style=\"; background-color:#000; color:#fff\" target=\"_blank\"><span class=\"shariff-icon\" style=\"\"><svg width=\"32px\" height=\"20px\" xmlns=\"http:\/\/www.w3.org\/2000\/svg\" viewBox=\"0 0 24 24\"><path fill=\"#000\" d=\"M14.258 10.152L23.176 0h-2.113l-7.747 8.813L7.133 0H0l9.352 13.328L0 23.973h2.113l8.176-9.309 6.531 9.309h7.133zm-2.895 3.293l-.949-1.328L2.875 1.56h3.246l6.086 8.523.945 1.328 7.91 11.078h-3.246zm0 0\"\/><\/svg><\/span><\/a><\/li><li class=\"shariff-button xing shariff-nocustomcolor\" style=\"background-color:#29888a\"><a href=\"https:\/\/www.xing.com\/spi\/shares\/new?url=https%3A%2F%2Fwww.weiterbildungsmarkt.net%2Fnews%2Fneues-buch-ein-kompass-fuer-die-e-learning-welt-von-morgen-8379%2F\" title=\"Bei XING teilen\" aria-label=\"Bei XING teilen\" role=\"button\" rel=\"noopener nofollow\" class=\"shariff-link external external_icon\" style=\"; background-color:#126567; color:#fff\" target=\"_blank\"><span class=\"shariff-icon\" style=\"\"><svg width=\"32px\" height=\"20px\" xmlns=\"http:\/\/www.w3.org\/2000\/svg\" viewBox=\"0 0 25 32\"><path fill=\"#126567\" d=\"M10.7 11.9q-0.2 0.3-4.6 8.2-0.5 0.8-1.2 0.8h-4.3q-0.4 0-0.5-0.3t0-0.6l4.5-8q0 0 0 0l-2.9-5q-0.2-0.4 0-0.7 0.2-0.3 0.5-0.3h4.3q0.7 0 1.2 0.8zM25.1 0.4q0.2 0.3 0 0.7l-9.4 16.7 6 11q0.2 0.4 0 0.6-0.2 0.3-0.6 0.3h-4.3q-0.7 0-1.2-0.8l-6-11.1q0.3-0.6 9.5-16.8 0.4-0.8 1.2-0.8h4.3q0.4 0 0.5 0.3z\"\/><\/svg><\/span><\/a><\/li><li class=\"shariff-button linkedin shariff-nocustomcolor\" style=\"background-color:#1488bf\"><a href=\"https:\/\/www.linkedin.com\/sharing\/share-offsite\/?url=https%3A%2F%2Fwww.weiterbildungsmarkt.net%2Fnews%2Fneues-buch-ein-kompass-fuer-die-e-learning-welt-von-morgen-8379%2F\" title=\"Bei LinkedIn teilen\" aria-label=\"Bei LinkedIn teilen\" role=\"button\" rel=\"noopener nofollow\" class=\"shariff-link external external_icon\" style=\"; background-color:#0077b5; color:#fff\" target=\"_blank\"><span class=\"shariff-icon\" style=\"\"><svg width=\"32px\" height=\"20px\" xmlns=\"http:\/\/www.w3.org\/2000\/svg\" viewBox=\"0 0 27 32\"><path fill=\"#0077b5\" d=\"M6.2 11.2v17.7h-5.9v-17.7h5.9zM6.6 5.7q0 1.3-0.9 2.2t-2.4 0.9h0q-1.5 0-2.4-0.9t-0.9-2.2 0.9-2.2 2.4-0.9 2.4 0.9 0.9 2.2zM27.4 18.7v10.1h-5.9v-9.5q0-1.9-0.7-2.9t-2.3-1.1q-1.1 0-1.9 0.6t-1.2 1.5q-0.2 0.5-0.2 1.4v9.9h-5.9q0-7.1 0-11.6t0-5.3l0-0.9h5.9v2.6h0q0.4-0.6 0.7-1t1-0.9 1.6-0.8 2-0.3q3 0 4.9 2t1.9 6z\"\/><\/svg><\/span><\/a><\/li><li class=\"shariff-button whatsapp shariff-nocustomcolor\" style=\"background-color:#5cbe4a\"><a href=\"https:\/\/api.whatsapp.com\/send?text=https%3A%2F%2Fwww.weiterbildungsmarkt.net%2Fnews%2Fneues-buch-ein-kompass-fuer-die-e-learning-welt-von-morgen-8379%2F%20Neues%20Buch%3A%20Ein%20Kompass%20f%C3%BCr%20die%20E-Learning-Welt%20von%20morgen\" title=\"Bei Whatsapp teilen\" aria-label=\"Bei Whatsapp teilen\" role=\"button\" rel=\"noopener nofollow\" class=\"shariff-link external external_icon\" style=\"; background-color:#34af23; color:#fff\" target=\"_blank\"><span class=\"shariff-icon\" style=\"\"><svg width=\"32px\" height=\"20px\" xmlns=\"http:\/\/www.w3.org\/2000\/svg\" viewBox=\"0 0 32 32\"><path fill=\"#34af23\" d=\"M17.6 17.4q0.2 0 1.7 0.8t1.6 0.9q0 0.1 0 0.3 0 0.6-0.3 1.4-0.3 0.7-1.3 1.2t-1.8 0.5q-1 0-3.4-1.1-1.7-0.8-3-2.1t-2.6-3.3q-1.3-1.9-1.3-3.5v-0.1q0.1-1.6 1.3-2.8 0.4-0.4 0.9-0.4 0.1 0 0.3 0t0.3 0q0.3 0 0.5 0.1t0.3 0.5q0.1 0.4 0.6 1.6t0.4 1.3q0 0.4-0.6 1t-0.6 0.8q0 0.1 0.1 0.3 0.6 1.3 1.8 2.4 1 0.9 2.7 1.8 0.2 0.1 0.4 0.1 0.3 0 1-0.9t0.9-0.9zM14 26.9q2.3 0 4.3-0.9t3.6-2.4 2.4-3.6 0.9-4.3-0.9-4.3-2.4-3.6-3.6-2.4-4.3-0.9-4.3 0.9-3.6 2.4-2.4 3.6-0.9 4.3q0 3.6 2.1 6.6l-1.4 4.2 4.3-1.4q2.8 1.9 6.2 1.9zM14 2.2q2.7 0 5.2 1.1t4.3 2.9 2.9 4.3 1.1 5.2-1.1 5.2-2.9 4.3-4.3 2.9-5.2 1.1q-3.5 0-6.5-1.7l-7.4 2.4 2.4-7.2q-1.9-3.2-1.9-6.9 0-2.7 1.1-5.2t2.9-4.3 4.3-2.9 5.2-1.1z\"\/><\/svg><\/span><\/a><\/li><li class=\"shariff-button pinterest shariff-nocustomcolor\" style=\"background-color:#e70f18\"><a href=\"https:\/\/www.pinterest.com\/pin\/create\/link\/?url=https%3A%2F%2Fwww.weiterbildungsmarkt.net%2Fnews%2Fneues-buch-ein-kompass-fuer-die-e-learning-welt-von-morgen-8379%2F&media=https%3A%2F%2Fwww.weiterbildungsmarkt.net%2Fnews%2Fwp-content%2Fuploads%2F2017%2F11%2FNT174.png&description=Neues%20Buch%3A%20Ein%20Kompass%20f%C3%BCr%20die%20E-Learning-Welt%20von%20morgen\" title=\"Bei Pinterest pinnen\" aria-label=\"Bei Pinterest pinnen\" role=\"button\" rel=\"noopener nofollow\" class=\"shariff-link\" style=\"; background-color:#cb2027; color:#fff\" target=\"_blank\"><span class=\"shariff-icon\" style=\"\"><svg width=\"32px\" height=\"20px\" xmlns=\"http:\/\/www.w3.org\/2000\/svg\" viewBox=\"0 0 27 32\"><path fill=\"#cb2027\" d=\"M27.4 16q0 3.7-1.8 6.9t-5 5-6.9 1.9q-2 0-3.9-0.6 1.1-1.7 1.4-2.9 0.2-0.6 1-3.8 0.4 0.7 1.3 1.2t2 0.5q2.1 0 3.8-1.2t2.7-3.4 0.9-4.8q0-2-1.1-3.8t-3.1-2.9-4.5-1.2q-1.9 0-3.5 0.5t-2.8 1.4-2 2-1.2 2.3-0.4 2.4q0 1.9 0.7 3.3t2.1 2q0.5 0.2 0.7-0.4 0-0.1 0.1-0.5t0.2-0.5q0.1-0.4-0.2-0.8-0.9-1.1-0.9-2.7 0-2.7 1.9-4.6t4.9-2q2.7 0 4.2 1.5t1.5 3.8q0 3-1.2 5.2t-3.1 2.1q-1.1 0-1.7-0.8t-0.4-1.9q0.1-0.6 0.5-1.7t0.5-1.8 0.2-1.4q0-0.9-0.5-1.5t-1.4-0.6q-1.1 0-1.9 1t-0.8 2.6q0 1.3 0.4 2.2l-1.8 7.5q-0.3 1.2-0.2 3.2-3.7-1.6-6-5t-2.3-7.6q0-3.7 1.9-6.9t5-5 6.9-1.9 6.9 1.9 5 5 1.8 6.9z\"\/><\/svg><\/span><\/a><\/li><\/ul><\/div>","protected":false},"excerpt":{"rendered":"<p>In ihrem neuen Buch beschreibt Sabine Prohaska, wie man moderne E- und Blended-Learning-Konzepte entwickelt und welche Kompetenzen Trainer f\u00fcr deren Realisierung brauchen. \u201eTraining und Seminare im digitalen Wandel: Der E-Learning-Kompass f\u00fcr erfolgreiche Schulungskonzepte\u201c \u2013 so lautet der Titel eines neuen Buchs der Wiener Wirtschaftspsychologin Sabine Prohaska, das im Junfermann-Verlag erschienen ist. In ihm erl\u00e4utert die [&hellip;]<\/p>\n","protected":false},"author":192,"featured_media":6108,"comment_status":"closed","ping_status":"closed","sticky":false,"template":"","format":"standard","meta":{"_acf_changed":false,"footnotes":""},"categories":[112,1],"tags":[],"class_list":["post-8379","post","type-post","status-publish","format-standard","has-post-thumbnail","hentry","category-neuigkeiten","category-weiterbildung"],"acf":[],"_links":{"self":[{"href":"https:\/\/www.weiterbildungsmarkt.net\/news\/wp-json\/wp\/v2\/posts\/8379","targetHints":{"allow":["GET"]}}],"collection":[{"href":"https:\/\/www.weiterbildungsmarkt.net\/news\/wp-json\/wp\/v2\/posts"}],"about":[{"href":"https:\/\/www.weiterbildungsmarkt.net\/news\/wp-json\/wp\/v2\/types\/post"}],"author":[{"embeddable":true,"href":"https:\/\/www.weiterbildungsmarkt.net\/news\/wp-json\/wp\/v2\/users\/192"}],"replies":[{"embeddable":true,"href":"https:\/\/www.weiterbildungsmarkt.net\/news\/wp-json\/wp\/v2\/comments?post=8379"}],"version-history":[{"count":1,"href":"https:\/\/www.weiterbildungsmarkt.net\/news\/wp-json\/wp\/v2\/posts\/8379\/revisions"}],"predecessor-version":[{"id":8380,"href":"https:\/\/www.weiterbildungsmarkt.net\/news\/wp-json\/wp\/v2\/posts\/8379\/revisions\/8380"}],"wp:featuredmedia":[{"embeddable":true,"href":"https:\/\/www.weiterbildungsmarkt.net\/news\/wp-json\/wp\/v2\/media\/6108"}],"wp:attachment":[{"href":"https:\/\/www.weiterbildungsmarkt.net\/news\/wp-json\/wp\/v2\/media?parent=8379"}],"wp:term":[{"taxonomy":"category","embeddable":true,"href":"https:\/\/www.weiterbildungsmarkt.net\/news\/wp-json\/wp\/v2\/categories?post=8379"},{"taxonomy":"post_tag","embeddable":true,"href":"https:\/\/www.weiterbildungsmarkt.net\/news\/wp-json\/wp\/v2\/tags?post=8379"}],"curies":[{"name":"wp","href":"https:\/\/api.w.org\/{rel}","templated":true}]}}