{"id":9273,"date":"2024-03-05T10:51:06","date_gmt":"2024-03-05T09:51:06","guid":{"rendered":"https:\/\/www.weiterbildungsmarkt.net\/news\/?p=9273"},"modified":"2024-02-15T11:53:13","modified_gmt":"2024-02-15T10:53:13","slug":"die-acht-wichtigsten-trends-fuer-das-hr-management","status":"publish","type":"post","link":"https:\/\/www.weiterbildungsmarkt.net\/news\/die-acht-wichtigsten-trends-fuer-das-hr-management-9273\/","title":{"rendered":"Die acht wichtigsten Trends f\u00fcr das HR-Management"},"content":{"rendered":"<p style=\"text-align: justify;\">2024 wird ein Jahr der konjunkturellen Ungewissheit in Deutschland. Die Prognosen der Analysten schwanken zwischen Stagnation und Rezession. Auf den deutschen Mittelstand wirkt sich diese Entwicklung je nach Branche und Gesch\u00e4ftsmodell h\u00f6chst unterschiedlich aus: Manche Unternehmen bauen bereits Personal ab, in anderen herrscht Einstellungsstopp, andernorts sind weiterhin dutzende Stellen zu besetzen. F\u00fcr Personalleiter ergibt sich daraus die Herausforderung, flexibel auf entstehenden Anpassungsbedarf zu reagieren und gleichzeitig eine solide Grundlage f\u00fcr die k\u00fcnftige Wachstumsf\u00e4higkeit zu schaffen. HR-Verantwortliche m\u00fcssen daher einerseits ihre Kosten managen und andererseits ihre Gesch\u00e4ftsf\u00fchrungen davon \u00fcberzeugen, dass sich Leistungs- und Wissenstr\u00e4ger nur ans Unternehmen binden lassen, wenn es konsequent in die Arbeitgebermarke investiert.<\/p>\n<p style=\"text-align: justify;\">Welche Entwicklungen HR-Verantwortliche 2024 sonst noch im Blick behalten sollten, fasst unsere allj\u00e4hrliche Shortlist der wichtigsten Trends zusammen.<\/p>\n<p style=\"text-align: justify;\"><strong>1. Kostenmanagement und Effizienzsteigerung<\/strong><\/p>\n<p style=\"text-align: justify;\">Viele Unternehmen werden 2024 gezwungen sein, Personalkosten zu senken, Prozesse zu optimieren oder Ressourcen effizienter einzusetzen, ohne jedoch die Mitarbeitermotivation zu vernachl\u00e4ssigen. Gerade Krisenzeiten gelten bei vielen erfolgreichen Unternehmenslenkern als idealer Zeitpunkt, in ihre Zukunft zu investieren. Insbesondere f\u00fcr die Erh\u00f6hung der Produktivit\u00e4t sind neue Technologie in der Regel unverzichtbar. Entsprechend m\u00fcssen sich Personalleiter auf einen erh\u00f6hten Umschulungs- oder Weiterbildungsbedarf bei den Mitarbeitern einstellen.<\/p>\n<p style=\"text-align: justify;\"><strong>2. Arbeitszeitflexibilit\u00e4t und Anpassungsf\u00e4higkeit<\/strong><\/p>\n<p style=\"text-align: justify;\">Flexibilit\u00e4t ist entscheidend, um sich an ver\u00e4nderte Marktbedingungen anzupassen. Das kann bedeuten, dass Unternehmen ihre Arbeitsmodelle \u00fcberdenken und auf flexible Arbeitszeiten, Teilzeitmodelle oder Kurzarbeit zur\u00fcckgreifen, um ihre Ressourcen effizienter zu nutzen. Darin liegt aber auch die gro\u00dfe Chance, seine Attraktivit\u00e4t als Arbeitgeber zu verbessern. Denn flexible Arbeitszeitmodelle sind f\u00fcr Mitarbeiter nach aktuellen Studien neben einem guten Gehalt der wichtigste Beweggrund, bei ihrem Arbeitgeber zu bleiben oder ihn zu wechseln. Personaler werden in 2024 insbesondere beim Thema 4-Tage-Woche nachvollziehbare Antworten liefern m\u00fcssen.<\/p>\n<p style=\"text-align: justify;\"><strong>3. Klare F\u00fchrung in Krisenzeiten<\/strong><\/p>\n<p style=\"text-align: justify;\">F\u00fchrungskr\u00e4fte sollten in schwierigen Zeiten besonders offen und transparent kommunizieren, um Vertrauen zu schaffen und Unsicherheiten zu reduzieren. Das bedeutet, Mitarbeiter ungesch\u00f6nt \u00fcber die aktuelle Situation des Unternehmens zu informieren, Ver\u00e4nderungen zu erkl\u00e4ren, realistische Erwartungen zu setzen sowie klare Ziele und Priorit\u00e4ten zu definieren. Gefragt ist dabei eine empathische F\u00fchrung, die auf Bedenken eingeht und emotionale Unterst\u00fctzung anbietet. F\u00fchrungskr\u00e4fte, die diese Werte leben und auch schwierigen Entscheidungen ihrer Unternehmensf\u00fchrung loyal gegen\u00fcberstehen, tragen aktiv dazu bei, das Engagement und die Motivation im Betrieb aufrechtzuerhalten und das Unternehmen erfolgreich durch die Krise zu f\u00fchren.<\/p>\n<p style=\"text-align: justify;\"><strong>4. Der Dauerbrenner<\/strong><\/p>\n<p style=\"text-align: justify;\">Die gro\u00dfe, bestimmende Konstante f\u00fcr jeden Personalverantwortlichen bleibt, unabh\u00e4ngig von der konjunkturellen Situation, der Fachkr\u00e4ftemangel. Bis 2023 verlassen 1,2 Mio. Erwerbspersonen den deutschen Arbeitsmarkt. Der Wettbewerb um qualifizierte Fachkr\u00e4fte wird in den kommenden Jahren noch h\u00e4rter. Unternehmen, die es vers\u00e4umen, jetzt eine starke Arbeitgebermarke aufzubauen, gef\u00e4hrden ihre Zukunft. Um passende Arbeitskr\u00e4fte zu gewinnen und zu halten, sind anhaltende Investitionen in die Pr\u00e4senz als Arbeitgeber, niedrigschwellige digitale Bewerbungsverfahren, attraktive Arbeitsbedingungen, eine zeitgem\u00e4\u00dfe Unternehmens- und F\u00fchrungskultur sowie flexible Arbeitsmodelle erforderlich. Personal- und Marketingverantwortliche sollten wissen, dass auch mit begrenzten Budgets substanzielle Optimierungen im Bereich Employer Branding m\u00f6glich sind.<\/p>\n<p style=\"text-align: justify;\"><strong>5. Unternehmenswerte und Nachhaltigkeit<\/strong><\/p>\n<p style=\"text-align: justify;\">Speziell die Vertreter der Gen Z stellen vermehrt die Frage, wof\u00fcr der Arbeitgeber steht und welchen Beitrag sein Handeln f\u00fcr eine bessere Welt leistet. Unternehmen kommen daher nicht umhin, klare ethische Werte zu definieren und zu kommunizieren. Dies umfasst Aspekte wie soziale Verantwortung, ethisches Handeln in der Lieferkette sowie transparente Kommunikation mit Kunden und Mitarbeitern. Auch die Themen Nachhaltigkeit und Umweltbewusstsein geh\u00f6ren dazu: Dies kann etwa die Entwicklung umweltfreundlicher Technologien, die Reduzierung des CO2-Aussto\u00dfes oder die F\u00f6rderung von Recycling und Abfallreduktion umfassen.<\/p>\n<p style=\"text-align: justify;\"><strong>6. Die Skills-L\u00fccke schlie\u00dfen<\/strong><\/p>\n<p style=\"text-align: justify;\">Die Diskrepanz zwischen den Spezialisierungen, die vor allem im technischen und produzierenden Gewerbe gefragt sind, und den verf\u00fcgbaren Qualifikationen der Bewerber bleibt eine Herausforderung. Unternehmen m\u00fcssen daher verst\u00e4rkt in Weiterbildung und Umschulung investieren, um diese L\u00fccke zu schlie\u00dfen und die Mitarbeiter so auszustatten, wie sie im Betrieb ben\u00f6tigt werden. Diese F\u00e4higkeit tr\u00e4gt auch dazu bei, die Mitarbeiterbindung zu st\u00e4rken, die interne Mobilit\u00e4t zu f\u00f6rdern und insgesamt die Anpassungsf\u00e4higkeit des Unternehmens auf ver\u00e4nderte Anforderungen zu st\u00e4rken.<\/p>\n<p style=\"text-align: justify;\"><strong>7. Digitalisierung und K\u00fcnstliche Intelligenz (KI)<\/strong><\/p>\n<p style=\"text-align: justify;\">Die Integration von KI in Arbeitsabl\u00e4ufe und Produktionsprozesse wird im Mittelstand weiter zunehmen. Die F\u00e4higkeit, gro\u00dfe Datenmengen zu analysieren und daraus Erkenntnisse zu gewinnen, wird f\u00fcr Unternehmen entscheidend sein, um effizienter zu arbeiten und fundierte Entscheidungen zu treffen \u2013 auch im Personalbereich. Schon heute z\u00e4hlen IT- und insbesondere KI- sowie Business-Intelligence-Spezialisten zu den umworbensten Berufsprofilen im Markt. Personalverantwortliche sollten darauf dr\u00e4ngen, intern so fr\u00fch wie m\u00f6glich von k\u00fcnftigen Bedarfen informiert zu werden und ihr Angebot an die in diesen Berufen \u00fcblichen Konditionen (wie beispielsweise Homeoffice) anzupassen.<\/p>\n<p style=\"text-align: justify;\"><strong>8. Gesundheit am Arbeitsplatz<\/strong><\/p>\n<p style=\"text-align: justify;\">Der Krankenstand hat in Deutschland 2023 ein Rekordhoch erreicht. Hier liegt ein enormer Hebel, um die Produktivit\u00e4t zu verbessern und die Kostenseite zu entlasten. HR-Leitende sind daher gut beraten, verst\u00e4rkt Programme und Initiativen einzuf\u00fchren, die die physische und psychische Gesundheit der Mitarbeiter verbessern. Das kann von Fitnessangeboten bis hin zu Stressmanagement-Kursen reichen. Auch die Ergonomie am Arbeitsplatz, eine positive Arbeitsplatzkultur sowie die fr\u00fchzeitige Intervention und Unterst\u00fctzung bei psychischen und sozialen Problemen auch im privaten Umfeld geh\u00f6ren hier auf die Agenda. Dar\u00fcber hinaus tr\u00e4gt die Sensibilisierung der F\u00fchrungskr\u00e4fte f\u00fcr diese Themen zur Schaffung eines Umfelds bei, das die Gesundheit der Mitarbeiter sch\u00e4tzt und unterst\u00fctzt.<\/p>\n<p style=\"text-align: justify;\"><strong>\u00dcber Frank Pl\u00fcmer<\/strong><\/p>\n<p style=\"text-align: justify;\">Frank Pl\u00fcmer ist Inhaber von PL\u00dcCOM DIGITAL. Die Agentur sorgt daf\u00fcr, dass ihre Kunden zum nachgefragten Arbeitgeber werden, dem Fachkr\u00e4ftemangel wirkungsvoll entgegentreten und Ihren Erfolg langfristig sichern. Pl\u00fcmer ist zusammen mit Annalena Paasch Gastgeber des Podcasts \u201eKICKOFF PERSONAL\u201c. Dieser wendet sich an alle Gesch\u00e4ftsf\u00fchrer und Personalleiter, die ihr Unternehmen zum nachgefragten Arbeitgeber machen wollen.<\/p>\n<p style=\"text-align: justify;\">Unternehmen, die ins digitale Recruiting einsteigen und ihre Arbeitgebermarke weiterentwickeln wollen, bietet Frank Pl\u00fcmer jeden Monat eine begrenzte Anzahl kostenloser Strategiegespr\u00e4che an. Gesch\u00e4ftsf\u00fchrer und Personalchefs, die diese Beratung in Anspruch nehmen m\u00f6chten, k\u00f6nnen \u00fcber die Unternehmenswebsite ( https:\/\/pluecomdigital.de) oder telefonisch unter T. 040\/ 790 21 89 85 ihren Termin buchen.<\/p>\n<p style=\"text-align: justify;\"><strong>\u00dcber PL\u00dcCOM DIGITAL<\/strong><\/p>\n<p style=\"text-align: justify;\">PL\u00dcCOM DIGITAL ist eine Online-Marketing-Agentur, die exklusiv auf kleine und mittlere Unternehmen aus den Bereichen Maschinenbau, Anlagenbau und Metallbau spezialisiert ist. Das erfahrene Team mit Sitz in Hamburg sorgt daf\u00fcr, dass sich die Betriebe attraktiv und zeitgem\u00e4\u00df im Internet pr\u00e4sentieren und beschafft den Firmeninhabern innerhalb weniger Wochen im Netz gezielt die Mitarbeiter und Auftr\u00e4ge, die sie f\u00fcr das weitere Wachstum ihres Unternehmens ben\u00f6tigen.<\/p>\n<p style=\"text-align: justify;\">Quelle: <a href=\"https:\/\/www.presseportal.de\/pm\/149888\/5710406\" target=\"_blank\" rel=\"noopener nofollow\" class=\"external external_icon\">Presseportal.de<\/a><\/p>\n<div class=\"shariff shariff-align-left shariff-widget-align-left\"><ul class=\"shariff-buttons theme-round orientation-horizontal buttonsize-medium\"><li class=\"shariff-button facebook shariff-nocustomcolor\" style=\"background-color:#4273c8\"><a href=\"https:\/\/www.facebook.com\/sharer\/sharer.php?u=https%3A%2F%2Fwww.weiterbildungsmarkt.net%2Fnews%2Fdie-acht-wichtigsten-trends-fuer-das-hr-management-9273%2F\" title=\"Bei Facebook teilen\" aria-label=\"Bei Facebook teilen\" role=\"button\" rel=\"nofollow\" class=\"shariff-link external external_icon\" style=\"; background-color:#3b5998; color:#fff\" target=\"_blank\"><span class=\"shariff-icon\" style=\"\"><svg width=\"32px\" height=\"20px\" xmlns=\"http:\/\/www.w3.org\/2000\/svg\" viewBox=\"0 0 18 32\"><path fill=\"#3b5998\" d=\"M17.1 0.2v4.7h-2.8q-1.5 0-2.1 0.6t-0.5 1.9v3.4h5.2l-0.7 5.3h-4.5v13.6h-5.5v-13.6h-4.5v-5.3h4.5v-3.9q0-3.3 1.9-5.2t5-1.8q2.6 0 4.1 0.2z\"\/><\/svg><\/span><\/a><\/li><li class=\"shariff-button twitter shariff-nocustomcolor\" style=\"background-color:#595959\"><a href=\"https:\/\/twitter.com\/share?url=https%3A%2F%2Fwww.weiterbildungsmarkt.net%2Fnews%2Fdie-acht-wichtigsten-trends-fuer-das-hr-management-9273%2F&text=Die%20acht%20wichtigsten%20Trends%20f%C3%BCr%20das%20HR-Management\" title=\"Bei X teilen\" aria-label=\"Bei X teilen\" role=\"button\" rel=\"noopener nofollow\" class=\"shariff-link\" style=\"; background-color:#000; color:#fff\" target=\"_blank\"><span class=\"shariff-icon\" style=\"\"><svg width=\"32px\" height=\"20px\" xmlns=\"http:\/\/www.w3.org\/2000\/svg\" viewBox=\"0 0 24 24\"><path fill=\"#000\" d=\"M14.258 10.152L23.176 0h-2.113l-7.747 8.813L7.133 0H0l9.352 13.328L0 23.973h2.113l8.176-9.309 6.531 9.309h7.133zm-2.895 3.293l-.949-1.328L2.875 1.56h3.246l6.086 8.523.945 1.328 7.91 11.078h-3.246zm0 0\"\/><\/svg><\/span><\/a><\/li><li class=\"shariff-button xing shariff-nocustomcolor\" style=\"background-color:#29888a\"><a href=\"https:\/\/www.xing.com\/spi\/shares\/new?url=https%3A%2F%2Fwww.weiterbildungsmarkt.net%2Fnews%2Fdie-acht-wichtigsten-trends-fuer-das-hr-management-9273%2F\" title=\"Bei XING teilen\" aria-label=\"Bei XING teilen\" role=\"button\" rel=\"noopener nofollow\" class=\"shariff-link external external_icon\" style=\"; background-color:#126567; color:#fff\" target=\"_blank\"><span class=\"shariff-icon\" style=\"\"><svg width=\"32px\" height=\"20px\" xmlns=\"http:\/\/www.w3.org\/2000\/svg\" viewBox=\"0 0 25 32\"><path fill=\"#126567\" d=\"M10.7 11.9q-0.2 0.3-4.6 8.2-0.5 0.8-1.2 0.8h-4.3q-0.4 0-0.5-0.3t0-0.6l4.5-8q0 0 0 0l-2.9-5q-0.2-0.4 0-0.7 0.2-0.3 0.5-0.3h4.3q0.7 0 1.2 0.8zM25.1 0.4q0.2 0.3 0 0.7l-9.4 16.7 6 11q0.2 0.4 0 0.6-0.2 0.3-0.6 0.3h-4.3q-0.7 0-1.2-0.8l-6-11.1q0.3-0.6 9.5-16.8 0.4-0.8 1.2-0.8h4.3q0.4 0 0.5 0.3z\"\/><\/svg><\/span><\/a><\/li><li class=\"shariff-button linkedin shariff-nocustomcolor\" style=\"background-color:#1488bf\"><a href=\"https:\/\/www.linkedin.com\/sharing\/share-offsite\/?url=https%3A%2F%2Fwww.weiterbildungsmarkt.net%2Fnews%2Fdie-acht-wichtigsten-trends-fuer-das-hr-management-9273%2F\" title=\"Bei LinkedIn teilen\" aria-label=\"Bei LinkedIn teilen\" role=\"button\" rel=\"noopener nofollow\" class=\"shariff-link external external_icon\" style=\"; background-color:#0077b5; color:#fff\" target=\"_blank\"><span class=\"shariff-icon\" style=\"\"><svg width=\"32px\" height=\"20px\" xmlns=\"http:\/\/www.w3.org\/2000\/svg\" viewBox=\"0 0 27 32\"><path fill=\"#0077b5\" d=\"M6.2 11.2v17.7h-5.9v-17.7h5.9zM6.6 5.7q0 1.3-0.9 2.2t-2.4 0.9h0q-1.5 0-2.4-0.9t-0.9-2.2 0.9-2.2 2.4-0.9 2.4 0.9 0.9 2.2zM27.4 18.7v10.1h-5.9v-9.5q0-1.9-0.7-2.9t-2.3-1.1q-1.1 0-1.9 0.6t-1.2 1.5q-0.2 0.5-0.2 1.4v9.9h-5.9q0-7.1 0-11.6t0-5.3l0-0.9h5.9v2.6h0q0.4-0.6 0.7-1t1-0.9 1.6-0.8 2-0.3q3 0 4.9 2t1.9 6z\"\/><\/svg><\/span><\/a><\/li><li class=\"shariff-button whatsapp shariff-nocustomcolor\" style=\"background-color:#5cbe4a\"><a href=\"https:\/\/api.whatsapp.com\/send?text=https%3A%2F%2Fwww.weiterbildungsmarkt.net%2Fnews%2Fdie-acht-wichtigsten-trends-fuer-das-hr-management-9273%2F%20Die%20acht%20wichtigsten%20Trends%20f%C3%BCr%20das%20HR-Management\" title=\"Bei Whatsapp teilen\" aria-label=\"Bei Whatsapp teilen\" role=\"button\" rel=\"noopener nofollow\" class=\"shariff-link external external_icon\" style=\"; background-color:#34af23; color:#fff\" target=\"_blank\"><span class=\"shariff-icon\" style=\"\"><svg width=\"32px\" height=\"20px\" xmlns=\"http:\/\/www.w3.org\/2000\/svg\" viewBox=\"0 0 32 32\"><path fill=\"#34af23\" d=\"M17.6 17.4q0.2 0 1.7 0.8t1.6 0.9q0 0.1 0 0.3 0 0.6-0.3 1.4-0.3 0.7-1.3 1.2t-1.8 0.5q-1 0-3.4-1.1-1.7-0.8-3-2.1t-2.6-3.3q-1.3-1.9-1.3-3.5v-0.1q0.1-1.6 1.3-2.8 0.4-0.4 0.9-0.4 0.1 0 0.3 0t0.3 0q0.3 0 0.5 0.1t0.3 0.5q0.1 0.4 0.6 1.6t0.4 1.3q0 0.4-0.6 1t-0.6 0.8q0 0.1 0.1 0.3 0.6 1.3 1.8 2.4 1 0.9 2.7 1.8 0.2 0.1 0.4 0.1 0.3 0 1-0.9t0.9-0.9zM14 26.9q2.3 0 4.3-0.9t3.6-2.4 2.4-3.6 0.9-4.3-0.9-4.3-2.4-3.6-3.6-2.4-4.3-0.9-4.3 0.9-3.6 2.4-2.4 3.6-0.9 4.3q0 3.6 2.1 6.6l-1.4 4.2 4.3-1.4q2.8 1.9 6.2 1.9zM14 2.2q2.7 0 5.2 1.1t4.3 2.9 2.9 4.3 1.1 5.2-1.1 5.2-2.9 4.3-4.3 2.9-5.2 1.1q-3.5 0-6.5-1.7l-7.4 2.4 2.4-7.2q-1.9-3.2-1.9-6.9 0-2.7 1.1-5.2t2.9-4.3 4.3-2.9 5.2-1.1z\"\/><\/svg><\/span><\/a><\/li><li class=\"shariff-button pinterest shariff-nocustomcolor\" style=\"background-color:#e70f18\"><a href=\"https:\/\/www.pinterest.com\/pin\/create\/link\/?url=https%3A%2F%2Fwww.weiterbildungsmarkt.net%2Fnews%2Fdie-acht-wichtigsten-trends-fuer-das-hr-management-9273%2F&media=https%3A%2F%2Fwww.weiterbildungsmarkt.net%2Fnews%2Fwp-content%2Fuploads%2F2017%2F11%2FNT174.png&description=Die%20acht%20wichtigsten%20Trends%20f%C3%BCr%20das%20HR-Management\" title=\"Bei Pinterest pinnen\" aria-label=\"Bei Pinterest pinnen\" role=\"button\" rel=\"noopener nofollow\" class=\"shariff-link\" style=\"; background-color:#cb2027; color:#fff\" target=\"_blank\"><span class=\"shariff-icon\" style=\"\"><svg width=\"32px\" height=\"20px\" xmlns=\"http:\/\/www.w3.org\/2000\/svg\" viewBox=\"0 0 27 32\"><path fill=\"#cb2027\" d=\"M27.4 16q0 3.7-1.8 6.9t-5 5-6.9 1.9q-2 0-3.9-0.6 1.1-1.7 1.4-2.9 0.2-0.6 1-3.8 0.4 0.7 1.3 1.2t2 0.5q2.1 0 3.8-1.2t2.7-3.4 0.9-4.8q0-2-1.1-3.8t-3.1-2.9-4.5-1.2q-1.9 0-3.5 0.5t-2.8 1.4-2 2-1.2 2.3-0.4 2.4q0 1.9 0.7 3.3t2.1 2q0.5 0.2 0.7-0.4 0-0.1 0.1-0.5t0.2-0.5q0.1-0.4-0.2-0.8-0.9-1.1-0.9-2.7 0-2.7 1.9-4.6t4.9-2q2.7 0 4.2 1.5t1.5 3.8q0 3-1.2 5.2t-3.1 2.1q-1.1 0-1.7-0.8t-0.4-1.9q0.1-0.6 0.5-1.7t0.5-1.8 0.2-1.4q0-0.9-0.5-1.5t-1.4-0.6q-1.1 0-1.9 1t-0.8 2.6q0 1.3 0.4 2.2l-1.8 7.5q-0.3 1.2-0.2 3.2-3.7-1.6-6-5t-2.3-7.6q0-3.7 1.9-6.9t5-5 6.9-1.9 6.9 1.9 5 5 1.8 6.9z\"\/><\/svg><\/span><\/a><\/li><\/ul><\/div>","protected":false},"excerpt":{"rendered":"<p>2024 wird ein Jahr der konjunkturellen Ungewissheit in Deutschland. Die Prognosen der Analysten schwanken zwischen Stagnation und Rezession. Auf den deutschen Mittelstand wirkt sich diese Entwicklung je nach Branche und Gesch\u00e4ftsmodell h\u00f6chst unterschiedlich aus: Manche Unternehmen bauen bereits Personal ab, in anderen herrscht Einstellungsstopp, andernorts sind weiterhin dutzende Stellen zu besetzen. F\u00fcr Personalleiter ergibt sich [&hellip;]<\/p>\n","protected":false},"author":192,"featured_media":6108,"comment_status":"closed","ping_status":"closed","sticky":false,"template":"","format":"standard","meta":{"_acf_changed":false,"footnotes":""},"categories":[110,112],"tags":[],"class_list":["post-9273","post","type-post","status-publish","format-standard","has-post-thumbnail","hentry","category-studien","category-neuigkeiten"],"acf":[],"_links":{"self":[{"href":"https:\/\/www.weiterbildungsmarkt.net\/news\/wp-json\/wp\/v2\/posts\/9273","targetHints":{"allow":["GET"]}}],"collection":[{"href":"https:\/\/www.weiterbildungsmarkt.net\/news\/wp-json\/wp\/v2\/posts"}],"about":[{"href":"https:\/\/www.weiterbildungsmarkt.net\/news\/wp-json\/wp\/v2\/types\/post"}],"author":[{"embeddable":true,"href":"https:\/\/www.weiterbildungsmarkt.net\/news\/wp-json\/wp\/v2\/users\/192"}],"replies":[{"embeddable":true,"href":"https:\/\/www.weiterbildungsmarkt.net\/news\/wp-json\/wp\/v2\/comments?post=9273"}],"version-history":[{"count":2,"href":"https:\/\/www.weiterbildungsmarkt.net\/news\/wp-json\/wp\/v2\/posts\/9273\/revisions"}],"predecessor-version":[{"id":9275,"href":"https:\/\/www.weiterbildungsmarkt.net\/news\/wp-json\/wp\/v2\/posts\/9273\/revisions\/9275"}],"wp:featuredmedia":[{"embeddable":true,"href":"https:\/\/www.weiterbildungsmarkt.net\/news\/wp-json\/wp\/v2\/media\/6108"}],"wp:attachment":[{"href":"https:\/\/www.weiterbildungsmarkt.net\/news\/wp-json\/wp\/v2\/media?parent=9273"}],"wp:term":[{"taxonomy":"category","embeddable":true,"href":"https:\/\/www.weiterbildungsmarkt.net\/news\/wp-json\/wp\/v2\/categories?post=9273"},{"taxonomy":"post_tag","embeddable":true,"href":"https:\/\/www.weiterbildungsmarkt.net\/news\/wp-json\/wp\/v2\/tags?post=9273"}],"curies":[{"name":"wp","href":"https:\/\/api.w.org\/{rel}","templated":true}]}}