{"id":9285,"date":"2024-04-09T10:01:16","date_gmt":"2024-04-09T08:01:16","guid":{"rendered":"https:\/\/www.weiterbildungsmarkt.net\/news\/?p=9285"},"modified":"2026-02-16T19:28:53","modified_gmt":"2026-02-16T18:28:53","slug":"kfz-gewerbe-zahl-der-auszubildenden-erneut-gestiegen-fachkraefte-fehlen","status":"publish","type":"post","link":"https:\/\/www.weiterbildungsmarkt.net\/news\/kfz-gewerbe-zahl-der-auszubildenden-erneut-gestiegen-fachkraefte-fehlen-9285\/","title":{"rendered":"Kfz-Gewerbe: Zahl der Auszubildenden erneut gestiegen, Fachkr\u00e4fte fehlen"},"content":{"rendered":"<p style=\"text-align: justify;\">Die Zahl der neu abgeschlossenen Ausbildungsvertr\u00e4ge im Kfz-Gewerbe ist im vergangenen Jahr wieder deutlich gestiegen. So haben die Kfz-Betriebe f\u00fcr den Ausbildungsberuf &#8222;Kfz-Mechatroniker\/in&#8220; 23.517 neue Ausbildungsvertr\u00e4ge abgeschlossen, eine Steigerung um 8,9 % gegen\u00fcber dem Vorjahr. Das geht aus der Statistik des Bundesinstituts f\u00fcr Berufsbildung (BiBB) hervor. Stichtag der Erhebung war der 30. September 2023. Aus der Statistik geht ebenfalls hervor, dass immer mehr Frauen eine Ausbildung als Kfz-Mechatronikerin beginnen. Ihr Anteil lag bei 1.557 bzw. rund 6,6 %. Im vergangenen Jahr starteten rund 65 % mehr Frauen in diese Ausbildung als noch im Jahr 2017 (942).<\/p>\n<p style=\"text-align: justify;\">Auch bei den Automobilkaufleuten setzte sich der positive Trend mit 5.493 neuen Azubis fort, das sind 7,2 % mehr als im Vorjahr. Der Anteil der weiblichen Auszubildenden liegt hier bei rund 39,7 %.<\/p>\n<p style=\"text-align: justify;\">&#8222;Die Ausbildungszahlen sind ein starkes Zeichen f\u00fcr die Zugkraft unserer innovativen Branche&#8220;, freut sich ZDK-Pr\u00e4sident Arne Joswig \u00fcber das Ergebnis. &#8222;Allerdings k\u00e4mpfen wir im Kfz-Gewerbe mit einem erheblichen Fachkr\u00e4ftemangel, der allein im handwerklichen Bereich bei rund 10.000 Personen liegt. Um diesem Mangel zu begegnen, verfolgen wir strategisch mehrere Ziele. Es geht darum, mehr talentierte und motivierte Auszubildende f\u00fcr unsere Branche zu begeistern. Das scheint uns zu gelingen. Wir wollen aber auch noch mehr Ausbildungsbetriebe \u00fcberzeugen, dem Fachkr\u00e4fteengpass mit eigener Ausbildung zu begegnen. Ebenfalls in den Fokus r\u00fccken Zielgruppen wie Quereinsteiger, Frauen, Studienabbrecher und Menschen mit Migrationshintergrund. Nicht zuletzt m\u00fcssen wir daf\u00fcr sorgen, dass die vielen Werkzeuge der Initiative AutoBerufe in den Betrieben genutzt werden. Alles das wollen wir zielgenau mit Kampagnen, Webinaren, Workshops und Veranstaltungen voranbringen.&#8220;<\/p>\n<p style=\"text-align: justify;\">Insgesamt bildet das Kfz-Gewerbe zurzeit mehr als 93.000 junge Menschen in technischen und kaufm\u00e4nnischen Berufen aus. Dar\u00fcber hinaus bietet die Branche zahlreiche M\u00f6glichkeiten der Weiterbildung f\u00fcr eine erfolgreiche Karriere, etwa zum selbstst\u00e4ndigen Kfz-Meister oder zur F\u00fchrungskraft im Autohaus oder in einer Meisterwerkstatt.<\/p>\n<p style=\"text-align: justify;\">Unter den beliebtesten handwerklichen Ausbildungsberufen steht Kfz-Mechatroniker\/in mit einem Anteil von 23 % ganz oben, gefolgt von Anlagenmechaniker\/in (16 %) und Elektroniker\/in Energie- und Geb\u00e4udetechnik (15 %).<\/p>\n<p style=\"text-align: justify;\">Quelle: Presseportal.de<\/p>\n<div class=\"shariff shariff-align-flex-start shariff-widget-align-flex-start\"><ul class=\"shariff-buttons theme-round orientation-horizontal buttonsize-medium\"><li class=\"shariff-button facebook shariff-nocustomcolor\" style=\"background-color:#4273c8\"><a href=\"https:\/\/www.facebook.com\/sharer\/sharer.php?u=https%3A%2F%2Fwww.weiterbildungsmarkt.net%2Fnews%2Fkfz-gewerbe-zahl-der-auszubildenden-erneut-gestiegen-fachkraefte-fehlen-9285%2F\" title=\"Bei Facebook teilen\" aria-label=\"Bei Facebook teilen\" role=\"button\" rel=\"nofollow\" class=\"shariff-link external external_icon\" style=\"; background-color:#3b5998; color:#fff\" target=\"_blank\"><span class=\"shariff-icon\" style=\"\"><svg width=\"32px\" height=\"20px\" xmlns=\"http:\/\/www.w3.org\/2000\/svg\" viewBox=\"0 0 18 32\"><path fill=\"#3b5998\" d=\"M17.1 0.2v4.7h-2.8q-1.5 0-2.1 0.6t-0.5 1.9v3.4h5.2l-0.7 5.3h-4.5v13.6h-5.5v-13.6h-4.5v-5.3h4.5v-3.9q0-3.3 1.9-5.2t5-1.8q2.6 0 4.1 0.2z\"\/><\/svg><\/span><\/a><\/li><li class=\"shariff-button twitter shariff-nocustomcolor\" style=\"background-color:#595959\"><a href=\"https:\/\/twitter.com\/share?url=https%3A%2F%2Fwww.weiterbildungsmarkt.net%2Fnews%2Fkfz-gewerbe-zahl-der-auszubildenden-erneut-gestiegen-fachkraefte-fehlen-9285%2F&text=Kfz-Gewerbe%3A%20Zahl%20der%20Auszubildenden%20erneut%20gestiegen%2C%20Fachkr%C3%A4fte%20fehlen\" title=\"Bei X teilen\" aria-label=\"Bei X teilen\" role=\"button\" rel=\"noopener nofollow\" class=\"shariff-link\" style=\"; background-color:#000; color:#fff\" target=\"_blank\"><span class=\"shariff-icon\" style=\"\"><svg width=\"32px\" height=\"20px\" xmlns=\"http:\/\/www.w3.org\/2000\/svg\" viewBox=\"0 0 24 24\"><path fill=\"#000\" d=\"M14.258 10.152L23.176 0h-2.113l-7.747 8.813L7.133 0H0l9.352 13.328L0 23.973h2.113l8.176-9.309 6.531 9.309h7.133zm-2.895 3.293l-.949-1.328L2.875 1.56h3.246l6.086 8.523.945 1.328 7.91 11.078h-3.246zm0 0\"\/><\/svg><\/span><\/a><\/li><li class=\"shariff-button xing shariff-nocustomcolor\" style=\"background-color:#29888a\"><a href=\"https:\/\/www.xing.com\/spi\/shares\/new?url=https%3A%2F%2Fwww.weiterbildungsmarkt.net%2Fnews%2Fkfz-gewerbe-zahl-der-auszubildenden-erneut-gestiegen-fachkraefte-fehlen-9285%2F\" title=\"Bei XING teilen\" aria-label=\"Bei XING teilen\" role=\"button\" rel=\"noopener nofollow\" class=\"shariff-link external external_icon\" style=\"; background-color:#126567; color:#fff\" target=\"_blank\"><span class=\"shariff-icon\" style=\"\"><svg width=\"32px\" height=\"20px\" xmlns=\"http:\/\/www.w3.org\/2000\/svg\" viewBox=\"0 0 25 32\"><path fill=\"#126567\" d=\"M10.7 11.9q-0.2 0.3-4.6 8.2-0.5 0.8-1.2 0.8h-4.3q-0.4 0-0.5-0.3t0-0.6l4.5-8q0 0 0 0l-2.9-5q-0.2-0.4 0-0.7 0.2-0.3 0.5-0.3h4.3q0.7 0 1.2 0.8zM25.1 0.4q0.2 0.3 0 0.7l-9.4 16.7 6 11q0.2 0.4 0 0.6-0.2 0.3-0.6 0.3h-4.3q-0.7 0-1.2-0.8l-6-11.1q0.3-0.6 9.5-16.8 0.4-0.8 1.2-0.8h4.3q0.4 0 0.5 0.3z\"\/><\/svg><\/span><\/a><\/li><li class=\"shariff-button linkedin shariff-nocustomcolor\" style=\"background-color:#1488bf\"><a href=\"https:\/\/www.linkedin.com\/sharing\/share-offsite\/?url=https%3A%2F%2Fwww.weiterbildungsmarkt.net%2Fnews%2Fkfz-gewerbe-zahl-der-auszubildenden-erneut-gestiegen-fachkraefte-fehlen-9285%2F\" title=\"Bei LinkedIn teilen\" aria-label=\"Bei LinkedIn teilen\" role=\"button\" rel=\"noopener nofollow\" class=\"shariff-link external external_icon\" style=\"; background-color:#0077b5; color:#fff\" target=\"_blank\"><span class=\"shariff-icon\" style=\"\"><svg width=\"32px\" height=\"20px\" xmlns=\"http:\/\/www.w3.org\/2000\/svg\" viewBox=\"0 0 27 32\"><path fill=\"#0077b5\" d=\"M6.2 11.2v17.7h-5.9v-17.7h5.9zM6.6 5.7q0 1.3-0.9 2.2t-2.4 0.9h0q-1.5 0-2.4-0.9t-0.9-2.2 0.9-2.2 2.4-0.9 2.4 0.9 0.9 2.2zM27.4 18.7v10.1h-5.9v-9.5q0-1.9-0.7-2.9t-2.3-1.1q-1.1 0-1.9 0.6t-1.2 1.5q-0.2 0.5-0.2 1.4v9.9h-5.9q0-7.1 0-11.6t0-5.3l0-0.9h5.9v2.6h0q0.4-0.6 0.7-1t1-0.9 1.6-0.8 2-0.3q3 0 4.9 2t1.9 6z\"\/><\/svg><\/span><\/a><\/li><li class=\"shariff-button whatsapp shariff-nocustomcolor\" style=\"background-color:#5cbe4a\"><a href=\"https:\/\/api.whatsapp.com\/send?text=https%3A%2F%2Fwww.weiterbildungsmarkt.net%2Fnews%2Fkfz-gewerbe-zahl-der-auszubildenden-erneut-gestiegen-fachkraefte-fehlen-9285%2F%20Kfz-Gewerbe%3A%20Zahl%20der%20Auszubildenden%20erneut%20gestiegen%2C%20Fachkr%C3%A4fte%20fehlen\" title=\"Bei Whatsapp teilen\" aria-label=\"Bei Whatsapp teilen\" role=\"button\" rel=\"noopener nofollow\" class=\"shariff-link external external_icon\" style=\"; background-color:#34af23; color:#fff\" target=\"_blank\"><span class=\"shariff-icon\" style=\"\"><svg width=\"32px\" height=\"20px\" xmlns=\"http:\/\/www.w3.org\/2000\/svg\" viewBox=\"0 0 32 32\"><path fill=\"#34af23\" d=\"M17.6 17.4q0.2 0 1.7 0.8t1.6 0.9q0 0.1 0 0.3 0 0.6-0.3 1.4-0.3 0.7-1.3 1.2t-1.8 0.5q-1 0-3.4-1.1-1.7-0.8-3-2.1t-2.6-3.3q-1.3-1.9-1.3-3.5v-0.1q0.1-1.6 1.3-2.8 0.4-0.4 0.9-0.4 0.1 0 0.3 0t0.3 0q0.3 0 0.5 0.1t0.3 0.5q0.1 0.4 0.6 1.6t0.4 1.3q0 0.4-0.6 1t-0.6 0.8q0 0.1 0.1 0.3 0.6 1.3 1.8 2.4 1 0.9 2.7 1.8 0.2 0.1 0.4 0.1 0.3 0 1-0.9t0.9-0.9zM14 26.9q2.3 0 4.3-0.9t3.6-2.4 2.4-3.6 0.9-4.3-0.9-4.3-2.4-3.6-3.6-2.4-4.3-0.9-4.3 0.9-3.6 2.4-2.4 3.6-0.9 4.3q0 3.6 2.1 6.6l-1.4 4.2 4.3-1.4q2.8 1.9 6.2 1.9zM14 2.2q2.7 0 5.2 1.1t4.3 2.9 2.9 4.3 1.1 5.2-1.1 5.2-2.9 4.3-4.3 2.9-5.2 1.1q-3.5 0-6.5-1.7l-7.4 2.4 2.4-7.2q-1.9-3.2-1.9-6.9 0-2.7 1.1-5.2t2.9-4.3 4.3-2.9 5.2-1.1z\"\/><\/svg><\/span><\/a><\/li><li class=\"shariff-button pinterest shariff-nocustomcolor\" style=\"background-color:#e70f18\"><a href=\"https:\/\/www.pinterest.com\/pin\/create\/link\/?url=https%3A%2F%2Fwww.weiterbildungsmarkt.net%2Fnews%2Fkfz-gewerbe-zahl-der-auszubildenden-erneut-gestiegen-fachkraefte-fehlen-9285%2F&media=https%3A%2F%2Fwww.weiterbildungsmarkt.net%2Fnews%2Fwp-content%2Fuploads%2F2017%2F11%2FNT174.png&description=Kfz-Gewerbe%3A%20Zahl%20der%20Auszubildenden%20erneut%20gestiegen%2C%20Fachkr%C3%A4fte%20fehlen\" title=\"Bei Pinterest pinnen\" aria-label=\"Bei Pinterest pinnen\" role=\"button\" rel=\"noopener nofollow\" class=\"shariff-link\" style=\"; background-color:#cb2027; color:#fff\" target=\"_blank\"><span class=\"shariff-icon\" style=\"\"><svg width=\"32px\" height=\"20px\" xmlns=\"http:\/\/www.w3.org\/2000\/svg\" viewBox=\"0 0 27 32\"><path fill=\"#cb2027\" d=\"M27.4 16q0 3.7-1.8 6.9t-5 5-6.9 1.9q-2 0-3.9-0.6 1.1-1.7 1.4-2.9 0.2-0.6 1-3.8 0.4 0.7 1.3 1.2t2 0.5q2.1 0 3.8-1.2t2.7-3.4 0.9-4.8q0-2-1.1-3.8t-3.1-2.9-4.5-1.2q-1.9 0-3.5 0.5t-2.8 1.4-2 2-1.2 2.3-0.4 2.4q0 1.9 0.7 3.3t2.1 2q0.5 0.2 0.7-0.4 0-0.1 0.1-0.5t0.2-0.5q0.1-0.4-0.2-0.8-0.9-1.1-0.9-2.7 0-2.7 1.9-4.6t4.9-2q2.7 0 4.2 1.5t1.5 3.8q0 3-1.2 5.2t-3.1 2.1q-1.1 0-1.7-0.8t-0.4-1.9q0.1-0.6 0.5-1.7t0.5-1.8 0.2-1.4q0-0.9-0.5-1.5t-1.4-0.6q-1.1 0-1.9 1t-0.8 2.6q0 1.3 0.4 2.2l-1.8 7.5q-0.3 1.2-0.2 3.2-3.7-1.6-6-5t-2.3-7.6q0-3.7 1.9-6.9t5-5 6.9-1.9 6.9 1.9 5 5 1.8 6.9z\"\/><\/svg><\/span><\/a><\/li><\/ul><\/div>","protected":false},"excerpt":{"rendered":"<p>Die Zahl der neu abgeschlossenen Ausbildungsvertr\u00e4ge im Kfz-Gewerbe ist im vergangenen Jahr wieder deutlich gestiegen. So haben die Kfz-Betriebe f\u00fcr den Ausbildungsberuf &#8222;Kfz-Mechatroniker\/in&#8220; 23.517 neue Ausbildungsvertr\u00e4ge abgeschlossen, eine Steigerung um 8,9 % gegen\u00fcber dem Vorjahr. Das geht aus der Statistik des Bundesinstituts f\u00fcr Berufsbildung (BiBB) hervor. Stichtag der Erhebung war der 30. September 2023. Aus [&hellip;]<\/p>\n","protected":false},"author":192,"featured_media":6108,"comment_status":"closed","ping_status":"closed","sticky":false,"template":"","format":"standard","meta":{"_acf_changed":false,"footnotes":""},"categories":[1],"tags":[],"class_list":["post-9285","post","type-post","status-publish","format-standard","has-post-thumbnail","hentry","category-weiterbildung"],"acf":[],"_links":{"self":[{"href":"https:\/\/www.weiterbildungsmarkt.net\/news\/wp-json\/wp\/v2\/posts\/9285","targetHints":{"allow":["GET"]}}],"collection":[{"href":"https:\/\/www.weiterbildungsmarkt.net\/news\/wp-json\/wp\/v2\/posts"}],"about":[{"href":"https:\/\/www.weiterbildungsmarkt.net\/news\/wp-json\/wp\/v2\/types\/post"}],"author":[{"embeddable":true,"href":"https:\/\/www.weiterbildungsmarkt.net\/news\/wp-json\/wp\/v2\/users\/192"}],"replies":[{"embeddable":true,"href":"https:\/\/www.weiterbildungsmarkt.net\/news\/wp-json\/wp\/v2\/comments?post=9285"}],"version-history":[{"count":3,"href":"https:\/\/www.weiterbildungsmarkt.net\/news\/wp-json\/wp\/v2\/posts\/9285\/revisions"}],"predecessor-version":[{"id":10044,"href":"https:\/\/www.weiterbildungsmarkt.net\/news\/wp-json\/wp\/v2\/posts\/9285\/revisions\/10044"}],"wp:featuredmedia":[{"embeddable":true,"href":"https:\/\/www.weiterbildungsmarkt.net\/news\/wp-json\/wp\/v2\/media\/6108"}],"wp:attachment":[{"href":"https:\/\/www.weiterbildungsmarkt.net\/news\/wp-json\/wp\/v2\/media?parent=9285"}],"wp:term":[{"taxonomy":"category","embeddable":true,"href":"https:\/\/www.weiterbildungsmarkt.net\/news\/wp-json\/wp\/v2\/categories?post=9285"},{"taxonomy":"post_tag","embeddable":true,"href":"https:\/\/www.weiterbildungsmarkt.net\/news\/wp-json\/wp\/v2\/tags?post=9285"}],"curies":[{"name":"wp","href":"https:\/\/api.w.org\/{rel}","templated":true}]}}