{"id":9423,"date":"2025-03-19T10:23:59","date_gmt":"2025-03-19T09:23:59","guid":{"rendered":"https:\/\/www.weiterbildungsmarkt.net\/news\/?p=9423"},"modified":"2025-04-02T12:15:10","modified_gmt":"2025-04-02T10:15:10","slug":"auslaendische-fachkraefte-sind-unverzichtbar","status":"publish","type":"post","link":"https:\/\/www.weiterbildungsmarkt.net\/news\/auslaendische-fachkraefte-sind-unverzichtbar-9423\/","title":{"rendered":"Ausl\u00e4ndische Fachkr\u00e4fte sind unverzichtbar"},"content":{"rendered":"<p style=\"text-align: justify;\">F\u00fcr den Zentralverband Deutsches Kraftfahrzeuggewerbe (ZDK) kommentiert Ren\u00e9 Gravendyk, ZDK-Vorstandsmitglied und Co-Vorsitzender des ZDK-Berufsbildungsausschusses, den Kurzbericht 95\/2024 des Instituts der deutschen Wirtschaft (IW) zur Bedeutung syrischer Fachkr\u00e4fte f\u00fcr sogenannte Engpassberufe in Deutschland:<\/p>\n<p style=\"text-align: justify;\">&#8222;Insbesondere im Bereich der Kraftfahrzeugtechnik, also auch Kfz-Mechatronik, besteht ein riesengro\u00dfer Bedarf an Fachpersonal. Mit \u00fcber 4.000 syrischen Besch\u00e4ftigten in diesem auch f\u00fcr uns so wichtigen Berufsfeld zeigt die Studie des IW ganz klar, welche Engp\u00e4sse bestehen, wenn diese Fachkr\u00e4fte wieder in ihre Heimat zur\u00fcckkehren m\u00fcssten. Die in unseren Ausbildungsformaten vermittelten Kenntnisse haben enorm zur Qualifikation und Integration der Fl\u00fcchtlinge beigetragen. Ganz besonders hervorheben m\u00f6chte ich in dem Zusammenhang die Bereitschaft syrischer Fachkr\u00e4fte die angebotenen Chancen wahrzunehmen, und mit Flei\u00df, Willen und Disziplin sich pers\u00f6nlich weiterzuentwickeln und berufliche Ziele zu erreichen. Die Besch\u00e4ftigten wollen die Entwicklung des ganzheitlichen und vernetzten Automobils kennen und verstehen. Sie setzen sich wie viele andere auch sehr stark daf\u00fcr ein, dass wir als Kfz-Gewerbe E-Fahrzeuge beispielsweise warten und reparieren, und Diagnosen stellen k\u00f6nnen. Mit dieser Grundhaltung lassen sich insbesondere in unseren handwerklichen Berufen Erfolge verzeichnen. Klar ist: Mit unseren Belangen als Kfz-Gewerbe sind wir in einem Arbeitsmarkt unterwegs, der f\u00f6rmlich nach Fachkr\u00e4ften schreit. Und als ZDK haben wir unsere Position in einem eigenen Wertepapier klargemacht: Wenn junge Zugewanderte aus Syrien und anderen L\u00e4ndern bereit sind, sich mit unserer Sprache, Kultur und Arbeitswerten zu identifizieren, dann sind sie herzlich willkommen. So soll es bleiben.&#8220;<\/p>\n<p style=\"text-align: justify;\">Laut IW K\u00f6ln sind rund 214.000 Syrer sozialversicherungspflichtig besch\u00e4ftigt, davon knapp 80.000 in sogenannten Engpassberufen, in denen Stellen besonders schwierig zu besetzen sind. Die meisten waren als Fachkraft besch\u00e4ftigt, also in T\u00e4tigkeiten, die in der Regel eine abgeschlossene Berufsausbildung erfordern. Damit tragen syrische Besch\u00e4ftigte in nennenswertem Umfang dazu bei, den Fachkr\u00e4ftemangel in Deutschland abzufedern. Zu den Engpassberufen mit besonders starken Besetzungsschwierigkeiten, in denen viele syrische Fachkr\u00e4fte arbeiten, z\u00e4hlen auch Handwerksberufe. Spitzenreiter ist das Kfz-Handwerk mit \u00fcber 4.000 Besch\u00e4ftigten aus Syrien.<\/p>\n<p style=\"text-align: justify;\">Der ZDK unterst\u00fctzt Bem\u00fchungen in der Politik, durch ein Fachkr\u00e4fteeinwanderungsgesetz auch den Zuwanderern eine Bleibeperspektive zu erm\u00f6glichen, die aufgrund ihrer Ausbildung und ihres Integrationsgrades einen wertvollen gesellschaftlichen Beitrag leisten und eine dauerhafte Bleibeperspektive in Aussicht haben sollten. &#8222;Es ist egal woher du kommst, sondern wichtig ist wohin du willst&#8220;, erkl\u00e4rt Gravendyk das Credo der handwerklichen Berufsausbildung im Kfz-Gewerbe.<\/p>\n<p style=\"text-align: justify;\">Quelle: <a href=\"https:\/\/www.presseportal.de\/pm\/7865\/5934093\" target=\"_blank\" rel=\"noopener nofollow\" class=\"external external_icon\">Presseportal.de<\/a><\/p>\n<div class=\"shariff shariff-align-flex-start shariff-widget-align-flex-start\"><ul class=\"shariff-buttons theme-round orientation-horizontal buttonsize-medium\"><li class=\"shariff-button facebook shariff-nocustomcolor\" style=\"background-color:#4273c8\"><a href=\"https:\/\/www.facebook.com\/sharer\/sharer.php?u=https%3A%2F%2Fwww.weiterbildungsmarkt.net%2Fnews%2Fauslaendische-fachkraefte-sind-unverzichtbar-9423%2F\" title=\"Bei Facebook teilen\" aria-label=\"Bei Facebook teilen\" role=\"button\" rel=\"nofollow\" class=\"shariff-link external external_icon\" style=\"; background-color:#3b5998; color:#fff\" target=\"_blank\"><span class=\"shariff-icon\" style=\"\"><svg width=\"32px\" height=\"20px\" xmlns=\"http:\/\/www.w3.org\/2000\/svg\" viewBox=\"0 0 18 32\"><path fill=\"#3b5998\" d=\"M17.1 0.2v4.7h-2.8q-1.5 0-2.1 0.6t-0.5 1.9v3.4h5.2l-0.7 5.3h-4.5v13.6h-5.5v-13.6h-4.5v-5.3h4.5v-3.9q0-3.3 1.9-5.2t5-1.8q2.6 0 4.1 0.2z\"\/><\/svg><\/span><\/a><\/li><li class=\"shariff-button twitter shariff-nocustomcolor\" style=\"background-color:#595959\"><a href=\"https:\/\/twitter.com\/share?url=https%3A%2F%2Fwww.weiterbildungsmarkt.net%2Fnews%2Fauslaendische-fachkraefte-sind-unverzichtbar-9423%2F&text=Ausl%C3%A4ndische%20Fachkr%C3%A4fte%20sind%20unverzichtbar\" title=\"Bei X teilen\" aria-label=\"Bei X teilen\" role=\"button\" rel=\"noopener nofollow\" class=\"shariff-link\" style=\"; background-color:#000; color:#fff\" target=\"_blank\"><span class=\"shariff-icon\" style=\"\"><svg width=\"32px\" height=\"20px\" xmlns=\"http:\/\/www.w3.org\/2000\/svg\" viewBox=\"0 0 24 24\"><path fill=\"#000\" d=\"M14.258 10.152L23.176 0h-2.113l-7.747 8.813L7.133 0H0l9.352 13.328L0 23.973h2.113l8.176-9.309 6.531 9.309h7.133zm-2.895 3.293l-.949-1.328L2.875 1.56h3.246l6.086 8.523.945 1.328 7.91 11.078h-3.246zm0 0\"\/><\/svg><\/span><\/a><\/li><li class=\"shariff-button xing shariff-nocustomcolor\" style=\"background-color:#29888a\"><a href=\"https:\/\/www.xing.com\/spi\/shares\/new?url=https%3A%2F%2Fwww.weiterbildungsmarkt.net%2Fnews%2Fauslaendische-fachkraefte-sind-unverzichtbar-9423%2F\" title=\"Bei XING teilen\" aria-label=\"Bei XING teilen\" role=\"button\" rel=\"noopener nofollow\" class=\"shariff-link external external_icon\" style=\"; background-color:#126567; color:#fff\" target=\"_blank\"><span class=\"shariff-icon\" style=\"\"><svg width=\"32px\" height=\"20px\" xmlns=\"http:\/\/www.w3.org\/2000\/svg\" viewBox=\"0 0 25 32\"><path fill=\"#126567\" d=\"M10.7 11.9q-0.2 0.3-4.6 8.2-0.5 0.8-1.2 0.8h-4.3q-0.4 0-0.5-0.3t0-0.6l4.5-8q0 0 0 0l-2.9-5q-0.2-0.4 0-0.7 0.2-0.3 0.5-0.3h4.3q0.7 0 1.2 0.8zM25.1 0.4q0.2 0.3 0 0.7l-9.4 16.7 6 11q0.2 0.4 0 0.6-0.2 0.3-0.6 0.3h-4.3q-0.7 0-1.2-0.8l-6-11.1q0.3-0.6 9.5-16.8 0.4-0.8 1.2-0.8h4.3q0.4 0 0.5 0.3z\"\/><\/svg><\/span><\/a><\/li><li class=\"shariff-button linkedin shariff-nocustomcolor\" style=\"background-color:#1488bf\"><a href=\"https:\/\/www.linkedin.com\/sharing\/share-offsite\/?url=https%3A%2F%2Fwww.weiterbildungsmarkt.net%2Fnews%2Fauslaendische-fachkraefte-sind-unverzichtbar-9423%2F\" title=\"Bei LinkedIn teilen\" aria-label=\"Bei LinkedIn teilen\" role=\"button\" rel=\"noopener nofollow\" class=\"shariff-link external external_icon\" style=\"; background-color:#0077b5; color:#fff\" target=\"_blank\"><span class=\"shariff-icon\" style=\"\"><svg width=\"32px\" height=\"20px\" xmlns=\"http:\/\/www.w3.org\/2000\/svg\" viewBox=\"0 0 27 32\"><path fill=\"#0077b5\" d=\"M6.2 11.2v17.7h-5.9v-17.7h5.9zM6.6 5.7q0 1.3-0.9 2.2t-2.4 0.9h0q-1.5 0-2.4-0.9t-0.9-2.2 0.9-2.2 2.4-0.9 2.4 0.9 0.9 2.2zM27.4 18.7v10.1h-5.9v-9.5q0-1.9-0.7-2.9t-2.3-1.1q-1.1 0-1.9 0.6t-1.2 1.5q-0.2 0.5-0.2 1.4v9.9h-5.9q0-7.1 0-11.6t0-5.3l0-0.9h5.9v2.6h0q0.4-0.6 0.7-1t1-0.9 1.6-0.8 2-0.3q3 0 4.9 2t1.9 6z\"\/><\/svg><\/span><\/a><\/li><li class=\"shariff-button whatsapp shariff-nocustomcolor\" style=\"background-color:#5cbe4a\"><a href=\"https:\/\/api.whatsapp.com\/send?text=https%3A%2F%2Fwww.weiterbildungsmarkt.net%2Fnews%2Fauslaendische-fachkraefte-sind-unverzichtbar-9423%2F%20Ausl%C3%A4ndische%20Fachkr%C3%A4fte%20sind%20unverzichtbar\" title=\"Bei Whatsapp teilen\" aria-label=\"Bei Whatsapp teilen\" role=\"button\" rel=\"noopener nofollow\" class=\"shariff-link external external_icon\" style=\"; background-color:#34af23; color:#fff\" target=\"_blank\"><span class=\"shariff-icon\" style=\"\"><svg width=\"32px\" height=\"20px\" xmlns=\"http:\/\/www.w3.org\/2000\/svg\" viewBox=\"0 0 32 32\"><path fill=\"#34af23\" d=\"M17.6 17.4q0.2 0 1.7 0.8t1.6 0.9q0 0.1 0 0.3 0 0.6-0.3 1.4-0.3 0.7-1.3 1.2t-1.8 0.5q-1 0-3.4-1.1-1.7-0.8-3-2.1t-2.6-3.3q-1.3-1.9-1.3-3.5v-0.1q0.1-1.6 1.3-2.8 0.4-0.4 0.9-0.4 0.1 0 0.3 0t0.3 0q0.3 0 0.5 0.1t0.3 0.5q0.1 0.4 0.6 1.6t0.4 1.3q0 0.4-0.6 1t-0.6 0.8q0 0.1 0.1 0.3 0.6 1.3 1.8 2.4 1 0.9 2.7 1.8 0.2 0.1 0.4 0.1 0.3 0 1-0.9t0.9-0.9zM14 26.9q2.3 0 4.3-0.9t3.6-2.4 2.4-3.6 0.9-4.3-0.9-4.3-2.4-3.6-3.6-2.4-4.3-0.9-4.3 0.9-3.6 2.4-2.4 3.6-0.9 4.3q0 3.6 2.1 6.6l-1.4 4.2 4.3-1.4q2.8 1.9 6.2 1.9zM14 2.2q2.7 0 5.2 1.1t4.3 2.9 2.9 4.3 1.1 5.2-1.1 5.2-2.9 4.3-4.3 2.9-5.2 1.1q-3.5 0-6.5-1.7l-7.4 2.4 2.4-7.2q-1.9-3.2-1.9-6.9 0-2.7 1.1-5.2t2.9-4.3 4.3-2.9 5.2-1.1z\"\/><\/svg><\/span><\/a><\/li><li class=\"shariff-button pinterest shariff-nocustomcolor\" style=\"background-color:#e70f18\"><a href=\"https:\/\/www.pinterest.com\/pin\/create\/link\/?url=https%3A%2F%2Fwww.weiterbildungsmarkt.net%2Fnews%2Fauslaendische-fachkraefte-sind-unverzichtbar-9423%2F&media=https%3A%2F%2Fwww.weiterbildungsmarkt.net%2Fnews%2Fwp-content%2Fuploads%2F2017%2F11%2FNT174.png&description=Ausl%C3%A4ndische%20Fachkr%C3%A4fte%20sind%20unverzichtbar\" title=\"Bei Pinterest pinnen\" aria-label=\"Bei Pinterest pinnen\" role=\"button\" rel=\"noopener nofollow\" class=\"shariff-link\" style=\"; background-color:#cb2027; color:#fff\" target=\"_blank\"><span class=\"shariff-icon\" style=\"\"><svg width=\"32px\" height=\"20px\" xmlns=\"http:\/\/www.w3.org\/2000\/svg\" viewBox=\"0 0 27 32\"><path fill=\"#cb2027\" d=\"M27.4 16q0 3.7-1.8 6.9t-5 5-6.9 1.9q-2 0-3.9-0.6 1.1-1.7 1.4-2.9 0.2-0.6 1-3.8 0.4 0.7 1.3 1.2t2 0.5q2.1 0 3.8-1.2t2.7-3.4 0.9-4.8q0-2-1.1-3.8t-3.1-2.9-4.5-1.2q-1.9 0-3.5 0.5t-2.8 1.4-2 2-1.2 2.3-0.4 2.4q0 1.9 0.7 3.3t2.1 2q0.5 0.2 0.7-0.4 0-0.1 0.1-0.5t0.2-0.5q0.1-0.4-0.2-0.8-0.9-1.1-0.9-2.7 0-2.7 1.9-4.6t4.9-2q2.7 0 4.2 1.5t1.5 3.8q0 3-1.2 5.2t-3.1 2.1q-1.1 0-1.7-0.8t-0.4-1.9q0.1-0.6 0.5-1.7t0.5-1.8 0.2-1.4q0-0.9-0.5-1.5t-1.4-0.6q-1.1 0-1.9 1t-0.8 2.6q0 1.3 0.4 2.2l-1.8 7.5q-0.3 1.2-0.2 3.2-3.7-1.6-6-5t-2.3-7.6q0-3.7 1.9-6.9t5-5 6.9-1.9 6.9 1.9 5 5 1.8 6.9z\"\/><\/svg><\/span><\/a><\/li><\/ul><\/div>","protected":false},"excerpt":{"rendered":"<p>F\u00fcr den Zentralverband Deutsches Kraftfahrzeuggewerbe (ZDK) kommentiert Ren\u00e9 Gravendyk, ZDK-Vorstandsmitglied und Co-Vorsitzender des ZDK-Berufsbildungsausschusses, den Kurzbericht 95\/2024 des Instituts der deutschen Wirtschaft (IW) zur Bedeutung syrischer Fachkr\u00e4fte f\u00fcr sogenannte Engpassberufe in Deutschland: &#8222;Insbesondere im Bereich der Kraftfahrzeugtechnik, also auch Kfz-Mechatronik, besteht ein riesengro\u00dfer Bedarf an Fachpersonal. Mit \u00fcber 4.000 syrischen Besch\u00e4ftigten in diesem auch f\u00fcr [&hellip;]<\/p>\n","protected":false},"author":192,"featured_media":6108,"comment_status":"closed","ping_status":"closed","sticky":false,"template":"","format":"standard","meta":{"_acf_changed":false,"footnotes":""},"categories":[112],"tags":[],"class_list":["post-9423","post","type-post","status-publish","format-standard","has-post-thumbnail","hentry","category-neuigkeiten"],"acf":[],"_links":{"self":[{"href":"https:\/\/www.weiterbildungsmarkt.net\/news\/wp-json\/wp\/v2\/posts\/9423","targetHints":{"allow":["GET"]}}],"collection":[{"href":"https:\/\/www.weiterbildungsmarkt.net\/news\/wp-json\/wp\/v2\/posts"}],"about":[{"href":"https:\/\/www.weiterbildungsmarkt.net\/news\/wp-json\/wp\/v2\/types\/post"}],"author":[{"embeddable":true,"href":"https:\/\/www.weiterbildungsmarkt.net\/news\/wp-json\/wp\/v2\/users\/192"}],"replies":[{"embeddable":true,"href":"https:\/\/www.weiterbildungsmarkt.net\/news\/wp-json\/wp\/v2\/comments?post=9423"}],"version-history":[{"count":2,"href":"https:\/\/www.weiterbildungsmarkt.net\/news\/wp-json\/wp\/v2\/posts\/9423\/revisions"}],"predecessor-version":[{"id":9425,"href":"https:\/\/www.weiterbildungsmarkt.net\/news\/wp-json\/wp\/v2\/posts\/9423\/revisions\/9425"}],"wp:featuredmedia":[{"embeddable":true,"href":"https:\/\/www.weiterbildungsmarkt.net\/news\/wp-json\/wp\/v2\/media\/6108"}],"wp:attachment":[{"href":"https:\/\/www.weiterbildungsmarkt.net\/news\/wp-json\/wp\/v2\/media?parent=9423"}],"wp:term":[{"taxonomy":"category","embeddable":true,"href":"https:\/\/www.weiterbildungsmarkt.net\/news\/wp-json\/wp\/v2\/categories?post=9423"},{"taxonomy":"post_tag","embeddable":true,"href":"https:\/\/www.weiterbildungsmarkt.net\/news\/wp-json\/wp\/v2\/tags?post=9423"}],"curies":[{"name":"wp","href":"https:\/\/api.w.org\/{rel}","templated":true}]}}