{"id":9437,"date":"2025-04-16T10:37:48","date_gmt":"2025-04-16T08:37:48","guid":{"rendered":"https:\/\/www.weiterbildungsmarkt.net\/news\/?p=9437"},"modified":"2025-01-21T10:39:10","modified_gmt":"2025-01-21T09:39:10","slug":"mehr-als-die-haelfte-der-jungen-menschen-in-der-eu-fuehlt-sich-einsam","status":"publish","type":"post","link":"https:\/\/www.weiterbildungsmarkt.net\/news\/mehr-als-die-haelfte-der-jungen-menschen-in-der-eu-fuehlt-sich-einsam-9437\/","title":{"rendered":"Mehr als die H\u00e4lfte der jungen Menschen in der EU f\u00fchlt sich einsam"},"content":{"rendered":"<p style=\"text-align: justify;\">Viele junge Erwachsene in der EU teilen das Gef\u00fchl, einsam zu sein. Etwa 57 Prozent der jungen Europ\u00e4er:innen zwischen 18 und 35 Jahren f\u00fchlen sich zumindest moderat einsam, wie die neue Studie \u201eEinsamkeit junger Menschen 2024 im europ\u00e4ischen Vergleich\u201c der Bertelsmann Stiftung zeigt. Die Daten der EU-weiten Befragung stammen aus dem europ\u00e4ischen Meinungsforschungstool eupinions.<\/p>\n<p style=\"text-align: justify;\">Obwohl Einsamkeit unter jungen Menschen \u00fcberall in der EU seit der Corona-Pandemie ein Thema ist, gibt es nennenswerte Unterschiede zwischen den Mitgliedsstaaten. So versp\u00fcren junge Menschen in Frankreich besonders h\u00e4ufig Einsamkeit: 63 Prozent der jungen Franz\u00f6sinnen und Franzosen f\u00fchlen sind mindestens moderat einsam, 23 Prozent von ihnen stark einsam. Das sind die h\u00f6chsten Werte unter den sieben EU-L\u00e4ndern, die aufgrund der Stichprobengr\u00f6\u00dfe Vergleiche erlauben.<\/p>\n<p style=\"text-align: justify;\">Junge Erwachsene in Deutschland sind etwas seltener von Einsamkeit betroffen: 51 Prozent von ihnen geben an, sich zumindest moderat einsam zu f\u00fchlen, 12 Prozent f\u00fchlen sich stark einsam. W\u00e4hrend die moderate Einsamkeit junger Menschen in Deutschland am niedrigsten ist, sind die jungen Niederl\u00e4nder:innen am wenigsten von starker Einsamkeit betroffen.<\/p>\n<p style=\"text-align: justify;\">\u201eEinsamkeit kann das Zugeh\u00f6rigkeitsgef\u00fchl zur Gesellschaft vermindern und so auch zu einem gesellschaftlichen und politischen Problem werden. Gerade deshalb sollten wir Einsamkeit als Gesellschaft gemeinsam angehen und Betroffene nicht stigmatisieren\u201c, sagt Leander Berner, Jugendexperte bei der Bertelsmann Stiftung.<\/p>\n<p style=\"text-align: justify;\"><strong>Niedrigere Bildung verst\u00e4rkt die Einsamkeit<\/strong><\/p>\n<p style=\"text-align: justify;\">Im L\u00e4ndervergleich f\u00e4llt auf, dass Einsamkeit bei Menschen mit niedrigem Bildungsstand besonders stark ausgepr\u00e4gt ist. In der wissenschaftlichen Diskussion finden sich daf\u00fcr verschiedene Gr\u00fcnde: Einerseits wird angenommen, dass Menschen mit h\u00f6herem Bildungsstand zumeist mehr M\u00f6glichkeiten finden, um Stress zu bew\u00e4ltigen und in der Lage sind, mehr soziale Beziehungen aufrechtzuerhalten und diese auch besser zu pflegen. Andererseits verf\u00fcgen h\u00f6her Gebildete oft \u00fcber ein besseres Einkommen und k\u00f6nnen dadurch umfangreicher am sozialen Leben teilhaben.<\/p>\n<p style=\"text-align: justify;\">\u201eUm Einsamkeit unter jungen Menschen wirksam zu reduzieren, ist es entscheidend, ihre Perspektiven systematisch und verbindlich in politische Beratungsprozesse einzubeziehen. Indem wir junge Menschen aktiv in die Gestaltung und Umsetzung von Initiativen einbeziehen, schaffen wir L\u00f6sungen, die wirklich ihren Bed\u00fcrfnissen entsprechen und ihnen helfen, sich weniger isoliert zu f\u00fchlen\u201d, empfiehlt Anja Langness, Jugendexpertin bei der Bertelsmann Stiftung.<\/p>\n<p style=\"text-align: justify;\">Vor allem die starke und chronische Einsamkeit nehmen Betroffene als gro\u00dfes Problem wahr. Die Studie zeigt verschiedene Handlungsempfehlungen auf, um dem entgegenzutreten. So k\u00f6nnen eine gute Datenlage \u00fcber betroffene Personen, Beratungsangebote und Begegnungsformen insbesondere f\u00fcr junge Menschen, ein l\u00e4nder\u00fcbergreifender Austausch von Erfahrungen sowie die Unterst\u00fctzung sozialer und emotionaler F\u00e4higkeiten dazu beitragen, Einsamkeit wirksam zu reduzieren.<\/p>\n<p style=\"text-align: justify;\">Quelle: <a href=\"https:\/\/www.presseportal.de\/pm\/7977\/5931029\" target=\"_blank\" rel=\"noopener nofollow\" class=\"external external_icon\">Presseportal.de<\/a><\/p>\n<div class=\"shariff shariff-align-flex-start shariff-widget-align-flex-start\"><ul class=\"shariff-buttons theme-round orientation-horizontal buttonsize-medium\"><li class=\"shariff-button facebook shariff-nocustomcolor\" style=\"background-color:#4273c8\"><a href=\"https:\/\/www.facebook.com\/sharer\/sharer.php?u=https%3A%2F%2Fwww.weiterbildungsmarkt.net%2Fnews%2Fmehr-als-die-haelfte-der-jungen-menschen-in-der-eu-fuehlt-sich-einsam-9437%2F\" title=\"Bei Facebook teilen\" aria-label=\"Bei Facebook teilen\" role=\"button\" rel=\"nofollow\" class=\"shariff-link external external_icon\" style=\"; background-color:#3b5998; color:#fff\" target=\"_blank\"><span class=\"shariff-icon\" style=\"\"><svg width=\"32px\" height=\"20px\" xmlns=\"http:\/\/www.w3.org\/2000\/svg\" viewBox=\"0 0 18 32\"><path fill=\"#3b5998\" d=\"M17.1 0.2v4.7h-2.8q-1.5 0-2.1 0.6t-0.5 1.9v3.4h5.2l-0.7 5.3h-4.5v13.6h-5.5v-13.6h-4.5v-5.3h4.5v-3.9q0-3.3 1.9-5.2t5-1.8q2.6 0 4.1 0.2z\"\/><\/svg><\/span><\/a><\/li><li class=\"shariff-button twitter shariff-nocustomcolor\" style=\"background-color:#595959\"><a href=\"https:\/\/twitter.com\/share?url=https%3A%2F%2Fwww.weiterbildungsmarkt.net%2Fnews%2Fmehr-als-die-haelfte-der-jungen-menschen-in-der-eu-fuehlt-sich-einsam-9437%2F&text=Mehr%20als%20die%20H%C3%A4lfte%20der%20jungen%20Menschen%20in%20der%20EU%20f%C3%BChlt%20sich%20einsam\" title=\"Bei X teilen\" aria-label=\"Bei X teilen\" role=\"button\" rel=\"noopener nofollow\" class=\"shariff-link\" style=\"; background-color:#000; color:#fff\" target=\"_blank\"><span class=\"shariff-icon\" style=\"\"><svg width=\"32px\" height=\"20px\" xmlns=\"http:\/\/www.w3.org\/2000\/svg\" viewBox=\"0 0 24 24\"><path fill=\"#000\" d=\"M14.258 10.152L23.176 0h-2.113l-7.747 8.813L7.133 0H0l9.352 13.328L0 23.973h2.113l8.176-9.309 6.531 9.309h7.133zm-2.895 3.293l-.949-1.328L2.875 1.56h3.246l6.086 8.523.945 1.328 7.91 11.078h-3.246zm0 0\"\/><\/svg><\/span><\/a><\/li><li class=\"shariff-button xing shariff-nocustomcolor\" style=\"background-color:#29888a\"><a href=\"https:\/\/www.xing.com\/spi\/shares\/new?url=https%3A%2F%2Fwww.weiterbildungsmarkt.net%2Fnews%2Fmehr-als-die-haelfte-der-jungen-menschen-in-der-eu-fuehlt-sich-einsam-9437%2F\" title=\"Bei XING teilen\" aria-label=\"Bei XING teilen\" role=\"button\" rel=\"noopener nofollow\" class=\"shariff-link external external_icon\" style=\"; background-color:#126567; color:#fff\" target=\"_blank\"><span class=\"shariff-icon\" style=\"\"><svg width=\"32px\" height=\"20px\" xmlns=\"http:\/\/www.w3.org\/2000\/svg\" viewBox=\"0 0 25 32\"><path fill=\"#126567\" d=\"M10.7 11.9q-0.2 0.3-4.6 8.2-0.5 0.8-1.2 0.8h-4.3q-0.4 0-0.5-0.3t0-0.6l4.5-8q0 0 0 0l-2.9-5q-0.2-0.4 0-0.7 0.2-0.3 0.5-0.3h4.3q0.7 0 1.2 0.8zM25.1 0.4q0.2 0.3 0 0.7l-9.4 16.7 6 11q0.2 0.4 0 0.6-0.2 0.3-0.6 0.3h-4.3q-0.7 0-1.2-0.8l-6-11.1q0.3-0.6 9.5-16.8 0.4-0.8 1.2-0.8h4.3q0.4 0 0.5 0.3z\"\/><\/svg><\/span><\/a><\/li><li class=\"shariff-button linkedin shariff-nocustomcolor\" style=\"background-color:#1488bf\"><a href=\"https:\/\/www.linkedin.com\/sharing\/share-offsite\/?url=https%3A%2F%2Fwww.weiterbildungsmarkt.net%2Fnews%2Fmehr-als-die-haelfte-der-jungen-menschen-in-der-eu-fuehlt-sich-einsam-9437%2F\" title=\"Bei LinkedIn teilen\" aria-label=\"Bei LinkedIn teilen\" role=\"button\" rel=\"noopener nofollow\" class=\"shariff-link external external_icon\" style=\"; background-color:#0077b5; color:#fff\" target=\"_blank\"><span class=\"shariff-icon\" style=\"\"><svg width=\"32px\" height=\"20px\" xmlns=\"http:\/\/www.w3.org\/2000\/svg\" viewBox=\"0 0 27 32\"><path fill=\"#0077b5\" d=\"M6.2 11.2v17.7h-5.9v-17.7h5.9zM6.6 5.7q0 1.3-0.9 2.2t-2.4 0.9h0q-1.5 0-2.4-0.9t-0.9-2.2 0.9-2.2 2.4-0.9 2.4 0.9 0.9 2.2zM27.4 18.7v10.1h-5.9v-9.5q0-1.9-0.7-2.9t-2.3-1.1q-1.1 0-1.9 0.6t-1.2 1.5q-0.2 0.5-0.2 1.4v9.9h-5.9q0-7.1 0-11.6t0-5.3l0-0.9h5.9v2.6h0q0.4-0.6 0.7-1t1-0.9 1.6-0.8 2-0.3q3 0 4.9 2t1.9 6z\"\/><\/svg><\/span><\/a><\/li><li class=\"shariff-button whatsapp shariff-nocustomcolor\" style=\"background-color:#5cbe4a\"><a href=\"https:\/\/api.whatsapp.com\/send?text=https%3A%2F%2Fwww.weiterbildungsmarkt.net%2Fnews%2Fmehr-als-die-haelfte-der-jungen-menschen-in-der-eu-fuehlt-sich-einsam-9437%2F%20Mehr%20als%20die%20H%C3%A4lfte%20der%20jungen%20Menschen%20in%20der%20EU%20f%C3%BChlt%20sich%20einsam\" title=\"Bei Whatsapp teilen\" aria-label=\"Bei Whatsapp teilen\" role=\"button\" rel=\"noopener nofollow\" class=\"shariff-link external external_icon\" style=\"; background-color:#34af23; color:#fff\" target=\"_blank\"><span class=\"shariff-icon\" style=\"\"><svg width=\"32px\" height=\"20px\" xmlns=\"http:\/\/www.w3.org\/2000\/svg\" viewBox=\"0 0 32 32\"><path fill=\"#34af23\" d=\"M17.6 17.4q0.2 0 1.7 0.8t1.6 0.9q0 0.1 0 0.3 0 0.6-0.3 1.4-0.3 0.7-1.3 1.2t-1.8 0.5q-1 0-3.4-1.1-1.7-0.8-3-2.1t-2.6-3.3q-1.3-1.9-1.3-3.5v-0.1q0.1-1.6 1.3-2.8 0.4-0.4 0.9-0.4 0.1 0 0.3 0t0.3 0q0.3 0 0.5 0.1t0.3 0.5q0.1 0.4 0.6 1.6t0.4 1.3q0 0.4-0.6 1t-0.6 0.8q0 0.1 0.1 0.3 0.6 1.3 1.8 2.4 1 0.9 2.7 1.8 0.2 0.1 0.4 0.1 0.3 0 1-0.9t0.9-0.9zM14 26.9q2.3 0 4.3-0.9t3.6-2.4 2.4-3.6 0.9-4.3-0.9-4.3-2.4-3.6-3.6-2.4-4.3-0.9-4.3 0.9-3.6 2.4-2.4 3.6-0.9 4.3q0 3.6 2.1 6.6l-1.4 4.2 4.3-1.4q2.8 1.9 6.2 1.9zM14 2.2q2.7 0 5.2 1.1t4.3 2.9 2.9 4.3 1.1 5.2-1.1 5.2-2.9 4.3-4.3 2.9-5.2 1.1q-3.5 0-6.5-1.7l-7.4 2.4 2.4-7.2q-1.9-3.2-1.9-6.9 0-2.7 1.1-5.2t2.9-4.3 4.3-2.9 5.2-1.1z\"\/><\/svg><\/span><\/a><\/li><li class=\"shariff-button pinterest shariff-nocustomcolor\" style=\"background-color:#e70f18\"><a href=\"https:\/\/www.pinterest.com\/pin\/create\/link\/?url=https%3A%2F%2Fwww.weiterbildungsmarkt.net%2Fnews%2Fmehr-als-die-haelfte-der-jungen-menschen-in-der-eu-fuehlt-sich-einsam-9437%2F&media=https%3A%2F%2Fwww.weiterbildungsmarkt.net%2Fnews%2Fwp-content%2Fuploads%2F2017%2F11%2FNT174.png&description=Mehr%20als%20die%20H%C3%A4lfte%20der%20jungen%20Menschen%20in%20der%20EU%20f%C3%BChlt%20sich%20einsam\" title=\"Bei Pinterest pinnen\" aria-label=\"Bei Pinterest pinnen\" role=\"button\" rel=\"noopener nofollow\" class=\"shariff-link\" style=\"; background-color:#cb2027; color:#fff\" target=\"_blank\"><span class=\"shariff-icon\" style=\"\"><svg width=\"32px\" height=\"20px\" xmlns=\"http:\/\/www.w3.org\/2000\/svg\" viewBox=\"0 0 27 32\"><path fill=\"#cb2027\" d=\"M27.4 16q0 3.7-1.8 6.9t-5 5-6.9 1.9q-2 0-3.9-0.6 1.1-1.7 1.4-2.9 0.2-0.6 1-3.8 0.4 0.7 1.3 1.2t2 0.5q2.1 0 3.8-1.2t2.7-3.4 0.9-4.8q0-2-1.1-3.8t-3.1-2.9-4.5-1.2q-1.9 0-3.5 0.5t-2.8 1.4-2 2-1.2 2.3-0.4 2.4q0 1.9 0.7 3.3t2.1 2q0.5 0.2 0.7-0.4 0-0.1 0.1-0.5t0.2-0.5q0.1-0.4-0.2-0.8-0.9-1.1-0.9-2.7 0-2.7 1.9-4.6t4.9-2q2.7 0 4.2 1.5t1.5 3.8q0 3-1.2 5.2t-3.1 2.1q-1.1 0-1.7-0.8t-0.4-1.9q0.1-0.6 0.5-1.7t0.5-1.8 0.2-1.4q0-0.9-0.5-1.5t-1.4-0.6q-1.1 0-1.9 1t-0.8 2.6q0 1.3 0.4 2.2l-1.8 7.5q-0.3 1.2-0.2 3.2-3.7-1.6-6-5t-2.3-7.6q0-3.7 1.9-6.9t5-5 6.9-1.9 6.9 1.9 5 5 1.8 6.9z\"\/><\/svg><\/span><\/a><\/li><\/ul><\/div>","protected":false},"excerpt":{"rendered":"<p>Viele junge Erwachsene in der EU teilen das Gef\u00fchl, einsam zu sein. Etwa 57 Prozent der jungen Europ\u00e4er:innen zwischen 18 und 35 Jahren f\u00fchlen sich zumindest moderat einsam, wie die neue Studie \u201eEinsamkeit junger Menschen 2024 im europ\u00e4ischen Vergleich\u201c der Bertelsmann Stiftung zeigt. Die Daten der EU-weiten Befragung stammen aus dem europ\u00e4ischen Meinungsforschungstool eupinions. Obwohl [&hellip;]<\/p>\n","protected":false},"author":192,"featured_media":6108,"comment_status":"closed","ping_status":"closed","sticky":false,"template":"","format":"standard","meta":{"_acf_changed":false,"footnotes":""},"categories":[112,110],"tags":[],"class_list":["post-9437","post","type-post","status-publish","format-standard","has-post-thumbnail","hentry","category-neuigkeiten","category-studien"],"acf":[],"_links":{"self":[{"href":"https:\/\/www.weiterbildungsmarkt.net\/news\/wp-json\/wp\/v2\/posts\/9437","targetHints":{"allow":["GET"]}}],"collection":[{"href":"https:\/\/www.weiterbildungsmarkt.net\/news\/wp-json\/wp\/v2\/posts"}],"about":[{"href":"https:\/\/www.weiterbildungsmarkt.net\/news\/wp-json\/wp\/v2\/types\/post"}],"author":[{"embeddable":true,"href":"https:\/\/www.weiterbildungsmarkt.net\/news\/wp-json\/wp\/v2\/users\/192"}],"replies":[{"embeddable":true,"href":"https:\/\/www.weiterbildungsmarkt.net\/news\/wp-json\/wp\/v2\/comments?post=9437"}],"version-history":[{"count":2,"href":"https:\/\/www.weiterbildungsmarkt.net\/news\/wp-json\/wp\/v2\/posts\/9437\/revisions"}],"predecessor-version":[{"id":9439,"href":"https:\/\/www.weiterbildungsmarkt.net\/news\/wp-json\/wp\/v2\/posts\/9437\/revisions\/9439"}],"wp:featuredmedia":[{"embeddable":true,"href":"https:\/\/www.weiterbildungsmarkt.net\/news\/wp-json\/wp\/v2\/media\/6108"}],"wp:attachment":[{"href":"https:\/\/www.weiterbildungsmarkt.net\/news\/wp-json\/wp\/v2\/media?parent=9437"}],"wp:term":[{"taxonomy":"category","embeddable":true,"href":"https:\/\/www.weiterbildungsmarkt.net\/news\/wp-json\/wp\/v2\/categories?post=9437"},{"taxonomy":"post_tag","embeddable":true,"href":"https:\/\/www.weiterbildungsmarkt.net\/news\/wp-json\/wp\/v2\/tags?post=9437"}],"curies":[{"name":"wp","href":"https:\/\/api.w.org\/{rel}","templated":true}]}}