{"id":9454,"date":"2025-05-21T11:03:42","date_gmt":"2025-05-21T09:03:42","guid":{"rendered":"https:\/\/www.weiterbildungsmarkt.net\/news\/?p=9454"},"modified":"2025-01-21T11:05:21","modified_gmt":"2025-01-21T10:05:21","slug":"powernap-im-homeoffice-vier-von-zehn-berufstaetigen-legen-kurze-schlafpause-ein","status":"publish","type":"post","link":"https:\/\/www.weiterbildungsmarkt.net\/news\/powernap-im-homeoffice-vier-von-zehn-berufstaetigen-legen-kurze-schlafpause-ein-9454\/","title":{"rendered":"Powernap im Homeoffice &#8211; vier von zehn Berufst\u00e4tigen legen kurze Schlafpause ein"},"content":{"rendered":"<p style=\"text-align: justify;\">Im Homeoffice l\u00e4sst sich der Arbeitsalltag nach den eigenen W\u00fcnschen anpassen &#8211; auch was die M\u00f6glichkeit f\u00fcr einen kurzen Erholungsschlaf angeht. Rund 40 Prozent der Berufst\u00e4tigen machen einen sogenannten Powernap, um leistungsf\u00e4hig zu bleiben. Fast jede*r Zehnte h\u00e4lt h\u00e4ufig ein Nickerchen, 17 Prozent gelegentlich und 13 Prozent selten. Besonders die Generation Z legt gro\u00dfen Wert auf Erholung: Rund 60 Prozent legen hin und wieder eine Ruhepause ein, wenn sie von zu Hause arbeiten. Das sind Ergebnisse der repr\u00e4sentativen &#8222;Schlafstudie 2024&#8220; der Pronova BKK, f\u00fcr die im Herbst 2024 rund 1.200 Berufst\u00e4tige ab 18 Jahren online befragt wurden.<\/p>\n<p style=\"text-align: justify;\">Wer kennt es nicht, das ber\u00fchmte Mittagstief? M\u00fcdigkeit w\u00e4hrend der Arbeit ist etwas, das die meisten schon einmal erlebt haben. Jede*r zweite Berufst\u00e4tige f\u00fchlt sich h\u00e4ufig m\u00fcde. Die 18- bis 29-J\u00e4hrigen sind mit 64 Prozent am meisten betroffen. Mit zunehmendem Alter jedoch nimmt die M\u00fcdigkeit ab &#8211; bei den 50- bis 59-J\u00e4hrigen liegt der Anteil bei 43 Prozent, bei den \u00fcber 60-J\u00e4hrigen nur noch bei 34 Prozent.<\/p>\n<p style=\"text-align: justify;\">Das Homeoffice bietet die Chance f\u00fcr einen kurzen Erholungsschlaf, um die Energiereserven zwischendurch aufzuladen. Wie viele Berufst\u00e4tige diese M\u00f6glichkeit nutzen, zeigt die Studie: 39 Prozent machen einen Powernap, 26 Prozent verzichten darauf und 35 Prozent haben nicht diese M\u00f6glichkeit, da sie ausschlie\u00dflich im B\u00fcro oder an anderen Arbeitspl\u00e4tzen arbeiten. Beratungsarzt Dr. med. Gerd Herold von der Pronova BKK sagt zum Erholungsschlaf: &#8222;Ein Powernap von zehn bis zwanzig Minuten ist ein hervorragendes Mittel, um neue Energie zu tanken und die Konzentration zu verbessern. Wichtig ist, ihn kurz zu halten, damit die Nacht nicht beeintr\u00e4chtigt wird.&#8220; Er betont: &#8222;Ein Kurzschlaf wirkt besser als eine Tasse Kaffee.&#8220;<\/p>\n<p style=\"text-align: justify;\">Das Thema Powernap im Homeoffice wirft nicht nur gesundheitliche, sondern auch rechtliche Fragen auf. Nicole Mutschke, Rechtsanw\u00e4ltin und Fachanw\u00e4ltin f\u00fcr Arbeitsrecht, erkl\u00e4rt: &#8222;Grunds\u00e4tzlich kann ein Powernap im Homeoffice durchaus zul\u00e4ssig sein &#8211; allerdings nicht w\u00e4hrend der Arbeitszeit.&#8220;<\/p>\n<p style=\"text-align: justify;\">Sie stellt klar, dass f\u00fcr das Homeoffice die gleichen Regeln gelten wie f\u00fcr den Betrieb: &#8222;In der Pause steht einem kurzen Schlaf nichts entgegen&#8220;, sagt Mutschke weiter. Dennoch empfiehlt sie klare Absprachen: &#8222;Um m\u00f6gliche Diskussionen und \u00c4rger zu vermeiden, ist es sinnvoll, gerade f\u00fcr die Arbeit im Homeoffice eine explizite Regelung zur Erreichbarkeit zu treffen.&#8220;<\/p>\n<p style=\"text-align: justify;\"><strong>Generation Z forciert Wandel im Umgang mit Erholung im Arbeitsleben<\/strong><\/p>\n<p style=\"text-align: justify;\">Der Powernap als Erholungsrezept ist besonders bei den 18- bis 29-J\u00e4hrigen beliebt: Knapp 60 Prozent g\u00f6nnen sich hin und wieder eine kurze Auszeit im Homeoffice. Je \u00e4lter die Berufst\u00e4tigen sind, desto seltener machen sie einen Kurzschlaf. Bei den 40- bis 49-J\u00e4hrigen ist es mehr als ein Drittel, bei den 50- bis 59-J\u00e4hrigen liegt der Anteil nur noch bei 28 Prozent. Herold: &#8222;Hier zeigt sich ein klarer Unterschied zwischen den Generationen: W\u00e4hrend die J\u00fcngeren offener mit kurzen Erholungspausen umgehen und sie als normal empfinden, ist bei \u00e4lteren Berufst\u00e4tigen meist eine andere Einstellung zu beobachten. Viele sind mit dem Gedanken aufgewachsen, dass Schlafen w\u00e4hrend der Arbeitszeit tabu ist. Die Generation Z hingegen sagt: &#8218;Wenn ich m\u00fcde bin, mache ich einen Powernap und arbeite danach produktiver weiter&#8216;.&#8220;<\/p>\n<p style=\"text-align: justify;\"><strong>Powernap bringt Leistungsf\u00e4higkeit zur\u00fcck<\/strong><\/p>\n<p style=\"text-align: justify;\">Der Wunsch nach einer Schlafpause ist bei der Generation Z besonders verbreitet: Fast jede*r Zweite f\u00fchlt sich deutlich leistungsf\u00e4higer, wenn er oder sie zwischendurch schlafen kann. Mehr als jede*r Zweite w\u00fcnscht sich eine M\u00f6glichkeit f\u00fcr einen Powernap am Arbeitsplatz. Das ist der h\u00f6chste Wert aller Altersgruppen. Insgesamt sind es etwa vier von zehn Berufst\u00e4tigen, w\u00e4hrend bei den \u00fcber 50-J\u00e4hrigen rund jede*r Dritte diesen Wunsch teilt.<\/p>\n<p style=\"text-align: justify;\">Mehr Informationen zur Studie &#8222;Schlafen 2024&#8220; finden Sie hier: www.pronovabkk.de\/schlafstudie2024<\/p>\n<p style=\"text-align: justify;\"><strong>\u00dcber die Studie:<\/strong><\/p>\n<p style=\"text-align: justify;\">F\u00fcr die repr\u00e4sentative &#8222;Schlafstudie 2024&#8220; der Pronova BKK wurden im September und Oktober 2024 2.000 Personen ab 18 Jahren online befragt, darunter rund 1.200 Berufst\u00e4tige. Die Befragung gibt einen Einblick in die Schlafgewohnheiten der Deutschen und zeigt dar\u00fcber hinaus, welchen Einfluss Partnerschaft und Beruf auf das Schlafverhalten haben.<\/p>\n<p style=\"text-align: justify;\"><strong>\u00dcber die Pronova BKK<\/strong><\/p>\n<p style=\"text-align: justify;\">Mit der Pronova BKK f\u00fchlt sich Krankenkasse leicht an. Ob analog oder digital &#8211; rund 620.000 Versicherte und \u00fcber 86.000 Firmenkund*innen k\u00f6nnen auf den ausgezeichneten Service und das Engagement der 1.500 Mitarbeitenden z\u00e4hlen. Seit \u00fcber 200 Jahren gestaltet sie als Betriebskrankenkasse das Gesundheitssystem von morgen mit. Neben einfachen, schnellen und klaren Prozessen liegt der Fokus der Pronova BKK auf nachhaltigem Management.<\/p>\n<p style=\"text-align: justify;\">Quelle: <a href=\"https:\/\/www.presseportal.de\/pm\/119123\/5947681\" target=\"_blank\" rel=\"noopener nofollow\" class=\"external external_icon\">Presseportal.de<\/a><\/p>\n<div class=\"shariff shariff-align-flex-start shariff-widget-align-flex-start\"><ul class=\"shariff-buttons theme-round orientation-horizontal buttonsize-medium\"><li class=\"shariff-button facebook shariff-nocustomcolor\" style=\"background-color:#4273c8\"><a href=\"https:\/\/www.facebook.com\/sharer\/sharer.php?u=https%3A%2F%2Fwww.weiterbildungsmarkt.net%2Fnews%2Fpowernap-im-homeoffice-vier-von-zehn-berufstaetigen-legen-kurze-schlafpause-ein-9454%2F\" title=\"Bei Facebook teilen\" aria-label=\"Bei Facebook teilen\" role=\"button\" rel=\"nofollow\" class=\"shariff-link external external_icon\" style=\"; background-color:#3b5998; color:#fff\" target=\"_blank\"><span class=\"shariff-icon\" style=\"\"><svg width=\"32px\" height=\"20px\" xmlns=\"http:\/\/www.w3.org\/2000\/svg\" viewBox=\"0 0 18 32\"><path fill=\"#3b5998\" d=\"M17.1 0.2v4.7h-2.8q-1.5 0-2.1 0.6t-0.5 1.9v3.4h5.2l-0.7 5.3h-4.5v13.6h-5.5v-13.6h-4.5v-5.3h4.5v-3.9q0-3.3 1.9-5.2t5-1.8q2.6 0 4.1 0.2z\"\/><\/svg><\/span><\/a><\/li><li class=\"shariff-button twitter shariff-nocustomcolor\" style=\"background-color:#595959\"><a href=\"https:\/\/twitter.com\/share?url=https%3A%2F%2Fwww.weiterbildungsmarkt.net%2Fnews%2Fpowernap-im-homeoffice-vier-von-zehn-berufstaetigen-legen-kurze-schlafpause-ein-9454%2F&text=Powernap%20im%20Homeoffice%20%E2%80%93%20vier%20von%20zehn%20Berufst%C3%A4tigen%20legen%20kurze%20Schlafpause%20ein\" title=\"Bei X teilen\" aria-label=\"Bei X teilen\" role=\"button\" rel=\"noopener nofollow\" class=\"shariff-link\" style=\"; background-color:#000; color:#fff\" target=\"_blank\"><span class=\"shariff-icon\" style=\"\"><svg width=\"32px\" height=\"20px\" xmlns=\"http:\/\/www.w3.org\/2000\/svg\" viewBox=\"0 0 24 24\"><path fill=\"#000\" d=\"M14.258 10.152L23.176 0h-2.113l-7.747 8.813L7.133 0H0l9.352 13.328L0 23.973h2.113l8.176-9.309 6.531 9.309h7.133zm-2.895 3.293l-.949-1.328L2.875 1.56h3.246l6.086 8.523.945 1.328 7.91 11.078h-3.246zm0 0\"\/><\/svg><\/span><\/a><\/li><li class=\"shariff-button xing shariff-nocustomcolor\" style=\"background-color:#29888a\"><a href=\"https:\/\/www.xing.com\/spi\/shares\/new?url=https%3A%2F%2Fwww.weiterbildungsmarkt.net%2Fnews%2Fpowernap-im-homeoffice-vier-von-zehn-berufstaetigen-legen-kurze-schlafpause-ein-9454%2F\" title=\"Bei XING teilen\" aria-label=\"Bei XING teilen\" role=\"button\" rel=\"noopener nofollow\" class=\"shariff-link external external_icon\" style=\"; background-color:#126567; color:#fff\" target=\"_blank\"><span class=\"shariff-icon\" style=\"\"><svg width=\"32px\" height=\"20px\" xmlns=\"http:\/\/www.w3.org\/2000\/svg\" viewBox=\"0 0 25 32\"><path fill=\"#126567\" d=\"M10.7 11.9q-0.2 0.3-4.6 8.2-0.5 0.8-1.2 0.8h-4.3q-0.4 0-0.5-0.3t0-0.6l4.5-8q0 0 0 0l-2.9-5q-0.2-0.4 0-0.7 0.2-0.3 0.5-0.3h4.3q0.7 0 1.2 0.8zM25.1 0.4q0.2 0.3 0 0.7l-9.4 16.7 6 11q0.2 0.4 0 0.6-0.2 0.3-0.6 0.3h-4.3q-0.7 0-1.2-0.8l-6-11.1q0.3-0.6 9.5-16.8 0.4-0.8 1.2-0.8h4.3q0.4 0 0.5 0.3z\"\/><\/svg><\/span><\/a><\/li><li class=\"shariff-button linkedin shariff-nocustomcolor\" style=\"background-color:#1488bf\"><a href=\"https:\/\/www.linkedin.com\/sharing\/share-offsite\/?url=https%3A%2F%2Fwww.weiterbildungsmarkt.net%2Fnews%2Fpowernap-im-homeoffice-vier-von-zehn-berufstaetigen-legen-kurze-schlafpause-ein-9454%2F\" title=\"Bei LinkedIn teilen\" aria-label=\"Bei LinkedIn teilen\" role=\"button\" rel=\"noopener nofollow\" class=\"shariff-link external external_icon\" style=\"; background-color:#0077b5; color:#fff\" target=\"_blank\"><span class=\"shariff-icon\" style=\"\"><svg width=\"32px\" height=\"20px\" xmlns=\"http:\/\/www.w3.org\/2000\/svg\" viewBox=\"0 0 27 32\"><path fill=\"#0077b5\" d=\"M6.2 11.2v17.7h-5.9v-17.7h5.9zM6.6 5.7q0 1.3-0.9 2.2t-2.4 0.9h0q-1.5 0-2.4-0.9t-0.9-2.2 0.9-2.2 2.4-0.9 2.4 0.9 0.9 2.2zM27.4 18.7v10.1h-5.9v-9.5q0-1.9-0.7-2.9t-2.3-1.1q-1.1 0-1.9 0.6t-1.2 1.5q-0.2 0.5-0.2 1.4v9.9h-5.9q0-7.1 0-11.6t0-5.3l0-0.9h5.9v2.6h0q0.4-0.6 0.7-1t1-0.9 1.6-0.8 2-0.3q3 0 4.9 2t1.9 6z\"\/><\/svg><\/span><\/a><\/li><li class=\"shariff-button whatsapp shariff-nocustomcolor\" style=\"background-color:#5cbe4a\"><a href=\"https:\/\/api.whatsapp.com\/send?text=https%3A%2F%2Fwww.weiterbildungsmarkt.net%2Fnews%2Fpowernap-im-homeoffice-vier-von-zehn-berufstaetigen-legen-kurze-schlafpause-ein-9454%2F%20Powernap%20im%20Homeoffice%20%E2%80%93%20vier%20von%20zehn%20Berufst%C3%A4tigen%20legen%20kurze%20Schlafpause%20ein\" title=\"Bei Whatsapp teilen\" aria-label=\"Bei Whatsapp teilen\" role=\"button\" rel=\"noopener nofollow\" class=\"shariff-link external external_icon\" style=\"; background-color:#34af23; color:#fff\" target=\"_blank\"><span class=\"shariff-icon\" style=\"\"><svg width=\"32px\" height=\"20px\" xmlns=\"http:\/\/www.w3.org\/2000\/svg\" viewBox=\"0 0 32 32\"><path fill=\"#34af23\" d=\"M17.6 17.4q0.2 0 1.7 0.8t1.6 0.9q0 0.1 0 0.3 0 0.6-0.3 1.4-0.3 0.7-1.3 1.2t-1.8 0.5q-1 0-3.4-1.1-1.7-0.8-3-2.1t-2.6-3.3q-1.3-1.9-1.3-3.5v-0.1q0.1-1.6 1.3-2.8 0.4-0.4 0.9-0.4 0.1 0 0.3 0t0.3 0q0.3 0 0.5 0.1t0.3 0.5q0.1 0.4 0.6 1.6t0.4 1.3q0 0.4-0.6 1t-0.6 0.8q0 0.1 0.1 0.3 0.6 1.3 1.8 2.4 1 0.9 2.7 1.8 0.2 0.1 0.4 0.1 0.3 0 1-0.9t0.9-0.9zM14 26.9q2.3 0 4.3-0.9t3.6-2.4 2.4-3.6 0.9-4.3-0.9-4.3-2.4-3.6-3.6-2.4-4.3-0.9-4.3 0.9-3.6 2.4-2.4 3.6-0.9 4.3q0 3.6 2.1 6.6l-1.4 4.2 4.3-1.4q2.8 1.9 6.2 1.9zM14 2.2q2.7 0 5.2 1.1t4.3 2.9 2.9 4.3 1.1 5.2-1.1 5.2-2.9 4.3-4.3 2.9-5.2 1.1q-3.5 0-6.5-1.7l-7.4 2.4 2.4-7.2q-1.9-3.2-1.9-6.9 0-2.7 1.1-5.2t2.9-4.3 4.3-2.9 5.2-1.1z\"\/><\/svg><\/span><\/a><\/li><li class=\"shariff-button pinterest shariff-nocustomcolor\" style=\"background-color:#e70f18\"><a href=\"https:\/\/www.pinterest.com\/pin\/create\/link\/?url=https%3A%2F%2Fwww.weiterbildungsmarkt.net%2Fnews%2Fpowernap-im-homeoffice-vier-von-zehn-berufstaetigen-legen-kurze-schlafpause-ein-9454%2F&media=https%3A%2F%2Fwww.weiterbildungsmarkt.net%2Fnews%2Fwp-content%2Fuploads%2F2017%2F11%2FNT174.png&description=Powernap%20im%20Homeoffice%20%E2%80%93%20vier%20von%20zehn%20Berufst%C3%A4tigen%20legen%20kurze%20Schlafpause%20ein\" title=\"Bei Pinterest pinnen\" aria-label=\"Bei Pinterest pinnen\" role=\"button\" rel=\"noopener nofollow\" class=\"shariff-link\" style=\"; background-color:#cb2027; color:#fff\" target=\"_blank\"><span class=\"shariff-icon\" style=\"\"><svg width=\"32px\" height=\"20px\" xmlns=\"http:\/\/www.w3.org\/2000\/svg\" viewBox=\"0 0 27 32\"><path fill=\"#cb2027\" d=\"M27.4 16q0 3.7-1.8 6.9t-5 5-6.9 1.9q-2 0-3.9-0.6 1.1-1.7 1.4-2.9 0.2-0.6 1-3.8 0.4 0.7 1.3 1.2t2 0.5q2.1 0 3.8-1.2t2.7-3.4 0.9-4.8q0-2-1.1-3.8t-3.1-2.9-4.5-1.2q-1.9 0-3.5 0.5t-2.8 1.4-2 2-1.2 2.3-0.4 2.4q0 1.9 0.7 3.3t2.1 2q0.5 0.2 0.7-0.4 0-0.1 0.1-0.5t0.2-0.5q0.1-0.4-0.2-0.8-0.9-1.1-0.9-2.7 0-2.7 1.9-4.6t4.9-2q2.7 0 4.2 1.5t1.5 3.8q0 3-1.2 5.2t-3.1 2.1q-1.1 0-1.7-0.8t-0.4-1.9q0.1-0.6 0.5-1.7t0.5-1.8 0.2-1.4q0-0.9-0.5-1.5t-1.4-0.6q-1.1 0-1.9 1t-0.8 2.6q0 1.3 0.4 2.2l-1.8 7.5q-0.3 1.2-0.2 3.2-3.7-1.6-6-5t-2.3-7.6q0-3.7 1.9-6.9t5-5 6.9-1.9 6.9 1.9 5 5 1.8 6.9z\"\/><\/svg><\/span><\/a><\/li><\/ul><\/div>","protected":false},"excerpt":{"rendered":"<p>Im Homeoffice l\u00e4sst sich der Arbeitsalltag nach den eigenen W\u00fcnschen anpassen &#8211; auch was die M\u00f6glichkeit f\u00fcr einen kurzen Erholungsschlaf angeht. Rund 40 Prozent der Berufst\u00e4tigen machen einen sogenannten Powernap, um leistungsf\u00e4hig zu bleiben. Fast jede*r Zehnte h\u00e4lt h\u00e4ufig ein Nickerchen, 17 Prozent gelegentlich und 13 Prozent selten. Besonders die Generation Z legt gro\u00dfen Wert [&hellip;]<\/p>\n","protected":false},"author":192,"featured_media":6108,"comment_status":"closed","ping_status":"closed","sticky":false,"template":"","format":"standard","meta":{"_acf_changed":false,"footnotes":""},"categories":[112,110],"tags":[],"class_list":["post-9454","post","type-post","status-publish","format-standard","has-post-thumbnail","hentry","category-neuigkeiten","category-studien"],"acf":[],"_links":{"self":[{"href":"https:\/\/www.weiterbildungsmarkt.net\/news\/wp-json\/wp\/v2\/posts\/9454","targetHints":{"allow":["GET"]}}],"collection":[{"href":"https:\/\/www.weiterbildungsmarkt.net\/news\/wp-json\/wp\/v2\/posts"}],"about":[{"href":"https:\/\/www.weiterbildungsmarkt.net\/news\/wp-json\/wp\/v2\/types\/post"}],"author":[{"embeddable":true,"href":"https:\/\/www.weiterbildungsmarkt.net\/news\/wp-json\/wp\/v2\/users\/192"}],"replies":[{"embeddable":true,"href":"https:\/\/www.weiterbildungsmarkt.net\/news\/wp-json\/wp\/v2\/comments?post=9454"}],"version-history":[{"count":2,"href":"https:\/\/www.weiterbildungsmarkt.net\/news\/wp-json\/wp\/v2\/posts\/9454\/revisions"}],"predecessor-version":[{"id":9456,"href":"https:\/\/www.weiterbildungsmarkt.net\/news\/wp-json\/wp\/v2\/posts\/9454\/revisions\/9456"}],"wp:featuredmedia":[{"embeddable":true,"href":"https:\/\/www.weiterbildungsmarkt.net\/news\/wp-json\/wp\/v2\/media\/6108"}],"wp:attachment":[{"href":"https:\/\/www.weiterbildungsmarkt.net\/news\/wp-json\/wp\/v2\/media?parent=9454"}],"wp:term":[{"taxonomy":"category","embeddable":true,"href":"https:\/\/www.weiterbildungsmarkt.net\/news\/wp-json\/wp\/v2\/categories?post=9454"},{"taxonomy":"post_tag","embeddable":true,"href":"https:\/\/www.weiterbildungsmarkt.net\/news\/wp-json\/wp\/v2\/tags?post=9454"}],"curies":[{"name":"wp","href":"https:\/\/api.w.org\/{rel}","templated":true}]}}