{"id":9570,"date":"2025-11-18T14:16:53","date_gmt":"2025-11-18T13:16:53","guid":{"rendered":"https:\/\/www.weiterbildungsmarkt.net\/news\/?p=9570"},"modified":"2025-11-10T14:17:11","modified_gmt":"2025-11-10T13:17:11","slug":"deutschlands-wirtschaft-im-stresstest","status":"publish","type":"post","link":"https:\/\/www.weiterbildungsmarkt.net\/news\/deutschlands-wirtschaft-im-stresstest-9570\/","title":{"rendered":"Deutschlands Wirtschaft im Stresstest"},"content":{"rendered":"<p style=\"text-align: justify;\">Der Fachkr\u00e4ftemangel bleibt die dominierende Herausforderung f\u00fcr Unternehmen in Deutschland. Das zeigt eine aktuelle Umfrage des Personaldienstleisters Hays unter 700 F\u00fchrungskr\u00e4ften: 56 Prozent nennen den Mangel an qualifizierten Mitarbeitenden als gr\u00f6\u00dftes Problem &#8211; deutlich vor hohen Energiekosten (46 %) und den technologischen Umbr\u00fcchen durch Digitalisierung und K\u00fcnstliche Intelligenz (je 36 %).<\/p>\n<p style=\"text-align: justify;\">&#8222;Der Fachkr\u00e4ftemangel ist l\u00e4ngst kein tempor\u00e4res Problem mehr, sondern eine strukturelle Bremse f\u00fcr Innovation und Wachstum&#8220;, sagt Alexander Heise, Vorstand des Unternehmens. &#8222;Umso wichtiger ist es, dass Unternehmen in Weiterbildung, Technologie und moderne Arbeitskulturen investieren.&#8220;<\/p>\n<p style=\"text-align: justify;\"><strong>Unternehmen investieren in Menschen und Technologien<\/strong><\/p>\n<p style=\"text-align: justify;\">Wie reagieren die Unternehmen? Mehr als die H\u00e4lfte der befragten Unternehmen (54 %) setzt auf gezielte Weiterbildung und Qualifizierung, im \u00f6ffentlichen Sektor sind es sogar 61 Prozent. Ebenfalls hoch im Kurs: Investitionen in neue Technologien (52 %). Zudem f\u00f6rdern 36 Prozent flexible Arbeitsmodelle, wie Homeoffice oder die Vier-Tage-Woche, um Fachkr\u00e4fte zu binden und neue Talente zu gewinnen.<\/p>\n<p style=\"text-align: justify;\">Trotz der anhaltenden Herausforderungen sehen sich 60 Prozent der F\u00fchrungskr\u00e4fte gut oder sehr gut auf die kommenden Transformationen vorbereitet. Die anderen, weniger optimistischen Entscheiderinnen und Entscheider nennen vor allem den Fachkr\u00e4ftemangel (61 %), fehlendes Digital- und KI-Know-how (41 %) sowie finanzielle oder zeitliche Engp\u00e4sse (je 33 %) als zentrale H\u00fcrden. Gleichzeitig sehen viele Befragte erhebliche Potenziale: 46 Prozent erwarten durch KI-Einsatz Effizienz- und Innovationssch\u00fcbe, 45 Prozent sehen Chancen in der Digitalisierung von Prozessen und Gesch\u00e4ftsmodellen. Neue Produkte, Dienstleistungen und M\u00e4rkte durch technologische Innovationen bewerten jeweils 35 Prozent als besonders vielversprechend.<\/p>\n<p style=\"text-align: justify;\">Die Erwartungen der Unternehmen an die Politik sind eindeutig: Jede zweite F\u00fchrungskraft (50 %) fordert einen konsequenten Abbau b\u00fcrokratischer H\u00fcrden. Besonders deutlich wird diese Forderung ausgerechnet im \u00f6ffentlichen Sektor selbst (55 %). Auf der Wunschliste folgen steuerliche Entlastungen (46 %), der Ausbau digitaler Infrastruktur (40 %) sowie Investitionen in Aus- und Weiterbildung (37 %).<\/p>\n<p style=\"text-align: justify;\"><strong>Sonderverm\u00f6gen als Hoffnungstr\u00e4ger &#8211; erste Effekte schon 2026 erwartet<\/strong><\/p>\n<p style=\"text-align: justify;\">Das Sonderverm\u00f6gen der Bundesregierung wird von vielen Unternehmen als strategische Chance zur St\u00e4rkung des Wirtschaftsstandorts gesehen. 45 Prozent erwarten positive Impulse f\u00fcr die deutsche Wirtschaft, 37 Prozent setzen auf F\u00f6rderprogramme und Zusch\u00fcsse, und 36 Prozent hoffen auf gezielte Unterst\u00fctzung bei Investitionen. Allerdings bef\u00fcrchten 46 Prozent der Befragten, dass der b\u00fcrokratische Aufwand bei der Beantragung von F\u00f6rdermitteln zu hoch sein wird. 37 Prozent sehen die Gefahr, die Chancen des Sonderverm\u00f6gens durch den Mangel an Fachkr\u00e4ften nicht nutzen zu k\u00f6nnen.<\/p>\n<p style=\"text-align: justify;\">Trotzdem \u00fcberwiegt der Optimismus: 68 Prozent der F\u00fchrungskr\u00e4fte erwarten sp\u00fcrbare Effekte des Sonderverm\u00f6gens bis Mitte 2027, 37 Prozent sogar schon bis Mitte 2026. Besonders zuversichtlich zeigen sich Mitglieder der Gesch\u00e4ftsf\u00fchrungen (81 % bzw. 56 %) &#8211; ein deutliches Signal, dass die Wirtschaft schnelles und entschlossenes Handeln der Politik erwartet.<\/p>\n<p style=\"text-align: justify;\">&#8222;Der avisierte B\u00fcrokratieabbau und das Sonderverm\u00f6gen k\u00f6nnen wichtigen Impulse setzen &#8211; doch die Wirtschaft erwartet jetzt schnelle Ergebnisse von der Politik&#8220;, sagt Alexander Heise, Hays CEO Deutschland und CEMEA.<\/p>\n<p style=\"text-align: justify;\"><strong>\u00dcber die Studie<\/strong><\/p>\n<p style=\"text-align: justify;\">Als marktf\u00fchrender Personaldienstleister f\u00fcr Fach- und F\u00fchrungskr\u00e4fte beobachtet und analysiert Hays den Arbeitsmarkt und die wirtschaftliche Situation in zahlreichen Studien. Seit 15 Jahren erscheint der Hays HR-Report und seit 11 Jahren den Hays Fachkr\u00e4fte-Index. Mehr dazu finden Sie unter www.hays.de\/personaldienstleistung-aktuell. Die aktuelle Umfrage &#8222;Zeiten \u00e4ndern sich. Branchen auch.&#8220; wurde im Sommer 2025 von Hays durchgef\u00fchrt. Befragt wurden 700 F\u00fchrungskr\u00e4fte aus verschiedenen Branchen und Sektoren in Deutschland.<\/p>\n<p style=\"text-align: justify;\">Quelle: <a href=\"https:\/\/www.presseportal.de\/pm\/63173\/6146550\" target=\"_blank\" rel=\"noopener nofollow\" class=\"external external_icon\">Presseportal.de<\/a><\/p>\n<div class=\"shariff shariff-align-left shariff-widget-align-left\"><ul class=\"shariff-buttons theme-round orientation-horizontal buttonsize-medium\"><li class=\"shariff-button facebook shariff-nocustomcolor\" style=\"background-color:#4273c8\"><a href=\"https:\/\/www.facebook.com\/sharer\/sharer.php?u=https%3A%2F%2Fwww.weiterbildungsmarkt.net%2Fnews%2Fdeutschlands-wirtschaft-im-stresstest-9570%2F\" title=\"Bei Facebook teilen\" aria-label=\"Bei Facebook teilen\" role=\"button\" rel=\"nofollow\" class=\"shariff-link external external_icon\" style=\"; background-color:#3b5998; color:#fff\" target=\"_blank\"><span class=\"shariff-icon\" style=\"\"><svg width=\"32px\" height=\"20px\" xmlns=\"http:\/\/www.w3.org\/2000\/svg\" viewBox=\"0 0 18 32\"><path fill=\"#3b5998\" d=\"M17.1 0.2v4.7h-2.8q-1.5 0-2.1 0.6t-0.5 1.9v3.4h5.2l-0.7 5.3h-4.5v13.6h-5.5v-13.6h-4.5v-5.3h4.5v-3.9q0-3.3 1.9-5.2t5-1.8q2.6 0 4.1 0.2z\"\/><\/svg><\/span><\/a><\/li><li class=\"shariff-button twitter shariff-nocustomcolor\" style=\"background-color:#595959\"><a href=\"https:\/\/twitter.com\/share?url=https%3A%2F%2Fwww.weiterbildungsmarkt.net%2Fnews%2Fdeutschlands-wirtschaft-im-stresstest-9570%2F&text=Deutschlands%20Wirtschaft%20im%20Stresstest\" title=\"Bei X teilen\" aria-label=\"Bei X teilen\" role=\"button\" rel=\"noopener nofollow\" class=\"shariff-link\" style=\"; background-color:#000; color:#fff\" target=\"_blank\"><span class=\"shariff-icon\" style=\"\"><svg width=\"32px\" height=\"20px\" xmlns=\"http:\/\/www.w3.org\/2000\/svg\" viewBox=\"0 0 24 24\"><path fill=\"#000\" d=\"M14.258 10.152L23.176 0h-2.113l-7.747 8.813L7.133 0H0l9.352 13.328L0 23.973h2.113l8.176-9.309 6.531 9.309h7.133zm-2.895 3.293l-.949-1.328L2.875 1.56h3.246l6.086 8.523.945 1.328 7.91 11.078h-3.246zm0 0\"\/><\/svg><\/span><\/a><\/li><li class=\"shariff-button xing shariff-nocustomcolor\" style=\"background-color:#29888a\"><a href=\"https:\/\/www.xing.com\/spi\/shares\/new?url=https%3A%2F%2Fwww.weiterbildungsmarkt.net%2Fnews%2Fdeutschlands-wirtschaft-im-stresstest-9570%2F\" title=\"Bei XING teilen\" aria-label=\"Bei XING teilen\" role=\"button\" rel=\"noopener nofollow\" class=\"shariff-link external external_icon\" style=\"; background-color:#126567; color:#fff\" target=\"_blank\"><span class=\"shariff-icon\" style=\"\"><svg width=\"32px\" height=\"20px\" xmlns=\"http:\/\/www.w3.org\/2000\/svg\" viewBox=\"0 0 25 32\"><path fill=\"#126567\" d=\"M10.7 11.9q-0.2 0.3-4.6 8.2-0.5 0.8-1.2 0.8h-4.3q-0.4 0-0.5-0.3t0-0.6l4.5-8q0 0 0 0l-2.9-5q-0.2-0.4 0-0.7 0.2-0.3 0.5-0.3h4.3q0.7 0 1.2 0.8zM25.1 0.4q0.2 0.3 0 0.7l-9.4 16.7 6 11q0.2 0.4 0 0.6-0.2 0.3-0.6 0.3h-4.3q-0.7 0-1.2-0.8l-6-11.1q0.3-0.6 9.5-16.8 0.4-0.8 1.2-0.8h4.3q0.4 0 0.5 0.3z\"\/><\/svg><\/span><\/a><\/li><li class=\"shariff-button linkedin shariff-nocustomcolor\" style=\"background-color:#1488bf\"><a href=\"https:\/\/www.linkedin.com\/sharing\/share-offsite\/?url=https%3A%2F%2Fwww.weiterbildungsmarkt.net%2Fnews%2Fdeutschlands-wirtschaft-im-stresstest-9570%2F\" title=\"Bei LinkedIn teilen\" aria-label=\"Bei LinkedIn teilen\" role=\"button\" rel=\"noopener nofollow\" class=\"shariff-link external external_icon\" style=\"; background-color:#0077b5; color:#fff\" target=\"_blank\"><span class=\"shariff-icon\" style=\"\"><svg width=\"32px\" height=\"20px\" xmlns=\"http:\/\/www.w3.org\/2000\/svg\" viewBox=\"0 0 27 32\"><path fill=\"#0077b5\" d=\"M6.2 11.2v17.7h-5.9v-17.7h5.9zM6.6 5.7q0 1.3-0.9 2.2t-2.4 0.9h0q-1.5 0-2.4-0.9t-0.9-2.2 0.9-2.2 2.4-0.9 2.4 0.9 0.9 2.2zM27.4 18.7v10.1h-5.9v-9.5q0-1.9-0.7-2.9t-2.3-1.1q-1.1 0-1.9 0.6t-1.2 1.5q-0.2 0.5-0.2 1.4v9.9h-5.9q0-7.1 0-11.6t0-5.3l0-0.9h5.9v2.6h0q0.4-0.6 0.7-1t1-0.9 1.6-0.8 2-0.3q3 0 4.9 2t1.9 6z\"\/><\/svg><\/span><\/a><\/li><li class=\"shariff-button whatsapp shariff-nocustomcolor\" style=\"background-color:#5cbe4a\"><a href=\"https:\/\/api.whatsapp.com\/send?text=https%3A%2F%2Fwww.weiterbildungsmarkt.net%2Fnews%2Fdeutschlands-wirtschaft-im-stresstest-9570%2F%20Deutschlands%20Wirtschaft%20im%20Stresstest\" title=\"Bei Whatsapp teilen\" aria-label=\"Bei Whatsapp teilen\" role=\"button\" rel=\"noopener nofollow\" class=\"shariff-link external external_icon\" style=\"; background-color:#34af23; color:#fff\" target=\"_blank\"><span class=\"shariff-icon\" style=\"\"><svg width=\"32px\" height=\"20px\" xmlns=\"http:\/\/www.w3.org\/2000\/svg\" viewBox=\"0 0 32 32\"><path fill=\"#34af23\" d=\"M17.6 17.4q0.2 0 1.7 0.8t1.6 0.9q0 0.1 0 0.3 0 0.6-0.3 1.4-0.3 0.7-1.3 1.2t-1.8 0.5q-1 0-3.4-1.1-1.7-0.8-3-2.1t-2.6-3.3q-1.3-1.9-1.3-3.5v-0.1q0.1-1.6 1.3-2.8 0.4-0.4 0.9-0.4 0.1 0 0.3 0t0.3 0q0.3 0 0.5 0.1t0.3 0.5q0.1 0.4 0.6 1.6t0.4 1.3q0 0.4-0.6 1t-0.6 0.8q0 0.1 0.1 0.3 0.6 1.3 1.8 2.4 1 0.9 2.7 1.8 0.2 0.1 0.4 0.1 0.3 0 1-0.9t0.9-0.9zM14 26.9q2.3 0 4.3-0.9t3.6-2.4 2.4-3.6 0.9-4.3-0.9-4.3-2.4-3.6-3.6-2.4-4.3-0.9-4.3 0.9-3.6 2.4-2.4 3.6-0.9 4.3q0 3.6 2.1 6.6l-1.4 4.2 4.3-1.4q2.8 1.9 6.2 1.9zM14 2.2q2.7 0 5.2 1.1t4.3 2.9 2.9 4.3 1.1 5.2-1.1 5.2-2.9 4.3-4.3 2.9-5.2 1.1q-3.5 0-6.5-1.7l-7.4 2.4 2.4-7.2q-1.9-3.2-1.9-6.9 0-2.7 1.1-5.2t2.9-4.3 4.3-2.9 5.2-1.1z\"\/><\/svg><\/span><\/a><\/li><li class=\"shariff-button pinterest shariff-nocustomcolor\" style=\"background-color:#e70f18\"><a href=\"https:\/\/www.pinterest.com\/pin\/create\/link\/?url=https%3A%2F%2Fwww.weiterbildungsmarkt.net%2Fnews%2Fdeutschlands-wirtschaft-im-stresstest-9570%2F&media=https%3A%2F%2Fwww.weiterbildungsmarkt.net%2Fnews%2Fwp-content%2Fuploads%2F2017%2F11%2FNT174.png&description=Deutschlands%20Wirtschaft%20im%20Stresstest\" title=\"Bei Pinterest pinnen\" aria-label=\"Bei Pinterest pinnen\" role=\"button\" rel=\"noopener nofollow\" class=\"shariff-link\" style=\"; background-color:#cb2027; color:#fff\" target=\"_blank\"><span class=\"shariff-icon\" style=\"\"><svg width=\"32px\" height=\"20px\" xmlns=\"http:\/\/www.w3.org\/2000\/svg\" viewBox=\"0 0 27 32\"><path fill=\"#cb2027\" d=\"M27.4 16q0 3.7-1.8 6.9t-5 5-6.9 1.9q-2 0-3.9-0.6 1.1-1.7 1.4-2.9 0.2-0.6 1-3.8 0.4 0.7 1.3 1.2t2 0.5q2.1 0 3.8-1.2t2.7-3.4 0.9-4.8q0-2-1.1-3.8t-3.1-2.9-4.5-1.2q-1.9 0-3.5 0.5t-2.8 1.4-2 2-1.2 2.3-0.4 2.4q0 1.9 0.7 3.3t2.1 2q0.5 0.2 0.7-0.4 0-0.1 0.1-0.5t0.2-0.5q0.1-0.4-0.2-0.8-0.9-1.1-0.9-2.7 0-2.7 1.9-4.6t4.9-2q2.7 0 4.2 1.5t1.5 3.8q0 3-1.2 5.2t-3.1 2.1q-1.1 0-1.7-0.8t-0.4-1.9q0.1-0.6 0.5-1.7t0.5-1.8 0.2-1.4q0-0.9-0.5-1.5t-1.4-0.6q-1.1 0-1.9 1t-0.8 2.6q0 1.3 0.4 2.2l-1.8 7.5q-0.3 1.2-0.2 3.2-3.7-1.6-6-5t-2.3-7.6q0-3.7 1.9-6.9t5-5 6.9-1.9 6.9 1.9 5 5 1.8 6.9z\"\/><\/svg><\/span><\/a><\/li><\/ul><\/div>","protected":false},"excerpt":{"rendered":"<p>Der Fachkr\u00e4ftemangel bleibt die dominierende Herausforderung f\u00fcr Unternehmen in Deutschland. Das zeigt eine aktuelle Umfrage des Personaldienstleisters Hays unter 700 F\u00fchrungskr\u00e4ften: 56 Prozent nennen den Mangel an qualifizierten Mitarbeitenden als gr\u00f6\u00dftes Problem &#8211; deutlich vor hohen Energiekosten (46 %) und den technologischen Umbr\u00fcchen durch Digitalisierung und K\u00fcnstliche Intelligenz (je 36 %). &#8222;Der Fachkr\u00e4ftemangel ist l\u00e4ngst [&hellip;]<\/p>\n","protected":false},"author":192,"featured_media":6108,"comment_status":"closed","ping_status":"closed","sticky":false,"template":"","format":"standard","meta":{"_acf_changed":false,"footnotes":""},"categories":[110,112],"tags":[],"class_list":["post-9570","post","type-post","status-publish","format-standard","has-post-thumbnail","hentry","category-studien","category-neuigkeiten"],"acf":[],"_links":{"self":[{"href":"https:\/\/www.weiterbildungsmarkt.net\/news\/wp-json\/wp\/v2\/posts\/9570","targetHints":{"allow":["GET"]}}],"collection":[{"href":"https:\/\/www.weiterbildungsmarkt.net\/news\/wp-json\/wp\/v2\/posts"}],"about":[{"href":"https:\/\/www.weiterbildungsmarkt.net\/news\/wp-json\/wp\/v2\/types\/post"}],"author":[{"embeddable":true,"href":"https:\/\/www.weiterbildungsmarkt.net\/news\/wp-json\/wp\/v2\/users\/192"}],"replies":[{"embeddable":true,"href":"https:\/\/www.weiterbildungsmarkt.net\/news\/wp-json\/wp\/v2\/comments?post=9570"}],"version-history":[{"count":2,"href":"https:\/\/www.weiterbildungsmarkt.net\/news\/wp-json\/wp\/v2\/posts\/9570\/revisions"}],"predecessor-version":[{"id":9572,"href":"https:\/\/www.weiterbildungsmarkt.net\/news\/wp-json\/wp\/v2\/posts\/9570\/revisions\/9572"}],"wp:featuredmedia":[{"embeddable":true,"href":"https:\/\/www.weiterbildungsmarkt.net\/news\/wp-json\/wp\/v2\/media\/6108"}],"wp:attachment":[{"href":"https:\/\/www.weiterbildungsmarkt.net\/news\/wp-json\/wp\/v2\/media?parent=9570"}],"wp:term":[{"taxonomy":"category","embeddable":true,"href":"https:\/\/www.weiterbildungsmarkt.net\/news\/wp-json\/wp\/v2\/categories?post=9570"},{"taxonomy":"post_tag","embeddable":true,"href":"https:\/\/www.weiterbildungsmarkt.net\/news\/wp-json\/wp\/v2\/tags?post=9570"}],"curies":[{"name":"wp","href":"https:\/\/api.w.org\/{rel}","templated":true}]}}